{"id":203873,"date":"2026-01-14T09:50:08","date_gmt":"2026-01-14T09:50:08","guid":{"rendered":"https:\/\/www.europesays.com\/pl\/203873\/"},"modified":"2026-01-14T09:50:08","modified_gmt":"2026-01-14T09:50:08","slug":"nowe-fakty-o-tragicznym-pozarze-w-szwajcarii-zrobila-to-o-co-ja-proszono-onet-wiadomosci","status":"publish","type":"post","link":"https:\/\/www.europesays.com\/pl\/203873\/","title":{"rendered":"Nowe fakty o tragicznym po\u017carze w Szwajcarii. &quot;Zrobi\u0142a to, o co j\u0105 proszono&quot; &#8211; Onet Wiadomo\u015bci"},"content":{"rendered":"<ol>\n<li><a href=\"https:\/\/news.google.com\/rss\/articles\/CBMitAFBVV95cUxQcHZvb2xGYXRHcTNzek80bEZySWY2eVp3VzBwZEtoczF6YmNvVnJJam1YaE1BZWRBUDJfLU9OTW8wWlZFZ2cxblRIYzFkbXBERnM0SURFRE5QQ0YyMjdZZTQzZlFvU3UxYURZNTRKR1loNHRZZ3NPNFgxcDdGZS02UG05UnpSRGdaMG5iZ25POXdaX2NvaDlubTFpN0Y4Q0hHMEVpSENBRGNLeFJiSFpsUUVsbkY?oc=5\" target=\"_blank\" rel=\"nofollow noopener\">Nowe fakty o tragicznym po\u017carze w Szwajcarii. &#8222;Zrobi\u0142a to, o co j\u0105 proszono&#8221;<\/a>&nbsp;&nbsp;Onet Wiadomo\u015bci<\/li>\n<li><a href=\"https:\/\/news.google.com\/rss\/articles\/CBMi0wFBVV95cUxNMDI4YmVLZW1vTkZkVzZKRXM1QVVNN0FPMFZPNlJwaFRvclEyamk5N1ZneThqbFA5S3N4bW5PNUxwa3lHRFNUdUNiT1BZX09ReVNYVTRjaTN6dVBYeUFCUEJiLVF3Qng5OXk1OEdQN2lpdjE3WnNSR3lpVUFaRC1ZRnpiZ2hKVEp3VGZOQVlQRTJ3bldoQjg2ZDMzMUVhOWIxQ1NYc2JPdERGQkgweTNWeFQ3YjVQN3FPX29BbjZWYk5VOEk2T05ybHA2UDBSa1RBNWpv?oc=5\" target=\"_blank\" rel=\"nofollow noopener\">Po tragedii w Szwajcarii nagranie z jej udzia\u0142em obieg\u0142o ca\u0142y \u015bwiat. Kim by\u0142a kobieta w kasku, kt\u00f3ra nios\u0142a&#8230;<\/a>&nbsp;&nbsp;onet.pl<\/li>\n<li><a href=\"https:\/\/news.google.com\/rss\/articles\/CBMiowFBVV95cUxOU0VsWl9LdHh6SEpzYmVHNlkyVWRiQTVoc2l2WVc3V1RzMS1pQUJVQTl2eHFIekFodzFWVEY2UEdxWkZxWWFMcDVDRmV0NWJFUE5RLUJWZ3RySER0c3NwQl9JejBtejZrMEk4SmFpRFY4ZE9lUV9MdjBMYUhjQTVWdVp0SlcxTnoyUllLWHo4c2sxMl9XazluRFBxOG1OazdyNTV3?oc=5\" target=\"_blank\" rel=\"nofollow noopener\">Po\u017car w Crans-Montana: Kim by\u0142a kelnerka w kasku? Nowe ustalenia o Cyane Panine<\/a>&nbsp;&nbsp;Fakt<\/li>\n<li><a href=\"https:\/\/news.google.com\/rss\/articles\/CBMiwAFBVV95cUxNaHhVNTUyVTZWS3daMTdkZEtXM2dhdXdDQ2M4U3lHV1pUZ1hQQ0NVUEgyOXFlWnpzalZEVGVIaFRTLUJXZGNWUW9tSVJfR09lUU4wLUZkV2dsdHM2a1JudnJZWmtCaVRuSlJHaktQMmhXYmVzTG5ocGdHb0VNS0xFMDFTdUVValQ3NnE0WllfamlmZFRXbHNwYzhGTG1EV2tNWUJfM3R0Xzh4dEhPQ1k1TTVqY0kyeWdCSURmNDM3RjM?oc=5\" target=\"_blank\" rel=\"nofollow noopener\">Ranna w po\u017carze w Crans-Montanie lekarka walczy o \u017cycie w szpitalu. Ma apel<\/a>&nbsp;&nbsp;Medonet<\/li>\n<li><a href=\"https:\/\/news.google.com\/rss\/articles\/CBMinwFBVV95cUxPN2cwSVFESUFJRHA3ejNGVHdOUVJJNzdjd1RTYy10TVhaQXNZZkdnN3NVekE4RlFndFpTVmYtRGgxTWJ3ZG8xYkotWGdBY0xkTTFJc054eWRQa2lTa2dqM3ktRFRENllKeTAzSmV1b3FhUURUMGZfVnlsc2FXTk93TUZPalBqV0V3bW5nQXZXYzhnbTd4MERRcXItSjNjdEU?oc=5\" target=\"_blank\" rel=\"nofollow noopener\">Po\u017car w Crans-Montana. \u015aledztwo mo\u017ce obj\u0105\u0107 lokalne w\u0142adze<\/a>&nbsp;&nbsp;Polskie Radio 24<\/li>\n<\/ol>\n","protected":false},"excerpt":{"rendered":"Nowe fakty o tragicznym po\u017carze w Szwajcarii. &#8222;Zrobi\u0142a to, o co j\u0105 proszono&#8221;&nbsp;&nbsp;Onet Wiadomo\u015bci Po tragedii w Szwajcarii&hellip;\n","protected":false},"author":2,"featured_media":203874,"comment_status":"","ping_status":"","sticky":false,"template":"","format":"standard","meta":{"footnotes":"","_share_on_mastodon":"0"},"categories":[14],"tags":[32,33,27,39297,34,35,28,31,48,25,46,40,41,2148,47,511,80,12357,2238,29,30,26,82,83,84,2588],"class_list":["post-203873","post","type-post","status-publish","format-standard","has-post-thumbnail","category-swiat","tag-breaking-news","tag-breakingnews","tag-headlines","tag-kelnerka","tag-latest-news","tag-latestnews","tag-naglowki","tag-najwazniejsze-artykuly","tag-nat_styl","tag-news","tag-omp","tag-polish","tag-polski","tag-pozar","tag-screening_general","tag-smierc","tag-swiat","tag-sylwester","tag-szwajcaria","tag-top-stories","tag-topstories","tag-wiadomosci","tag-world","tag-world-news","tag-worldnews","tag-wypadek"],"share_on_mastodon":{"url":"https:\/\/pubeurope.com\/@pl\/115892835014788961","error":""},"_links":{"self":[{"href":"https:\/\/www.europesays.com\/pl\/wp-json\/wp\/v2\/posts\/203873","targetHints":{"allow":["GET"]}}],"collection":[{"href":"https:\/\/www.europesays.com\/pl\/wp-json\/wp\/v2\/posts"}],"about":[{"href":"https:\/\/www.europesays.com\/pl\/wp-json\/wp\/v2\/types\/post"}],"author":[{"embeddable":true,"href":"https:\/\/www.europesays.com\/pl\/wp-json\/wp\/v2\/users\/2"}],"replies":[{"embeddable":true,"href":"https:\/\/www.europesays.com\/pl\/wp-json\/wp\/v2\/comments?post=203873"}],"version-history":[{"count":0,"href":"https:\/\/www.europesays.com\/pl\/wp-json\/wp\/v2\/posts\/203873\/revisions"}],"wp:featuredmedia":[{"embeddable":true,"href":"https:\/\/www.europesays.com\/pl\/wp-json\/wp\/v2\/media\/203874"}],"wp:attachment":[{"href":"https:\/\/www.europesays.com\/pl\/wp-json\/wp\/v2\/media?parent=203873"}],"wp:term":[{"taxonomy":"category","embeddable":true,"href":"https:\/\/www.europesays.com\/pl\/wp-json\/wp\/v2\/categories?post=203873"},{"taxonomy":"post_tag","embeddable":true,"href":"https:\/\/www.europesays.com\/pl\/wp-json\/wp\/v2\/tags?post=203873"}],"curies":[{"name":"wp","href":"https:\/\/api.w.org\/{rel}","templated":true}]}}