{"id":203905,"date":"2026-01-14T10:06:09","date_gmt":"2026-01-14T10:06:09","guid":{"rendered":"https:\/\/www.europesays.com\/pl\/203905\/"},"modified":"2026-01-14T10:06:09","modified_gmt":"2026-01-14T10:06:09","slug":"szybko-poszlo-oto-gdzie-moze-trafic-xabi-alonso","status":"publish","type":"post","link":"https:\/\/www.europesays.com\/pl\/203905\/","title":{"rendered":"Szybko posz\u0142o. Oto gdzie mo\u017ce trafi\u0107 Xabi Alonso"},"content":{"rendered":"<p class=\"art_paragraph\">Do czasu pa\u017adziernikowego zwyci\u0119stwa <a href=\"https:\/\/www.sport.pl\/real-madryt#anchorLink\" rel=\"nofollow noopener\" target=\"_blank\">Realu Madryt<\/a> w El Clasico wydawa\u0142o si\u0119, \u017ce Xabi Alonso ma nad wszystkim kontrol\u0119. Ale potem zesp\u00f3\u0142 by\u0142 coraz bardziej niestabilny, coraz wi\u0119cej m\u00f3wi\u0142o si\u0119 o tarciach w szatni na linii najwi\u0119ksze gwiazdy &#8211; trener. Real straci\u0142 pozycj\u0119 lidera w La Lidze. Do tego dosz\u0142a pora\u017cka w Superpucharze Hiszpanii. Dzie\u0144 p\u00f3\u017aniej pojawi\u0142 si\u0119 komunikat &#8211; Real i Xabi Alonso ko\u0144cz\u0105 wsp\u00f3\u0142prac\u0119 za porozumieniem stron.<\/p>\n<p>\n    Zobacz wideo Papszun szczerze o transferach do Legii: Trudno powiedzie\u0107&#8230;\n  <\/p>\n<p class=\"art_paragraph\">Dla wielu odej\u015bcie Xabiego Alonso to by\u0142o zaskoczenie. W Realu do\u015b\u0107 d\u0142ugo czekano na jego przyj\u015bcie, ale w\u0142a\u015bciwie nie zd\u0105\u017cy\u0142 rozwin\u0105\u0107 zespo\u0142u. W efekcie po\u017cegna\u0142 si\u0119 z Madrytem po zaledwie siedmiu miesi\u0105cach. Kulisy pracy Hiszpana i jego odej\u015bcia s\u0105 niejasne. Z jednej strony s\u0105 g\u0142osy o wrzeniu w szatni i coraz wi\u0119kszej liczbie pi\u0142karzy, kt\u00f3ra by\u0142a przeciwko trenerowi. Z drugiej oni sami zaprzeczaj\u0105 temu, \u017ce mieli z\u0142e relacje z Alonso. Do tego nie wiadomo, kto podj\u0105\u0142 decyzj\u0119 ws. odej\u015bcia &#8211; czy to sam Alonso zrezygnowa\u0142, czy mo\u017ce zwolni\u0142 go Florentino Perez.<\/p>\n<p class=\"art_paragraph\">W ka\u017cdym razie ostatnie trudniejsze tygodnie w Realu nie pozwoli\u0142y zatrze\u0107 wcze\u015bniejszego bardzo dobrego wra\u017cenia, jakie robi\u0142 Alonso jako trener. Wszyscy te\u017c pami\u0119taj\u0105 jego dokonania w Bayerze Leverkusen. To wci\u0105\u017c do\u015b\u0107 m\u0142ody trener (44 lata) i powinien jeszcze pokaza\u0107 sw\u00f3j potencja\u0142.<\/p>\n<p> Tam mo\u017ce trafi\u0107 Xabi Alonso<\/p>\n<p class=\"art_paragraph\"><a href=\"https:\/\/as.com\/futbol\/internacional\/xabi-y-ahora-que-f202601-n\/\" class=\"art_link\" rel=\"nofollow noopener\" target=\"_blank\">Zdaniem madryckiego dziennika &#8222;AS&#8221;<\/a> s\u0105 trzy kluby, do kt\u00f3rych Xabi Alonso wkr\u00f3tce m\u00f3g\u0142by trafi\u0107. Mowa o samych gigantach, w tym dw\u00f3ch z Premier League. Pierwszym jest Liverpool. Tam pozycja Arne Slota wci\u0105\u017c nie jest pewna i to mimo tego, \u017ce prze\u0142ama\u0142 na dobre seri\u0119 pora\u017cek. Od ko\u0144ca wrze\u015bnia do ko\u0144ca listopada &#8222;<a href=\"https:\/\/www.sport.pl\/liverpool#anchorLink\" rel=\"nofollow noopener\" target=\"_blank\">The Reds<\/a>&#8221; przegrali a\u017c dziewi\u0119\u0107 spotka\u0144. Teraz notuj\u0105 seri\u0119 11 <a href=\"https:\/\/www.sport.pl\/mecz#anchorLink\" rel=\"nofollow noopener\" target=\"_blank\">mecz\u00f3w<\/a> bez pora\u017cki. Niewykluczone, \u017ce przy kolejnej serii potkni\u0119\u0107 Holender zostanie zwolniony, nie b\u0119dzie mia\u0142 ju\u017c zaufania szatni i zarz\u0105du. Dla Alonso to by\u0142by powr\u00f3t na Anfield &#8211; gra\u0142 w Liverpoolu w latach 2004-2009, wygra\u0142 Lig\u0119 Mistrz\u00f3w w 2005 r.<\/p>\n<p class=\"art_paragraph\">Jako drugie potencjalne miejsce pracy Alonso wskazuje si\u0119 Manchester City. Pep Guardiola ma szykowa\u0107 si\u0119 do odej\u015bcia &#8211; po tym sezonie lub nast\u0119pnym, kiedy wyga\u015bnie jego umowa. &#8222;<a href=\"https:\/\/www.sport.pl\/manchester-city#anchorLink\" rel=\"nofollow noopener\" target=\"_blank\">The Citizens<\/a>&#8221; ju\u017c musz\u0105 my\u015ble\u0107 o jego nast\u0119pcy. Mo\u017ce by\u0107 nim w\u0142a\u015bnie Alonso, cho\u0107 dotychczas faworytem brytyjskich medi\u00f3w by\u0142 Enzo Maresca, zwolniony w Nowy Rok z <a href=\"https:\/\/www.sport.pl\/chelsea#anchorLink\" rel=\"nofollow noopener\" target=\"_blank\">Chelsea<\/a>.<\/p>\n<p class=\"art_paragraph\">&#8222;AS&#8221; przekonuje, \u017ce trzecim zainteresowanym mo\u017ce by\u0107 Bayern Monachium. Bawarczycy chcieli ju\u017c Alonso w 2024 r. jako nast\u0119pc\u0105 Thomasa Tuchela, ale w\u00f3wczas Hiszpan zdecydowa\u0142 si\u0119 na pozostanie w Bayerze. Do dzi\u015b jest bardzo ceniony w Monachium. Alonso pewnie by\u0142by opcj\u0105 w momencie, kiedy Vincent Kompany wpad\u0142by w powa\u017cniejszy kryzys, z kt\u00f3rego nie m\u00f3g\u0142by wyj\u015b\u0107. Ale pod wodz\u0105 Belga Bayern dzia\u0142a jak perfekcyjnie naoliwiona maszyna. Ma spor\u0105 przewag\u0119 w Bundeslidze, jest wiceliderem fazy zasadniczej Ligi Mistrz\u00f3w, po drodze pokona\u0142 Paris Saint-Germain. Dlatego powr\u00f3t do Niemiec wydaje si\u0119 by\u0107 ma\u0142o prawdopodobny.<\/p>\n<p class=\"art_paragraph\">Zobacz te\u017c: <a href=\"https:\/\/www.sport.pl\/pilka\/7,65082,32526145,szokujace-doniesienia-z-madrytu-to-wtedy-alonso-nie-wytrzymal.html\" class=\"art_link\" rel=\"dofollow noopener\" target=\"_blank\">Szokuj\u0105ce doniesienia z Madrytu. To wtedy Alonso nie wytrzyma\u0142. &#8222;Przedszkole&#8221;<\/a><\/p>\n<p class=\"art_paragraph\">&#8211; Prze\u017cy\u0142 bardzo trudny okres, ale Xabi wkr\u00f3tce znajdzie now\u0105 prac\u0119. My\u015bl\u0119, \u017ce on o tym wie &#8211; stwierdzi\u0142 Steve McManaman, by\u0142y pi\u0142karz Realu i Liverpoolu, kt\u00f3rego cytuje &#8222;AS&#8221;.<\/p>\n<p class=\"art_paragraph\">Xabi Alonso poprowadzi\u0142 Real Madryt w 34 meczach &#8211; wygra\u0142 24 z nich, cztery zremisowa\u0142 i sze\u015b\u0107 przegra\u0142.<\/p>\n","protected":false},"excerpt":{"rendered":"Do czasu pa\u017adziernikowego zwyci\u0119stwa Realu Madryt w El Clasico wydawa\u0142o si\u0119, \u017ce Xabi Alonso ma nad wszystkim kontrol\u0119.&hellip;\n","protected":false},"author":2,"featured_media":144343,"comment_status":"","ping_status":"","sticky":false,"template":"","format":"standard","meta":{"footnotes":""},"categories":[5],"tags":[32,33,36,37,27,34,35,28,31,25,42,38,40,39,41,29,30,26],"class_list":{"0":"post-203905","1":"post","2":"type-post","3":"status-publish","4":"format-standard","5":"has-post-thumbnail","7":"category-naglowki","8":"tag-breaking-news","9":"tag-breakingnews","10":"tag-featured-news","11":"tag-featurednews","12":"tag-headlines","13":"tag-latest-news","14":"tag-latestnews","15":"tag-naglowki","16":"tag-najwazniejsze-artykuly","17":"tag-news","18":"tag-pl","19":"tag-poland","20":"tag-polish","21":"tag-polska","22":"tag-polski","23":"tag-top-stories","24":"tag-topstories","25":"tag-wiadomosci"},"share_on_mastodon":{"url":"https:\/\/pubeurope.com\/@pl\/115892898024656838","error":""},"_links":{"self":[{"href":"https:\/\/www.europesays.com\/pl\/wp-json\/wp\/v2\/posts\/203905","targetHints":{"allow":["GET"]}}],"collection":[{"href":"https:\/\/www.europesays.com\/pl\/wp-json\/wp\/v2\/posts"}],"about":[{"href":"https:\/\/www.europesays.com\/pl\/wp-json\/wp\/v2\/types\/post"}],"author":[{"embeddable":true,"href":"https:\/\/www.europesays.com\/pl\/wp-json\/wp\/v2\/users\/2"}],"replies":[{"embeddable":true,"href":"https:\/\/www.europesays.com\/pl\/wp-json\/wp\/v2\/comments?post=203905"}],"version-history":[{"count":0,"href":"https:\/\/www.europesays.com\/pl\/wp-json\/wp\/v2\/posts\/203905\/revisions"}],"wp:featuredmedia":[{"embeddable":true,"href":"https:\/\/www.europesays.com\/pl\/wp-json\/wp\/v2\/media\/144343"}],"wp:attachment":[{"href":"https:\/\/www.europesays.com\/pl\/wp-json\/wp\/v2\/media?parent=203905"}],"wp:term":[{"taxonomy":"category","embeddable":true,"href":"https:\/\/www.europesays.com\/pl\/wp-json\/wp\/v2\/categories?post=203905"},{"taxonomy":"post_tag","embeddable":true,"href":"https:\/\/www.europesays.com\/pl\/wp-json\/wp\/v2\/tags?post=203905"}],"curies":[{"name":"wp","href":"https:\/\/api.w.org\/{rel}","templated":true}]}}