{"id":203912,"date":"2026-01-14T10:10:07","date_gmt":"2026-01-14T10:10:07","guid":{"rendered":"https:\/\/www.europesays.com\/pl\/203912\/"},"modified":"2026-01-14T10:10:07","modified_gmt":"2026-01-14T10:10:07","slug":"chce-mieszkac-w-lokalu-po-rodzicach-domagaja-sie-od-niej-200-tys-zl","status":"publish","type":"post","link":"https:\/\/www.europesays.com\/pl\/203912\/","title":{"rendered":"Chce mieszka\u0107 w lokalu po rodzicach. Domagaj\u0105 si\u0119 od niej 200 tys. z\u0142"},"content":{"rendered":"<p>Konflikt pomi\u0119dzy Ew\u0105 K. a\u00a0Sp\u00f3\u0142dzielni\u0105 Mieszkaniow\u0105 w\u00a0<a href=\"https:\/\/finanse.wp.pl\/tag\/krak%C3%B3w\" rel=\"noopener noreferrer nofollow\" target=\"_blank\">Krakowie<\/a> rozpocz\u0105\u0142 si\u0119 w\u00a02006 r. Kobieta stara\u0142a si\u0119 o\u00a0uzyskanie cz\u0142onkostwa oraz sp\u00f3\u0142dzielczego prawa do mieszkania po zmar\u0142ych rodzicach. Cho\u0107 uzyska\u0142a cz\u0142onkostwo, sp\u00f3\u0142dzielnia odm\u00f3wi\u0142a jej prawa do lokalu, stawiaj\u0105c warunek przyst\u0105pienia do post\u0119powania spadkowego i\u00a0wniesienia wk\u0142adu mieszkaniowego wynosz\u0105cego 200 tys. z\u0142.<\/p>\n<p>Powo\u0142ano si\u0119 na ustaw\u0119 o\u00a0sp\u00f3\u0142dzielniach mieszkaniowych, w\u00a0kt\u00f3rej przewidziano konieczno\u015b\u0107 wp\u0142acenia wk\u0142adu jako formy uczestnictwa w\u00a0kosztach budowy budynku mieszkalnego. Sp\u00f3\u0142dzielcze lokatorskie prawo wygasa wprawdzie z\u00a0chwil\u0105 \u015bmierci, ale osoby bliskie mog\u0105 ubiega\u0107 si\u0119 o\u00a0jego przej\u0119cie w\u00a0ci\u0105gu pierwszego roku. <\/p>\n<p>Pow\u00f3dka nie mia\u0142a mo\u017cliwo\u015bci pokrycia tak wysokiej kwoty, co spowodowa\u0142o przed\u0142u\u017cenie sporu. W\u00a02011 r. przeprowadzono post\u0119powanie spadkowe, w\u00a0wyniku kt\u00f3rego Ewa K. uzyska\u0142a zaledwie 15 proc. wierzytelno\u015bci. Jej postanowienie o\u00a0zobowi\u0105zaniu sp\u00f3\u0142dzielni do przyznania prawa do lokalu zosta\u0142o jednak odrzucone przez S\u0105d Okr\u0119gowy oraz <a href=\"https:\/\/finanse.wp.pl\/tag\/s%C4%85d%20apelacyjny\" rel=\"noopener noreferrer nofollow\" target=\"_blank\">S\u0105d Apelacyjny<\/a>. Stanowisko by\u0142o klarowne: pow\u00f3dka musi spe\u0142ni\u0107 wymagania finansowe, by sp\u00f3\u0142dzielnia mog\u0142a wyp\u0142aci\u0107 udzia\u0142y pozosta\u0142ym spadkobiercom.<\/p>\n<p>Pe\u0142nomocnik Ewy K. zwr\u00f3ci\u0142 uwag\u0119 na to, \u017ce sp\u00f3\u0142dzielnia nadu\u017cywa swojej pozycji, stawiaj\u0105c warunki nieprzewidziane prawem, prolonguj\u0105c tym samym ca\u0142e post\u0119powanie. Wed\u0142ug niego, wymaganie przez sp\u00f3\u0142dzielni\u0119 wp\u0142aty wk\u0142adu jest nieuzasadnionym wzbogaceniem. Wyrok w\u00a0tej sprawie zosta\u0142 odroczony. Najbli\u017csza rozprawa Izby Cywilnej S\u0105du Najwy\u017cszego ma odby\u0107 si\u0119 5\u00a0lutego &#8211;\u00a0donosi serwis. <\/p>\n","protected":false},"excerpt":{"rendered":"Konflikt pomi\u0119dzy Ew\u0105 K. a\u00a0Sp\u00f3\u0142dzielni\u0105 Mieszkaniow\u0105 w\u00a0Krakowie rozpocz\u0105\u0142 si\u0119 w\u00a02006 r. Kobieta stara\u0142a si\u0119 o\u00a0uzyskanie cz\u0142onkostwa oraz sp\u00f3\u0142dzielczego&hellip;\n","protected":false},"author":2,"featured_media":203913,"comment_status":"","ping_status":"","sticky":false,"template":"","format":"standard","meta":{"footnotes":""},"categories":[16],"tags":[113,112,42,38,40,39,41],"class_list":{"0":"post-203912","1":"post","2":"type-post","3":"status-publish","4":"format-standard","5":"has-post-thumbnail","7":"category-biznes","8":"tag-biznes","9":"tag-business","10":"tag-pl","11":"tag-poland","12":"tag-polish","13":"tag-polska","14":"tag-polski"},"share_on_mastodon":{"url":"https:\/\/pubeurope.com\/@pl\/115892913720922276","error":""},"_links":{"self":[{"href":"https:\/\/www.europesays.com\/pl\/wp-json\/wp\/v2\/posts\/203912","targetHints":{"allow":["GET"]}}],"collection":[{"href":"https:\/\/www.europesays.com\/pl\/wp-json\/wp\/v2\/posts"}],"about":[{"href":"https:\/\/www.europesays.com\/pl\/wp-json\/wp\/v2\/types\/post"}],"author":[{"embeddable":true,"href":"https:\/\/www.europesays.com\/pl\/wp-json\/wp\/v2\/users\/2"}],"replies":[{"embeddable":true,"href":"https:\/\/www.europesays.com\/pl\/wp-json\/wp\/v2\/comments?post=203912"}],"version-history":[{"count":0,"href":"https:\/\/www.europesays.com\/pl\/wp-json\/wp\/v2\/posts\/203912\/revisions"}],"wp:featuredmedia":[{"embeddable":true,"href":"https:\/\/www.europesays.com\/pl\/wp-json\/wp\/v2\/media\/203913"}],"wp:attachment":[{"href":"https:\/\/www.europesays.com\/pl\/wp-json\/wp\/v2\/media?parent=203912"}],"wp:term":[{"taxonomy":"category","embeddable":true,"href":"https:\/\/www.europesays.com\/pl\/wp-json\/wp\/v2\/categories?post=203912"},{"taxonomy":"post_tag","embeddable":true,"href":"https:\/\/www.europesays.com\/pl\/wp-json\/wp\/v2\/tags?post=203912"}],"curies":[{"name":"wp","href":"https:\/\/api.w.org\/{rel}","templated":true}]}}