{"id":203916,"date":"2026-01-14T10:12:10","date_gmt":"2026-01-14T10:12:10","guid":{"rendered":"https:\/\/www.europesays.com\/pl\/203916\/"},"modified":"2026-01-14T10:12:10","modified_gmt":"2026-01-14T10:12:10","slug":"ustrzyki-dolne-pijany-15-latek-lezal-w-zaspie-widac-bylo-tylko-swiatlo","status":"publish","type":"post","link":"https:\/\/www.europesays.com\/pl\/203916\/","title":{"rendered":"Ustrzyki Dolne. Pijany 15-latek le\u017ca\u0142 w zaspie. Wida\u0107 by\u0142o tylko \u015bwiat\u0142o"},"content":{"rendered":"<p>Do niebezpiecznej sytuacji dosz\u0142o we wtorek oko\u0142o 20:00 w rejonie ulicy Fabrycznej w Ustrzykach Dolnych (woj. podkarpackie).\u00a0Patroluj\u0105cy teren policjanci zauwa\u017cyli \u015bwiat\u0142o wydobywaj\u0105ce si\u0119 z zaspy \u015bnie\u017cnej.\u00a0<\/p>\n<p>\u00a0<\/p>\n<p>Funkcjonariusze postanowili zatrzyma\u0107 radiow\u00f3z, aby sprawdzi\u0107, co si\u0119 dzieje. Okaza\u0142o si\u0119, i\u017c w \u015bniegu le\u017cy 15-latek. Ch\u0142opak by\u0142 mocno wyzi\u0119biony, a na zewn\u0105trz panowa\u0142a ujemna temperatura.<\/p>\n<p>Ustrzyki Dolne. Policjanci uratowali ch\u0142opca, by\u0142 wyzi\u0119biony i pijany<\/p>\n<p>Mundurowi pomogli nastolatkowi. Nie by\u0142 on w stanie si\u0119 porusza\u0107 i racjonalnie m\u00f3wi\u0107. W oczekiwaniu na przyjazd karetki pogotowia policjanci okryli go foli\u0105 termiczn\u0105 i umie\u015bcili ch\u0142opaka w radiowozie.<\/p>\n<p>\u00a0<\/p>\n<p>ZOBACZ: <a href=\"https:\/\/www.polsatnews.pl\/wiadomosc\/2026-01-06\/policjanci-musieli-wywarzyc-drzwi-w-srodku-rodzice-i-zwloki-niemowlaka\/\" rel=\"nofollow noopener\" target=\"_blank\">Policjanci musieli wywa\u017cy\u0107 drzwi. W \u015brodku rodzice i zw\u0142oki niemowlaka<\/a><\/p>\n<p>\u00a0<\/p>\n<p>Po przybyciu ratownik\u00f3w medycznych na miejsce okaza\u0142o si\u0119, \u017ce 15-latek jest &#8222;pod wp\u0142ywem&#8221;. W w organizmie mia\u0142 blisko dwa promile alkoholu.<\/p>\n<p>\u00a0<\/p>\n<p>O incydencie zostali natychmiast powiadomieni rodzice ch\u0142opca. Trafi\u0142 on do szpitala na obserwacj\u0119. Komenda Powiatowa Policji w Ustrzykach Dolnych przekaza\u0142a w komunikacie, \u017ce sprawa zostanie skierowana do s\u0105du rodzinnego.<\/p>\n<p>Ujemna temperatura mo\u017ce by\u0107 niebezpieczna. Apel policji<\/p>\n<p>Policjanci zaapelowali do obywateli, \u017ceby w okresie ujemnych temperatur zwracali oni uwag\u0119 na osoby, kt\u00f3rym grozi niebezpiecze\u0144stwo na dworze. Chodzi zw\u0142aszcza o osoby nieletnie i spo\u017cywaj\u0105ce alkohol.<\/p>\n<p>\u00a0<\/p>\n<p>ZOBACZ: <a href=\"https:\/\/www.polsatnews.pl\/wiadomosc\/2025-12-26\/zaginal-podczas-koledowania-policjanci-uratowali-zycie-17-latkowi\/\" rel=\"nofollow noopener\" target=\"_blank\">Zagin\u0105\u0142 podczas kol\u0119dowania. Policjanci uratowali \u017cycie 17-latkowi<\/a><\/p>\n<p>\u00a0<\/p>\n<p>&#8222;Policjanci apeluj\u0105 o reagowanie w sytuacjach, gdy zauwa\u017camy osoby zagro\u017cone wych\u0142odzeniem, szczeg\u00f3lnie w okresie zimowym. Wystarczy jeden telefon na numer alarmowy 112, by uratowa\u0107 czyje\u015b \u017cycie. Je\u017celi wiemy, \u017ce osoba nieletnia spo\u017cywa alkohol, kto\u015b ma problem z jego nadu\u017cywaniem lub przebywa w warunkach zagra\u017caj\u0105cych zdrowiu, nale\u017cy niezw\u0142ocznie poinformowa\u0107 odpowiednie s\u0142u\u017cby&#8221; &#8211; czytamy w apelu ustrzyckiej policji.<\/p>\n<p>\u00a0<\/p>\n<p>Widzia\u0142e\u015b co\u015b wa\u017cnego? Przy\u015blij zdj\u0119cie, film lub napisz, co si\u0119 sta\u0142o. Skorzystaj z naszej <a href=\"https:\/\/www.polsatnews.pl\/platforma-widzow\/\" target=\"_blank\" rel=\"noopener noreferrer nofollow\">Wrzutni<\/a><\/p>\n<p>                <img decoding=\"async\" src=\"https:\/\/www.europesays.com\/pl\/wp-content\/uploads\/2026\/01\/9tdbzwyit2dk95e5uxh4xihxfo94zk49.jpg\" alt=\"\" itemprop=\"contentUrl\" style=\"position:absolute; width: 100%; max-height: 100%;\"\/><video controls=\"\" controlslist=\"nodownload\" poster=\"https:\/\/www.europesays.com\/pl\/wp-content\/uploads\/2026\/01\/9tdbzwyit2dk95e5uxh4xihxfo94zk49.jpg\" class=\"videoPlayer player6856667 news__video\" data-id=\"6856667\">Twoja przegl\u0105darka nie wspiera odtwarzacza wideo&#8230;<\/video><\/p>\n<p>                <a class=\"news__read-more-button\" href=\"https:\/\/www.polsatnews.pl\/\" rel=\"nofollow noopener\" target=\"_blank\">Czytaj wi\u0119cej<\/a><\/p>\n","protected":false},"excerpt":{"rendered":"Do niebezpiecznej sytuacji dosz\u0142o we wtorek oko\u0142o 20:00 w rejonie ulicy Fabrycznej w Ustrzykach Dolnych (woj. podkarpackie).\u00a0Patroluj\u0105cy teren&hellip;\n","protected":false},"author":2,"featured_media":203917,"comment_status":"","ping_status":"","sticky":false,"template":"","format":"standard","meta":{"footnotes":""},"categories":[12],"tags":[32,33,36,37,27,34,35,28,31,25,42,38,40,39,41,29,30,26],"class_list":{"0":"post-203916","1":"post","2":"type-post","3":"status-publish","4":"format-standard","5":"has-post-thumbnail","7":"category-polska","8":"tag-breaking-news","9":"tag-breakingnews","10":"tag-featured-news","11":"tag-featurednews","12":"tag-headlines","13":"tag-latest-news","14":"tag-latestnews","15":"tag-naglowki","16":"tag-najwazniejsze-artykuly","17":"tag-news","18":"tag-pl","19":"tag-poland","20":"tag-polish","21":"tag-polska","22":"tag-polski","23":"tag-top-stories","24":"tag-topstories","25":"tag-wiadomosci"},"share_on_mastodon":{"url":"https:\/\/pubeurope.com\/@pl\/115892921582438781","error":""},"_links":{"self":[{"href":"https:\/\/www.europesays.com\/pl\/wp-json\/wp\/v2\/posts\/203916","targetHints":{"allow":["GET"]}}],"collection":[{"href":"https:\/\/www.europesays.com\/pl\/wp-json\/wp\/v2\/posts"}],"about":[{"href":"https:\/\/www.europesays.com\/pl\/wp-json\/wp\/v2\/types\/post"}],"author":[{"embeddable":true,"href":"https:\/\/www.europesays.com\/pl\/wp-json\/wp\/v2\/users\/2"}],"replies":[{"embeddable":true,"href":"https:\/\/www.europesays.com\/pl\/wp-json\/wp\/v2\/comments?post=203916"}],"version-history":[{"count":0,"href":"https:\/\/www.europesays.com\/pl\/wp-json\/wp\/v2\/posts\/203916\/revisions"}],"wp:featuredmedia":[{"embeddable":true,"href":"https:\/\/www.europesays.com\/pl\/wp-json\/wp\/v2\/media\/203917"}],"wp:attachment":[{"href":"https:\/\/www.europesays.com\/pl\/wp-json\/wp\/v2\/media?parent=203916"}],"wp:term":[{"taxonomy":"category","embeddable":true,"href":"https:\/\/www.europesays.com\/pl\/wp-json\/wp\/v2\/categories?post=203916"},{"taxonomy":"post_tag","embeddable":true,"href":"https:\/\/www.europesays.com\/pl\/wp-json\/wp\/v2\/tags?post=203916"}],"curies":[{"name":"wp","href":"https:\/\/api.w.org\/{rel}","templated":true}]}}