{"id":203918,"date":"2026-01-14T10:13:14","date_gmt":"2026-01-14T10:13:14","guid":{"rendered":"https:\/\/www.europesays.com\/pl\/203918\/"},"modified":"2026-01-14T10:13:14","modified_gmt":"2026-01-14T10:13:14","slug":"viki-gabor-skrytykowana-za-wystep-w-tvn-w-jej-obronie-stanal-partner","status":"publish","type":"post","link":"https:\/\/www.europesays.com\/pl\/203918\/","title":{"rendered":"Viki Gabor skrytykowana za wyst\u0119p w TVN. W jej obronie stan\u0105\u0142 partner"},"content":{"rendered":"<p>Ten post chcia\u0142bym jednak po\u015bwi\u0119ci\u0107 samej Viki oraz tematowi krytyki i hejtu, z kt\u00f3rym arty\u015bci &#8211; a ostatnio tak\u017ce ona &#8211; musz\u0105 si\u0119 mierzy\u0107 w internecie. Nie jest mi \u0142atwo przyjmowa\u0107 komplementy, kiedy moja partnerka sceniczna do\u015bwiadcza przykro\u015bci w sieci. Rozumiem, \u017ce ka\u017cdy z nas ma inny gust &#8211; i to jest absolutnie naturalne. Ale warto rozr\u00f3\u017cni\u0107 krytyk\u0119 od ocen, kt\u00f3re nic nie wnosz\u0105. Dla mnie krytyka ma sens wtedy, gdy odnosi si\u0119 do konkretnych element\u00f3w: czy kto\u015b \u015bpiewa czysto, czy ma dobr\u0105 dykcj\u0119, czy jest w rytmie i groovie, jak operuje dynamik\u0105, jak frazuje, jak interpretuje tekst. Natomiast komentarze typu: &#8222;beznadzieja&#8221;, &#8222;nie umie \u015bpiewa\u0107&#8221;, &#8222;nie da si\u0119 tego s\u0142ucha\u0107&#8221;, albo odnoszenie si\u0119 do czyjego\u015b wygl\u0105du, nie s\u0105 krytyk\u0105. S\u0105 tylko ranieniem drugiego cz\u0142owieka i nie wnosz\u0105 absolutnie nic<\/p>\n<p>&#8211; czytamy.<\/p>\n","protected":false},"excerpt":{"rendered":"Ten post chcia\u0142bym jednak po\u015bwi\u0119ci\u0107 samej Viki oraz tematowi krytyki i hejtu, z kt\u00f3rym arty\u015bci &#8211; a ostatnio&hellip;\n","protected":false},"author":2,"featured_media":203919,"comment_status":"","ping_status":"","sticky":false,"template":"","format":"standard","meta":{"footnotes":""},"categories":[5],"tags":[32,33,36,37,27,34,35,28,31,25,42,38,40,39,41,29,30,26],"class_list":{"0":"post-203918","1":"post","2":"type-post","3":"status-publish","4":"format-standard","5":"has-post-thumbnail","7":"category-naglowki","8":"tag-breaking-news","9":"tag-breakingnews","10":"tag-featured-news","11":"tag-featurednews","12":"tag-headlines","13":"tag-latest-news","14":"tag-latestnews","15":"tag-naglowki","16":"tag-najwazniejsze-artykuly","17":"tag-news","18":"tag-pl","19":"tag-poland","20":"tag-polish","21":"tag-polska","22":"tag-polski","23":"tag-top-stories","24":"tag-topstories","25":"tag-wiadomosci"},"share_on_mastodon":{"url":"https:\/\/pubeurope.com\/@pl\/115892925559845564","error":""},"_links":{"self":[{"href":"https:\/\/www.europesays.com\/pl\/wp-json\/wp\/v2\/posts\/203918","targetHints":{"allow":["GET"]}}],"collection":[{"href":"https:\/\/www.europesays.com\/pl\/wp-json\/wp\/v2\/posts"}],"about":[{"href":"https:\/\/www.europesays.com\/pl\/wp-json\/wp\/v2\/types\/post"}],"author":[{"embeddable":true,"href":"https:\/\/www.europesays.com\/pl\/wp-json\/wp\/v2\/users\/2"}],"replies":[{"embeddable":true,"href":"https:\/\/www.europesays.com\/pl\/wp-json\/wp\/v2\/comments?post=203918"}],"version-history":[{"count":0,"href":"https:\/\/www.europesays.com\/pl\/wp-json\/wp\/v2\/posts\/203918\/revisions"}],"wp:featuredmedia":[{"embeddable":true,"href":"https:\/\/www.europesays.com\/pl\/wp-json\/wp\/v2\/media\/203919"}],"wp:attachment":[{"href":"https:\/\/www.europesays.com\/pl\/wp-json\/wp\/v2\/media?parent=203918"}],"wp:term":[{"taxonomy":"category","embeddable":true,"href":"https:\/\/www.europesays.com\/pl\/wp-json\/wp\/v2\/categories?post=203918"},{"taxonomy":"post_tag","embeddable":true,"href":"https:\/\/www.europesays.com\/pl\/wp-json\/wp\/v2\/tags?post=203918"}],"curies":[{"name":"wp","href":"https:\/\/api.w.org\/{rel}","templated":true}]}}