{"id":203956,"date":"2026-01-14T10:33:11","date_gmt":"2026-01-14T10:33:11","guid":{"rendered":"https:\/\/www.europesays.com\/pl\/203956\/"},"modified":"2026-01-14T10:33:11","modified_gmt":"2026-01-14T10:33:11","slug":"malo-kto-o-tym-wie-juz-dzis-kontroluja-umowy-i-orzekaja-o-zmianach","status":"publish","type":"post","link":"https:\/\/www.europesays.com\/pl\/203956\/","title":{"rendered":"Ma\u0142o kto o tym wie. Ju\u017c dzi\u015b kontroluj\u0105 umowy i orzekaj\u0105 o zmianach"},"content":{"rendered":"\n<p>Premier Donald Tusk poinformowa\u0142 na pocz\u0105tku stycznia, \u017ce<a href=\"https:\/\/www.money.pl\/gospodarka\/premier-zdecydowal-koniec-prac-nad-reforma-panstwowej-inspekcji-pracy-7240762042837504a.html\" rel=\"noopener noreferrer nofollow\" target=\"_blank\"> rz\u0105d nie b\u0119dzie wdra\u017ca\u0142 reformy PIP zaproponowanej przez resort rodziny, pracy i\u00a0polityki spo\u0142ecznej<\/a>. Projekt zak\u0142ada\u0142 nadanie inspektorom uprawnie\u0144 do przekszta\u0142cania &#8211;\u00a0wskutek oceny po kontroli &#8211;\u00a0um\u00f3w cywilnoprawnych w\u00a0umowy o\u00a0prac\u0119. Szef rz\u0105du przyzna\u0142, \u017ce s\u0105 to zbyt dalece id\u0105ce uprawnienia, ws\u0142uchuj\u0105c si\u0119 w\u00a0uwagi zg\u0142aszane przez pracodawc\u00f3w. Wezwa\u0142 te\u017c resort kierowany przez Agnieszk\u0119 Dziemianowicz-B\u0105k (Lewica) do przygotowania nowego projektu.<\/p>\n<p>Przekszta\u0142canie um\u00f3w. Chodzi nie tylko o\u00a0PIP <\/p>\n<p>Wiceminister pracy Sebastian Gajewski (Lewica) przyzna\u0142 w\u00a0\u015brod\u0119 w\u00a0RMF FM, \u017ce jego resort razem z\u00a0Ministerstwem Sprawiedliwo\u015bci oraz Ministerstwem Funduszy i\u00a0Polityki Regionalnej pracuj\u0105 nad now\u0105 wersj\u0105 projektu dotycz\u0105cego reformy PIP. <\/p>\n<p>Ma\u0142o kto wie, \u017ce jest ju\u017c instytucja, kt\u00f3ra mo\u017ce kwestionowa\u0107 zasadno\u015b\u0107 danych um\u00f3w i\u00a0przy potwierdzeniu uchybie\u0144 mo\u017ce wp\u0142ywa\u0107 na ich przekszta\u0142cenie. Uprawnienia ma w\u00a0tej materii Zak\u0142ad Ubezpiecze\u0144 Spo\u0142ecznych. Grzegorz Dyjak z\u00a0biura prasowego ZUS t\u0142umaczy, \u017ce kontrole um\u00f3w zatrudnionych Zak\u0142ad prowadzi w zakresie ubezpiecze\u0144 spo\u0142ecznych przez p\u0142atnik\u00f3w sk\u0142adek. <\/p>\n<p> <img role=\"presentation\" class=\"absolute left-1\/2 top-1\/2 max-h-[80%] max-w-[100px] -translate-x-1\/2 -translate-y-1\/2\" src=\"https:\/\/v.wpimg.pl\/ZXJfd3AudTkrBBIAbg54LGhcRlAxHQUrPgJGH2MAeGJoSQ1eIBI_K2UHAEVuBTY5KQMMXC0RPyoVERQdMgM9ejc\" loading=\"lazy\" decoding=\"async\"\/><\/p>\n<p>&#8222;Najpodlejsze raczysko tocz\u0105ce t\u0119 bran\u017c\u0119&#8221;. Restaurator ujawnia powa\u017cny problem <\/p>\n<blockquote><p>Zakres przedmiotowy kontroli obejmuje zagadnienia zwi\u0105zane z\u00a0ochron\u0105 ubezpieczeniow\u0105 os\u00f3b zatrudnionych przez p\u0142atnik\u00f3w sk\u0142adek oraz obowi\u0105zkami p\u0142atnik\u00f3w sk\u0142adek w\u00a0zakresie rozlicze\u0144 z\u00a0Zak\u0142adem. (&#8230;) ZUS prowadzi r\u00f3wnie\u017c kontrole dora\u017ane, kt\u00f3rych zakres okre\u015blany jest bezpo\u015brednio przez oddzia\u0142y Zak\u0142adu stosownie do bie\u017c\u0105cych potrzeb, wynikaj\u0105cych m. in. ze zg\u0142osze\u0144 sygnalnych czy informacji przekazanych przez inne organy, w\u00a0tym Pa\u0144stwow\u0105 Inspekcj\u0119 Pracy, kt\u00f3re wskazuj\u0105 na uchybienia w\u00a0zakresie realizacji obowi\u0105zk\u00f3w p\u0142atnika sk\u0142adek &#8211;\u00a0m\u00f3wi nam Grzegorz Dyjak, z\u00a0biura prasowego ZUS<\/p><\/blockquote>\n<p>Celem takich kontroli jest ocena tego, czy pracodawca wywi\u0105zuje si\u0119 z\u00a0op\u0142acania sk\u0142adek w\u00a0zakresie ubezpiecze\u0144 spo\u0142ecznych. Grzegorz Dyjak zaznacza przy tym, \u017ce nadz\u00f3r i\u00a0kontrol\u0119 przestrzegania prawa pracy sprawuje Pa\u0144stwowa Inspekcja Pracy. &#8211;\u00a0Maj\u0105c na uwadze powy\u017csze przepisy prawa, ustalenie czy praca powinna by\u0107 wykonywana w\u00a0ramach umowy o\u00a0prac\u0119 nale\u017cy do PIP &#8211;\u00a0wyja\u015bnia.<\/p>\n<p> <img role=\"presentation\" class=\"absolute left-1\/2 top-1\/2 max-h-[80%] max-w-[100px] -translate-x-1\/2 -translate-y-1\/2\" src=\"https:\/\/v.wpimg.pl\/ZXJfd3AudTkrBBIAbg54LGhcRlAxHQUrPgJGH2MAeGJoSQ1eIBI_K2UHAEVuBTY5KQMMXC0RPyoVERQdMgM9ejc\" loading=\"lazy\" decoding=\"async\"\/> <a href=\"https:\/\/www.money.pl\/gospodarka\/etat-przestaje-byc-standardem-rynek-pracy-wchodzi-w-nowa-ere-7243241740188128a.html\" class=\"teaser-inline\" rel=\"nofollow noopener\" target=\"_blank\">  <img decoding=\"async\" src=\"https:\/\/www.europesays.com\/pl\/wp-content\/uploads\/2026\/01\/MzI1OGRmYhsoUzl0fRZvDmsLbS47T2FYPBN1ZX1cf0J5SWAhOwEoCCxBIGk1HzgKKEY_aSIBYhs5WGAxY0IpEzpBIyYrQigXK1Qr.jpeg\" width=\"0\" height=\"0\" loading=\"lazy\" class=\"wp-media-image cropped\" alt=\"Etat przestaje by\u0107 standardem. Rynek pracy wchodzi w now\u0105 er\u0119\"\/><\/p>\n<p>Etat przestaje by\u0107 standardem. Rynek pracy wchodzi w now\u0105 er\u0119<\/p>\n<p><\/a> <\/p>\n<p>Dzia\u0142ania ZUS wi\u0105\u017c\u0105 si\u0119 z ustaleniem prawid\u0142owego tytu\u0142u do ubezpiecze\u0144, co nie jest to\u017csame z\u00a0ustaleniem stosunku pracy. Jak wyja\u015bnia przedstawiciel ZUS, co do istoty uprawniony jest do tego w\u0142a\u015bciwy s\u0105d prawa pracy i\u00a0ubezpiecze\u0144 spo\u0142ecznych. <\/p>\n<blockquote><p>Ustalenie prawid\u0142owego tytu\u0142u do ubezpiecze\u0144 spo\u0142ecznych oraz wysoko\u015bci sk\u0142adek na te ubezpieczenia, nie oznaczaj\u0105 powstania stosunku pracy pomi\u0119dzy pracodawc\u0105 a\u00a0pracownikiem. ZUS nie posiada uprawnie\u0144 do wydania nakazu zawarcia w\u0142a\u015bciwej umowy (np. umowy o\u00a0prac\u0119) lub wyst\u0119powania z\u00a0wnioskiem do s\u0105du o\u00a0ustalenie stosunku pracy. Skutkiem dzia\u0142a\u0144 Zak\u0142adu Ubezpiecze\u0144 Spo\u0142ecznych jest dokonanie w\u0142a\u015bciwego zg\u0142oszenia do ubezpiecze\u0144 spo\u0142ecznych z\u00a0prawid\u0142owym kodem tytu\u0142u ubezpieczenia &#8211;\u00a0wyja\u015bnia biuro prasowe ZUS<\/p><\/blockquote>\n<p> <img role=\"presentation\" class=\"absolute left-1\/2 top-1\/2 max-h-[80%] max-w-[100px] -translate-x-1\/2 -translate-y-1\/2\" src=\"https:\/\/v.wpimg.pl\/ZXJfd3AudTkrBBIAbg54LGhcRlAxHQUrPgJGH2MAeGJoSQ1eIBI_K2UHAEVuBTY5KQMMXC0RPyoVERQdMgM9ejc\" loading=\"lazy\" decoding=\"async\"\/> <\/p>\n<p>Zak\u0142ad podkre\u015bla, \u017ce dla cel\u00f3w ubezpiecze\u0144 spo\u0142ecznych, niekt\u00f3re grupy ubezpieczonych traktuje si\u0119 na r\u00f3wni z\u00a0pracownikami. Wspomina w\u00a0tym miejscu umowa cywilnoprawne zawarta z\u00a0podmiotem trzecim a\u00a0wykonywane na rzecz w\u0142asnego pracodawcy. &#8211;\u00a0W\u00f3wczas przych\u00f3d z\u00a0tytu\u0142u umowy cywilnoprawnej jest traktowany jak przychody ze stosunku pracy i\u00a0jest wliczany do podstawy wymiaru sk\u0142adek z\u00a0tytu\u0142u umowy o\u00a0prac\u0119 &#8211;\u00a0wyja\u015bnia Grzegorz Dyjak. <\/p>\n<p>Realnie decyzje inspektor\u00f3w PIP nie maj\u0105 mocy przekszta\u0142cania um\u00f3w wstecz, ale u\u0142atwiaj\u0105 ZUS prac\u0119. &#8211;\u00a0Na tej podstawie ZUS mo\u017ce wszcz\u0105\u0107 w\u0142asne post\u0119powanie i\u00a0wyda\u0107 decyzj\u0119 o\u00a0podleganiu ubezpieczeniom spo\u0142ecznym &#8211;\u00a0m\u00f3wi\u0142a &#8222;Gazecie Wyborczej&#8221; Katarzyna Kalata, radczyni prawna w\u00a0Kancelarii Kalata.<\/p>\n<p>Ekspert prawa pracy Andrzej Radzis\u0142aw przyzna\u0142 w\u00a0rozmowie z\u00a0Polsk\u0105 Agencj\u0105 Prasow\u0105, \u017ce przepisy zawarte w\u00a0spornym projekcie ustawy o\u00a0PIP w\u00a0praktyce ju\u017c dzi\u015b obowi\u0105zuj\u0105.\u2013 Orzecznictwo s\u0105dowe posz\u0142o w\u00a0tym kierunku, \u017ce uznaje si\u0119, i\u017c ZUS de facto mo\u017ce kwestionowa\u0107 rodzaj zawartej umowy. Na przyk\u0142ad podczas kontroli inspektor ZUS dochodzi do wniosku, \u017ce osoba realizuj\u0105ca umow\u0119 o\u00a0dzie\u0142o w\u00a0rzeczywisto\u015bci wykonuje umow\u0119 zlecenia, a\u00a0wi\u0119c podlega ubezpieczeniom \u2013\u00a0powiedzia\u0142 ekspert.<\/p>\n<p> <img role=\"presentation\" class=\"absolute left-1\/2 top-1\/2 max-h-[80%] max-w-[100px] -translate-x-1\/2 -translate-y-1\/2\" src=\"https:\/\/v.wpimg.pl\/ZXJfd3AudTkrBBIAbg54LGhcRlAxHQUrPgJGH2MAeGJoSQ1eIBI_K2UHAEVuBTY5KQMMXC0RPyoVERQdMgM9ejc\" loading=\"lazy\" decoding=\"async\"\/> <a href=\"https:\/\/www.money.pl\/gospodarka\/nowe-zasady-zwolnien-lekarskich-zus-tlumaczy-co-sie-zmieni-7242874680252928a.html\" class=\"teaser-inline\" rel=\"nofollow noopener\" target=\"_blank\">  <img decoding=\"async\" src=\"https:\/\/www.europesays.com\/pl\/wp-content\/uploads\/2026\/01\/N2RjY2ZkYVMzCC8BdRBsRnBQe1szSWIQJ0hjEHVafApiEnZUMwcrQDcaNhw9GTtCMx0pHCoHYVMiA3ZEa0QqWyEaNVMjRCtfMA89.jpeg\" width=\"0\" height=\"0\" loading=\"lazy\" class=\"wp-media-image cropped\" alt=\"Nowe zasady zwolnie\u0144 lekarskich. ZUS t\u0142umaczy, co si\u0119 zmieni\"\/><\/p>\n<p>Nowe zasady zwolnie\u0144 lekarskich. ZUS t\u0142umaczy, co si\u0119 zmieni<\/p>\n<p><\/a> <\/p>\n<p>I przypomnia\u0142, \u017ce po wsp\u00f3lnych dzia\u0142aniach PIP i\u00a0ZUS zapad\u0142 ju\u017c wyrok prowadz\u0105cy do przekszta\u0142cenia umowy B2B w\u00a0etat. Wyda\u0142 go w\u00a02024 r. S\u0105d Okr\u0119gowy w\u00a0\u0141odzi. &#8222;Osoba, kt\u00f3ra zawar\u0142a umow\u0119 B2B, po pewnym czasie zakwestionowa\u0142a jej charakter i\u00a0z\u0142o\u017cy\u0142a skarg\u0119 do Pa\u0144stwowej Inspekcji Pracy. PIP ustali\u0142a, \u017ce w\u00a0istocie powinna to by\u0107 umowa o\u00a0prac\u0119, jednak nie mia\u0142a narz\u0119dzi, by doprowadzi\u0107 do jej przekszta\u0142cenia. Poinformowa\u0142a natomiast ZUS, kt\u00f3ry wyda\u0142 decyzj\u0119, \u017ce dana osoba podlega ubezpieczeniom jako pracownik. Decyzj\u0119 t\u0119 s\u0105d podtrzyma\u0142&#8221; &#8211;\u00a0poda\u0142a PAP.<\/p>\n<p>Bart\u0142omiej Chudy, dziennikarz i\u00a0wydawca money.pl<\/p>\n","protected":false},"excerpt":{"rendered":"Premier Donald Tusk poinformowa\u0142 na pocz\u0105tku stycznia, \u017ce rz\u0105d nie b\u0119dzie wdra\u017ca\u0142 reformy PIP zaproponowanej przez resort rodziny,&hellip;\n","protected":false},"author":2,"featured_media":203957,"comment_status":"","ping_status":"","sticky":false,"template":"","format":"standard","meta":{"footnotes":""},"categories":[12],"tags":[32,33,36,37,27,34,35,28,31,25,42,38,40,39,41,29,30,26],"class_list":{"0":"post-203956","1":"post","2":"type-post","3":"status-publish","4":"format-standard","5":"has-post-thumbnail","7":"category-polska","8":"tag-breaking-news","9":"tag-breakingnews","10":"tag-featured-news","11":"tag-featurednews","12":"tag-headlines","13":"tag-latest-news","14":"tag-latestnews","15":"tag-naglowki","16":"tag-najwazniejsze-artykuly","17":"tag-news","18":"tag-pl","19":"tag-poland","20":"tag-polish","21":"tag-polska","22":"tag-polski","23":"tag-top-stories","24":"tag-topstories","25":"tag-wiadomosci"},"share_on_mastodon":{"url":"https:\/\/pubeurope.com\/@pl\/115893004387288192","error":""},"_links":{"self":[{"href":"https:\/\/www.europesays.com\/pl\/wp-json\/wp\/v2\/posts\/203956","targetHints":{"allow":["GET"]}}],"collection":[{"href":"https:\/\/www.europesays.com\/pl\/wp-json\/wp\/v2\/posts"}],"about":[{"href":"https:\/\/www.europesays.com\/pl\/wp-json\/wp\/v2\/types\/post"}],"author":[{"embeddable":true,"href":"https:\/\/www.europesays.com\/pl\/wp-json\/wp\/v2\/users\/2"}],"replies":[{"embeddable":true,"href":"https:\/\/www.europesays.com\/pl\/wp-json\/wp\/v2\/comments?post=203956"}],"version-history":[{"count":0,"href":"https:\/\/www.europesays.com\/pl\/wp-json\/wp\/v2\/posts\/203956\/revisions"}],"wp:featuredmedia":[{"embeddable":true,"href":"https:\/\/www.europesays.com\/pl\/wp-json\/wp\/v2\/media\/203957"}],"wp:attachment":[{"href":"https:\/\/www.europesays.com\/pl\/wp-json\/wp\/v2\/media?parent=203956"}],"wp:term":[{"taxonomy":"category","embeddable":true,"href":"https:\/\/www.europesays.com\/pl\/wp-json\/wp\/v2\/categories?post=203956"},{"taxonomy":"post_tag","embeddable":true,"href":"https:\/\/www.europesays.com\/pl\/wp-json\/wp\/v2\/tags?post=203956"}],"curies":[{"name":"wp","href":"https:\/\/api.w.org\/{rel}","templated":true}]}}