{"id":204011,"date":"2026-01-14T11:01:09","date_gmt":"2026-01-14T11:01:09","guid":{"rendered":"https:\/\/www.europesays.com\/pl\/204011\/"},"modified":"2026-01-14T11:01:09","modified_gmt":"2026-01-14T11:01:09","slug":"nowy-sondaz-o-marcie-nawrockiej-zaskakuje-tak-polacy-ocenili-pierwsza-dame-onet-wiadomosci","status":"publish","type":"post","link":"https:\/\/www.europesays.com\/pl\/204011\/","title":{"rendered":"Nowy sonda\u017c o Marcie Nawrockiej zaskakuje. Tak Polacy ocenili pierwsz\u0105 dam\u0119 &#8211; Onet Wiadomo\u015bci"},"content":{"rendered":"<ol>\n<li><a href=\"https:\/\/news.google.com\/rss\/articles\/CBMipgFBVV95cUxOYU0ycmhvMnFtVE5kSkhZX0FWNjR3ODE4V00zTjVidF9RUUh5MlY0QXhTeEdQc3QxU1NXcC11ckpDdWdGUWFqRlRaVUZLWTVwTm5PV1BHVzFOcFIzdHVlN25SbHJRalpBRUpUX0k3dTItYWRCdjlXM2ZwY25naEwtRUVadVkyek1wVFpEWkdDenV4SndMY1UwY3R0RmduQmQtamtycmV3?oc=5\" target=\"_blank\" rel=\"nofollow noopener\">Nowy sonda\u017c o Marcie Nawrockiej zaskakuje. Tak Polacy ocenili pierwsz\u0105 dam\u0119<\/a>&nbsp;&nbsp;Onet Wiadomo\u015bci<\/li>\n<li><a href=\"https:\/\/news.google.com\/rss\/articles\/CBMixAFBVV95cUxNcHpHakdtcERwWkhEeUJqM3lVSWt0VzRMRUM0ek4xb1hXVW02QUFqT2lxTDAxVUdraDJ1anZjVVBHSXEwOUVnS1BxSHYzWkFLZmJ3X3VZTEN1NnZ6X1F2d1BJQjJ1REJjb3Qzb1daa0d5MWtLOU1CMDFzWEk4d3VObkkzNzg5cFNGTWpOQ3Q0VEdOZkxvM0wwcnE2T3huRXlYZ1dTYXF3ZkRGQlNBcEl3bnFvQm9iSXhXSzRjR1o4RHIyOE5F?oc=5\" target=\"_blank\" rel=\"nofollow noopener\">Polacy ocenili dzia\u0142alno\u015b\u0107 pierwszej damy. O Marcie Nawrockiej przewa\u017ca jedna opinia<\/a>&nbsp;&nbsp;PolsatNews.pl<\/li>\n<li><a href=\"https:\/\/news.google.com\/rss\/articles\/CBMinwFBVV95cUxOTlViRm1yUXA1M2ZFRG5xRHRUcldWeFZJWnFrMU9uVWt3dlRzZ29zNC1POWN5andwWnQwa2FNWFhaV3FsdEwyQnlnTU1EYzM4VGRncFVrUEgzbmJYalNoMEJQbHVUd2pGa0txNFZMV0dOR2xaSFJyM0RIUEVoeGdGbU5kbzN6NzRNcWtUeWdqdHhZSnY2UjNudDN6eGhFQm8?oc=5\" target=\"_blank\" rel=\"nofollow noopener\">44 proc. Polak\u00f3w pozytywnie o pierwszej damie. Jest sonda\u017c<\/a>&nbsp;&nbsp;Business Insider Polska<\/li>\n<li><a href=\"https:\/\/news.google.com\/rss\/articles\/CBMioAFBVV95cUxPQUNSVmpkVmVLNklHUlFnRFpYZFZxaTVUYXYwX25rSlZDOW1pVFRUc0QzU2xjMVBlRG5peU9xY3ZHbE9pYW8yQjQxYnVkZy1TTXJnclhEa0MzWl9UaEw1cDdPa0xFRi0zN25VMTJtVUNIWDFubnI1WTRGRFZHeFloRnhvajV5VXFuS3lXdXFWYmJqX1hRTmNvV2p5dDNBOHlK0gGcAUFVX3lxTE9zcDIyZlNWX3UwV21QUENYblZHZGRlQTEyU3g3anh5dk9KRl9aeTlRZmVISWs5N2N3QjlzQ3E5RWxCb2dOaUdOYU5YQ21Eb3V1NFUxYWgwNUxLUVo3aV9oUlJCRzRNaEZKSHE2N0JsWE1WY3RVYUNNX2FVTVVoc0FIZ2JiUUNiNWh1ZF9yNVJLZjFNVThEdUdxOUNaYw?oc=5\" target=\"_blank\" rel=\"nofollow noopener\">Sonda\u017c: Jak Polacy oceniaj\u0105 Mart\u0119 Nawrock\u0105 jako pierwsz\u0105 dam\u0119?<\/a>&nbsp;&nbsp;Do Rzeczy<\/li>\n<li><a href=\"https:\/\/news.google.com\/rss\/articles\/CBMitgFBVV95cUxQcUQwSUxVYUl5WEhJNHRaMGdjUDZ1TGFmZ0VtTkVSeGw5b0Q5aVhaSjhNRjJhSVV6Mnd3ODlya1FuT3NFQUdNUXFwNTc4SFJZekZCMnoxWkJ6TTYyc2NYR3dIOEJtZkVYNjBCalk0Y29zbFBUYnIweXRoZC1JeHVtTmJMc1AxTEZHSjhtTWN4RWJvdjJ1ekI5S19NSEZLVHdfRG9EX2QxNnowbDBSMTVsOEpLa2w2QdIBtAFBVV95cUxNNUpoSDdZUHNzVlI3S2VzUnNuaEpQRHRUbm9Ib1ZJZFVKMVJKdGphM3pWekplaWRKZm5CWHppQUd3UmVxZWFVQ1ZiMlZlYXpXLU90bDZ4WC0zTWJuQ0NjenBueTRCOTNEREdHekVJaFpObTNlQ3haTjVSZGc0YlAxVUlIbVYtUTVwYVBzQktUSEdCRy1RUEpXU0c1WG1Mb3h3UnBfQXNXUTZFWk9tT1g3QVlJQWQ?oc=5\" target=\"_blank\" rel=\"nofollow noopener\">Marta Nawrocka jako pierwsza dama. Polacy zabrali g\u0142os w najnowszym sonda\u017cu<\/a>&nbsp;&nbsp;Wprost<\/li>\n<\/ol>\n","protected":false},"excerpt":{"rendered":"Nowy sonda\u017c o Marcie Nawrockiej zaskakuje. Tak Polacy ocenili pierwsz\u0105 dam\u0119&nbsp;&nbsp;Onet Wiadomo\u015bci Polacy ocenili dzia\u0142alno\u015b\u0107 pierwszej damy. O&hellip;\n","protected":false},"author":2,"featured_media":204012,"comment_status":"","ping_status":"","sticky":false,"template":"","format":"standard","meta":{"footnotes":""},"categories":[12],"tags":[32,33,36,37,27,49,34,35,1661,28,31,48,25,46,17998,42,38,40,39,41,47,231,29,30,26],"class_list":{"0":"post-204011","1":"post","2":"type-post","3":"status-publish","4":"format-standard","5":"has-post-thumbnail","7":"category-polska","8":"tag-breaking-news","9":"tag-breakingnews","10":"tag-featured-news","11":"tag-featurednews","12":"tag-headlines","13":"tag-kraj","14":"tag-latest-news","15":"tag-latestnews","16":"tag-marta_nawrocka","17":"tag-naglowki","18":"tag-najwazniejsze-artykuly","19":"tag-nat_styl","20":"tag-news","21":"tag-omp","22":"tag-pierwsza_dama","23":"tag-pl","24":"tag-poland","25":"tag-polish","26":"tag-polska","27":"tag-polski","28":"tag-screening_general","29":"tag-sondaze","30":"tag-top-stories","31":"tag-topstories","32":"tag-wiadomosci"},"share_on_mastodon":{"url":"","error":""},"_links":{"self":[{"href":"https:\/\/www.europesays.com\/pl\/wp-json\/wp\/v2\/posts\/204011","targetHints":{"allow":["GET"]}}],"collection":[{"href":"https:\/\/www.europesays.com\/pl\/wp-json\/wp\/v2\/posts"}],"about":[{"href":"https:\/\/www.europesays.com\/pl\/wp-json\/wp\/v2\/types\/post"}],"author":[{"embeddable":true,"href":"https:\/\/www.europesays.com\/pl\/wp-json\/wp\/v2\/users\/2"}],"replies":[{"embeddable":true,"href":"https:\/\/www.europesays.com\/pl\/wp-json\/wp\/v2\/comments?post=204011"}],"version-history":[{"count":0,"href":"https:\/\/www.europesays.com\/pl\/wp-json\/wp\/v2\/posts\/204011\/revisions"}],"wp:featuredmedia":[{"embeddable":true,"href":"https:\/\/www.europesays.com\/pl\/wp-json\/wp\/v2\/media\/204012"}],"wp:attachment":[{"href":"https:\/\/www.europesays.com\/pl\/wp-json\/wp\/v2\/media?parent=204011"}],"wp:term":[{"taxonomy":"category","embeddable":true,"href":"https:\/\/www.europesays.com\/pl\/wp-json\/wp\/v2\/categories?post=204011"},{"taxonomy":"post_tag","embeddable":true,"href":"https:\/\/www.europesays.com\/pl\/wp-json\/wp\/v2\/tags?post=204011"}],"curies":[{"name":"wp","href":"https:\/\/api.w.org\/{rel}","templated":true}]}}