{"id":204021,"date":"2026-01-14T11:06:06","date_gmt":"2026-01-14T11:06:06","guid":{"rendered":"https:\/\/www.europesays.com\/pl\/204021\/"},"modified":"2026-01-14T11:06:06","modified_gmt":"2026-01-14T11:06:06","slug":"wzrost-sprzedazy-w-sieci-biedronka-wlasciciel-ujawnia-nowe-wyniki","status":"publish","type":"post","link":"https:\/\/www.europesays.com\/pl\/204021\/","title":{"rendered":"Wzrost sprzeda\u017cy w sieci Biedronka. W\u0142a\u015bciciel ujawnia nowe wyniki"},"content":{"rendered":"\n<p>&#13;<br \/>\nWst\u0119pne wyniki wskazuj\u0105, \u017ce\u00a0sprzeda\u017c w\u00a0sklepach por\u00f3wnywalnych (like-for-like, LFL) liczona w\u00a0z\u0142otych wzros\u0142a w\u00a0tym okresie o\u00a02,4 proc. r\/r. &#13;\n<\/p>\n<p>&#13;<br \/>\nW ca\u0142ym 2025\u00a0r. sprzeda\u017c w\u00a0sieci Biedronka wzros\u0142a og\u00f3\u0142em, liczona w\u00a0z\u0142otych, o\u00a05,9 proc. r\/r, za\u015b\u00a0w\u00a0euro odnotowa\u0142a wzrost o\u00a07,5 proc. r\/r do\u00a025,34 mld euro. Sprzeda\u017c w\u00a0sklepach por\u00f3wnywalnych (like-for-like, LFL) liczona w\u00a0z\u0142otych wzros\u0142a w\u00a02025\u00a0r. o\u00a01,9 proc. r\/r, podano. &#13;\n<\/p>\n<p>Sprzeda\u017c produkt\u00f3w za\u00a0miliardy euro <\/p>\n<p>&#13;<br \/>\n&#8222;W\u00a0roku, w\u00a0kt\u00f3rym obchodzi\u0142a 30-lecie istnienia, <a href=\"https:\/\/dorzeczy.pl\/ekonomia\/815009\/vouchery-dla-pracownikow-biedronki-siec-dyskontow-wyda-ok-76-mln-zl.html\" rel=\"nofollow noopener\" target=\"_blank\">sie\u0107 Biedronka utrzyma\u0142a<\/a> swoj\u0105 siln\u0105 dynamik\u0119 i\u00a0pozycj\u0119 lidera cenowego, jednocze\u015bnie pracuj\u0105c nad rozwojem asortymentu i\u00a0rozbudow\u0105 sieci sklep\u00f3w. W\u00a02025\u00a0r., bazuj\u0105c na\u00a0wyj\u0105tkowych i\u00a0sta\u0142ych wynikach przewy\u017cszaj\u0105cych wyniki rynku w\u00a0ostatnich latach, sprzeda\u017c w\u00a0walucie lokalnej wzros\u0142a o\u00a05,9 proc., a\u00a0LFL wzros\u0142o o\u00a01,9 proc. W\u00a0euro sprzeda\u017c osi\u0105gn\u0119\u0142a 25,3 mld, co\u00a0stanowi wzrost o\u00a07,5 proc. w\u00a0por\u00f3wnaniu z\u00a02024\u00a0r. jeszcze bardziej wzmacniaj\u0105c udzia\u0142 w\u00a0rynku&#8221; \u2013\u00a0czytamy w\u00a0komunikacie. &#13;\n<\/p>\n<p>&#13;<br \/>\n&#8222;W\u00a0IV kw. sprzeda\u017c w\u00a0walucie lokalnej wzros\u0142a o\u00a06,1 proc., a\u00a0LFL o\u00a02,4 proc. W\u00a0euro sprzeda\u017c osi\u0105gn\u0119\u0142a 6,6 mld, co\u00a0stanowi wzrost o\u00a07,9 proc. w\u00a0por\u00f3wnaniu z\u00a0IV kw. 2024\u00a0r. W\u00a0ostatnim kwartale roku sie\u0107 odnotowa\u0142a niewielk\u0105 deflacj\u0119 koszyka, g\u0142\u00f3wnie ze\u00a0wzgl\u0119du na\u00a0znaczn\u0105 ekspozycj\u0119 na\u00a0kategorie, w\u00a0kt\u00f3rych ceny rynkowe uleg\u0142y modyfikacji, a\u00a0tak\u017ce zintensyfikowan\u0105 dzia\u0142alno\u015b\u0107 promocyjn\u0105, kt\u00f3ra przyczyni\u0142a si\u0119 do\u00a0znacznego wzrostu wolumenu sprzeda\u017cy, co\u00a0prze\u0142o\u017cy\u0142o si\u0119 na\u00a0solidne wyniki w\u00a0tym kwartale&#8221; \u2013\u00a0podano tak\u017ce. &#13;\n<\/p>\n<p>&#13;<br \/>\nBiedronka zrealizowa\u0142a plan ekspansji zgodnie z\u00a0harmonogramem, otwieraj\u0105c w\u00a0ci\u0105gu roku 181 nowych sklep\u00f3w (152 netto) i\u00a0przebudowuj\u0105c 200 plac\u00f3wek, wskazano dalej. &#13;\n<\/p>\n<p>Biedronka na\u00a0rynku e-commerce<\/p>\n<p>&#13;<br \/>\nDzia\u0142alno\u015b\u0107 w\u00a0zakresie ultraszybkich dostaw e-commerce (Q-commerce), prowadzona pod\u00a0mark\u0105 Biek, zako\u0144czy\u0142a rok z\u00a028 mikrocentrami logistycznymi, z\u00a0kt\u00f3rych 5\u00a0zosta\u0142o otwartych w\u00a02025 roku, wskazano tak\u017ce. &#13;\n<\/p>\n<p>&#13;<br \/>\n&#8222;W\u00a0ramach ambitnego planu inwestycyjnego zrealizowanego w\u00a0ci\u0105gu roku chcia\u0142bym zwr\u00f3ci\u0107 uwag\u0119 na\u00a0rozpocz\u0119cie internacjonalizacji sieci Biedronka poprzez wej\u015bcie na\u00a0rynek s\u0142owacki, gdzie otworzyli\u015bmy 15 sklep\u00f3w i\u00a0centrum dystrybucyjne&#8221; \u2013\u00a0zaznaczy\u0142 CEO Pedro Soares dos Santos, cytowany w\u00a0materiale. &#13;\n<\/p>\n<p>&#13;<br \/>\nNa koniec grudnia 2025\u00a0r. sie\u0107 Biedronka w\u00a0Polsce liczy\u0142a 3882 plac\u00f3wki wobec 3730 plac\u00f3wek w\u00a02024\u00a0r. \u0141\u0105czna powierzchnia sklep\u00f3w wynios\u0142a 2,79 mln m2 na\u00a0koniec grudnia 2025\u00a0r. wobec 2,67 mln m2 na\u00a0koniec grudnia 2024\u00a0r., podano tak\u017ce. &#13;\n<\/p>\n<p>&#13;<br \/>\nCzytaj te\u017c:<br \/><a href=\"https:\/\/dorzeczy.pl\/ekonomia\/805509\/burgery-serowe-drwala-w-biedronce-siec-dyskontow-rywalizuje-z-mcdonalds.html\" rel=\"follow nofollow noopener\" data-schema=\"DORZECZY\" data-image=\"https:\/\/img.dorzeczy.pl\/_thumb\/d8\/e1\/5731bce57c4af845ee4c4ce8cee7.jpeg\" target=\"_blank\">Biedronka chce rywalizowa\u0107 z\u00a0McDonald&#8217;s. Nowy produkt<\/a>Czytaj te\u017c:<br \/><a href=\"https:\/\/dorzeczy.pl\/kraj\/805482\/pilny-apel-lidla-i-biedronki-nie-spozywaj-i-zwroc-do-sklepu.html\" rel=\"follow nofollow noopener\" data-schema=\"DORZECZY\" data-image=\"https:\/\/img.dorzeczy.pl\/_thumb\/96\/47\/99ff60a1114e8eb03fa6ff72f230.jpeg\" target=\"_blank\">Pilny apel Lidla i\u00a0Biedronki. &#8222;Nie spo\u017cywaj i\u00a0zwr\u00f3\u0107 do\u00a0sklepu&#8221;<\/a>&#13;<\/p>\n","protected":false},"excerpt":{"rendered":"&#13; Wst\u0119pne wyniki wskazuj\u0105, \u017ce\u00a0sprzeda\u017c w\u00a0sklepach por\u00f3wnywalnych (like-for-like, LFL) liczona w\u00a0z\u0142otych wzros\u0142a w\u00a0tym okresie o\u00a02,4 proc. r\/r. &#13;&hellip;\n","protected":false},"author":2,"featured_media":204022,"comment_status":"","ping_status":"","sticky":false,"template":"","format":"standard","meta":{"footnotes":""},"categories":[16],"tags":[1528,113,112,98,105,49,42,38,40,39,41,11574,1133,80,4112],"class_list":{"0":"post-204021","1":"post","2":"type-post","3":"status-publish","4":"format-standard","5":"has-post-thumbnail","7":"category-biznes","8":"tag-biedronka","9":"tag-biznes","10":"tag-business","11":"tag-dorzeczy","12":"tag-ekonomia","13":"tag-kraj","14":"tag-pl","15":"tag-poland","16":"tag-polish","17":"tag-polska","18":"tag-polski","19":"tag-siec","20":"tag-sprzedaz","21":"tag-swiat","22":"tag-wyniki"},"share_on_mastodon":{"url":"https:\/\/pubeurope.com\/@pl\/115893133856907727","error":""},"_links":{"self":[{"href":"https:\/\/www.europesays.com\/pl\/wp-json\/wp\/v2\/posts\/204021","targetHints":{"allow":["GET"]}}],"collection":[{"href":"https:\/\/www.europesays.com\/pl\/wp-json\/wp\/v2\/posts"}],"about":[{"href":"https:\/\/www.europesays.com\/pl\/wp-json\/wp\/v2\/types\/post"}],"author":[{"embeddable":true,"href":"https:\/\/www.europesays.com\/pl\/wp-json\/wp\/v2\/users\/2"}],"replies":[{"embeddable":true,"href":"https:\/\/www.europesays.com\/pl\/wp-json\/wp\/v2\/comments?post=204021"}],"version-history":[{"count":0,"href":"https:\/\/www.europesays.com\/pl\/wp-json\/wp\/v2\/posts\/204021\/revisions"}],"wp:featuredmedia":[{"embeddable":true,"href":"https:\/\/www.europesays.com\/pl\/wp-json\/wp\/v2\/media\/204022"}],"wp:attachment":[{"href":"https:\/\/www.europesays.com\/pl\/wp-json\/wp\/v2\/media?parent=204021"}],"wp:term":[{"taxonomy":"category","embeddable":true,"href":"https:\/\/www.europesays.com\/pl\/wp-json\/wp\/v2\/categories?post=204021"},{"taxonomy":"post_tag","embeddable":true,"href":"https:\/\/www.europesays.com\/pl\/wp-json\/wp\/v2\/tags?post=204021"}],"curies":[{"name":"wp","href":"https:\/\/api.w.org\/{rel}","templated":true}]}}