{"id":204105,"date":"2026-01-14T11:49:09","date_gmt":"2026-01-14T11:49:09","guid":{"rendered":"https:\/\/www.europesays.com\/pl\/204105\/"},"modified":"2026-01-14T11:49:09","modified_gmt":"2026-01-14T11:49:09","slug":"julia-tymoszenko-byla-premier-ukrainy-z-zarzutami-o-korupcje-akcja-sluzb","status":"publish","type":"post","link":"https:\/\/www.europesays.com\/pl\/204105\/","title":{"rendered":"Julia Tymoszenko. By\u0142a premier Ukrainy z zarzutami o korupcj\u0119. Akcja s\u0142u\u017cb"},"content":{"rendered":"<p>Narodowe Biuro Antykorupcyjne Ukrainy (NABU) oraz Specjalna Prokuratura Antykorupcyjna (SAP) powiadomi\u0142y we wtorek wieczorem o wykryciu korupcji w\u015br\u00f3d kierownictwa jednej z frakcji parlamentu. \u0179r\u00f3d\u0142a &#8222;Ukrai\u0144skiej Prawdy&#8221; podaj\u0105, \u017ce chodzi o Juli\u0119 Tymoszenko.<\/p>\n<p>\u00a0<\/p>\n<p>ZOBACZ: <a href=\"https:\/\/www.polsatnews.pl\/wiadomosc\/2025-12-01\/maja-pewne-problemy-trump-mowil-o-wplywie-afery-w-ukrainie-na-rozmowy-pokojowe\/\" rel=\"nofollow noopener\" target=\"_blank\">&#8222;Maj\u0105 pewne problemy&#8221;. Trump m\u00f3wi\u0142 o wp\u0142ywie afery w Ukrainie na rozmowy pokojowe<\/a><\/p>\n<p>\u00a0<\/p>\n<p>Agencja Interfax-Ukraina u\u015bci\u015bli\u0142a, \u017ce zarzuty wobec by\u0142ej premier Ukrainy maj\u0105 zwi\u0105zek z pr\u00f3b\u0105 przekupienia szeregu parlamentarzyst\u00f3w, aby uzyska\u0107 okre\u015blone wyniki g\u0142osowania w Radzie Najwy\u017cszej. W \u015brod\u0119 rano Tymoszenko potwierdzi\u0142a w sieci fakt przeprowadzenia przeszuka\u0144 w biurze Batkiwszczyny i o\u015bwiadczy\u0142a, \u017ce jest to dzia\u0142anie polityczne przeciwko niej.<\/p>\n<p>Julia Tymoszenko z zarzutami. Twierdzi, \u017ce to &#8222;eliminowanie konkurent\u00f3w&#8221;<\/p>\n<p>Jak napisa\u0142a by\u0142a szefowa rz\u0105du w Kijowie, funkcjonariusze &#8222;nie znale\u017ali nic, wi\u0119c po prostu zabrali moje telefony s\u0142u\u017cbowe, dokumenty parlamentarne i osobiste oszcz\u0119dno\u015bci, o kt\u00f3rych informacje s\u0105 w ca\u0142o\u015bci zawarte w oficjalnej deklaracji&#8221;. &#8222;Kategorycznie odrzucam wszystkie absurdalne zarzuty&#8221; &#8211; doda\u0142a Tymoszenko.<\/p>\n<p>\u00a0<\/p>\n<p>Wed\u0142ug niej wybory w Ukrainie s\u0105 coraz bli\u017cej i kto\u015b postanowi\u0142 zacz\u0105\u0107 eliminowa\u0107 konkurent\u00f3w. &#8222;To nie jest pierwsze polityczne zlecenie wymierzone we mnie. Prze\u015bladowania i terror to moja codzienno\u015b\u0107 od wielu lat. Od dawna nie boj\u0119 si\u0119 niczego, bo wiem, \u017ce jestem uczciwa wobec siebie, ludzi i Ukrainy&#8221; \u2013 zaznaczy\u0142a.<\/p>\n<p>\u00a0<\/p>\n<p>ZOBACZ: <a href=\"https:\/\/www.polsatnews.pl\/wiadomosc\/2026-01-14\/antychryst-pojawil-sie-na-litwie-rosyjskie-msz-wydalo-oswiadczenie\/\" rel=\"nofollow noopener\" target=\"_blank\">&#8222;Antychryst pojawi\u0142 si\u0119 na Litwie&#8221;. Rosyjski wywiad wyda\u0142 o\u015bwiadczenie<\/a><\/p>\n<p>\u00a0<\/p>\n<p>Julia Tymoszenko to jedna z najbardziej rozpoznawalnych ukrai\u0144skich polityczek. Dwukrotnie pe\u0142ni\u0142a funkcj\u0119 premiera Ukrainy &#8211; w 2005 roku i w latach 2007\u20132010. Ponadto trzykrotnie, bez powodzenia, startowa\u0142a w wyborach prezydenckich &#8211; w 2010, 2014 i 2019 roku. Obecnie jest deputowan\u0105 do Rady Najwy\u017cszej Ukrainy i pozostaje wp\u0142ywow\u0105 postaci\u0105 tamtejszej sceny politycznej.<\/p>\n<p>\u00a0<\/p>\n<p>Widzia\u0142e\u015b co\u015b wa\u017cnego? Przy\u015blij zdj\u0119cie, film lub napisz, co si\u0119 sta\u0142o. Skorzystaj z naszej <a href=\"https:\/\/www.polsatnews.pl\/platforma-widzow\/\" target=\"_blank\" rel=\"noopener noreferrer nofollow\">Wrzutni<\/a><\/p>\n<p>                <img decoding=\"async\" src=\"https:\/\/www.europesays.com\/pl\/wp-content\/uploads\/2026\/01\/2663o263cpo6wgnouzptfseejicz8ztr.jpg\" alt=\"\" itemprop=\"contentUrl\" style=\"position:absolute; width: 100%; max-height: 100%;\"\/><video controls=\"\" controlslist=\"nodownload\" poster=\"https:\/\/www.europesays.com\/pl\/wp-content\/uploads\/2026\/01\/2663o263cpo6wgnouzptfseejicz8ztr.jpg\" class=\"videoPlayer player6856605 news__video\" data-id=\"6856605\">Twoja przegl\u0105darka nie wspiera odtwarzacza wideo&#8230;<\/video><\/p>\n<p>&#13;<br \/>\n                    \t\t\t\t\t\t\t\t\t\t\t\t\tadg\/wka&#13;<br \/>\n\t\t\t\t\/\t\t\t\t\t\tpolsatnews.pl&#13;<br \/>\n\t\t\t\t\/\t\t\t\t\t\tPAP&#13;<br \/>\n\t\t\t\t\t&#13;\n                \t<\/p>\n<p>                <a class=\"news__read-more-button\" href=\"https:\/\/www.polsatnews.pl\/\" rel=\"nofollow noopener\" target=\"_blank\">Czytaj wi\u0119cej<\/a><\/p>\n","protected":false},"excerpt":{"rendered":"Narodowe Biuro Antykorupcyjne Ukrainy (NABU) oraz Specjalna Prokuratura Antykorupcyjna (SAP) powiadomi\u0142y we wtorek wieczorem o wykryciu korupcji w\u015br\u00f3d&hellip;\n","protected":false},"author":2,"featured_media":204106,"comment_status":"","ping_status":"","sticky":false,"template":"","format":"standard","meta":{"footnotes":""},"categories":[14],"tags":[32,33,27,34,35,28,31,25,40,41,80,29,30,26,82,83,84],"class_list":{"0":"post-204105","1":"post","2":"type-post","3":"status-publish","4":"format-standard","5":"has-post-thumbnail","7":"category-swiat","8":"tag-breaking-news","9":"tag-breakingnews","10":"tag-headlines","11":"tag-latest-news","12":"tag-latestnews","13":"tag-naglowki","14":"tag-najwazniejsze-artykuly","15":"tag-news","16":"tag-polish","17":"tag-polski","18":"tag-swiat","19":"tag-top-stories","20":"tag-topstories","21":"tag-wiadomosci","22":"tag-world","23":"tag-world-news","24":"tag-worldnews"},"share_on_mastodon":{"url":"https:\/\/pubeurope.com\/@pl\/115893303013526540","error":""},"_links":{"self":[{"href":"https:\/\/www.europesays.com\/pl\/wp-json\/wp\/v2\/posts\/204105","targetHints":{"allow":["GET"]}}],"collection":[{"href":"https:\/\/www.europesays.com\/pl\/wp-json\/wp\/v2\/posts"}],"about":[{"href":"https:\/\/www.europesays.com\/pl\/wp-json\/wp\/v2\/types\/post"}],"author":[{"embeddable":true,"href":"https:\/\/www.europesays.com\/pl\/wp-json\/wp\/v2\/users\/2"}],"replies":[{"embeddable":true,"href":"https:\/\/www.europesays.com\/pl\/wp-json\/wp\/v2\/comments?post=204105"}],"version-history":[{"count":0,"href":"https:\/\/www.europesays.com\/pl\/wp-json\/wp\/v2\/posts\/204105\/revisions"}],"wp:featuredmedia":[{"embeddable":true,"href":"https:\/\/www.europesays.com\/pl\/wp-json\/wp\/v2\/media\/204106"}],"wp:attachment":[{"href":"https:\/\/www.europesays.com\/pl\/wp-json\/wp\/v2\/media?parent=204105"}],"wp:term":[{"taxonomy":"category","embeddable":true,"href":"https:\/\/www.europesays.com\/pl\/wp-json\/wp\/v2\/categories?post=204105"},{"taxonomy":"post_tag","embeddable":true,"href":"https:\/\/www.europesays.com\/pl\/wp-json\/wp\/v2\/tags?post=204105"}],"curies":[{"name":"wp","href":"https:\/\/api.w.org\/{rel}","templated":true}]}}