{"id":204152,"date":"2026-01-14T12:13:11","date_gmt":"2026-01-14T12:13:11","guid":{"rendered":"https:\/\/www.europesays.com\/pl\/204152\/"},"modified":"2026-01-14T12:13:11","modified_gmt":"2026-01-14T12:13:11","slug":"polacy-mieli-byc-czarnym-koniem-australian-open-koniec-marzen-oto-powody-2","status":"publish","type":"post","link":"https:\/\/www.europesays.com\/pl\/204152\/","title":{"rendered":"Polacy mieli by\u0107 czarnym koniem Australian Open. Koniec marze\u0144. Oto powody"},"content":{"rendered":"<p>Duet Kawa-Zieli\u0144ski podczas turnieju w Australii wygl\u0105da\u0142 jak maszyna, kt\u00f3ra nie ma s\u0142abych punkt\u00f3w. Co ciekawe, w decyduj\u0105cym o tytule starciu nie zobaczyli\u015bmy naszych singlowych lider\u00f3w \u2014 Igi \u015awi\u0105tek i Huberta Hurkacza, kt\u00f3rzy w United Cup rywalizowali w grze pojedynczej. Sztab od pocz\u0105tku do ko\u0144ca turnieju postawi\u0142 na wariant z Kaw\u0105 i Zieli\u0144skim, co dla wielu obserwator\u00f3w by\u0142o spor\u0105 niespodziank\u0105, ale okaza\u0142o si\u0119 kluczem do sukcesu. Bilans by\u0142 perfekcyjny: pi\u0119\u0107 mecz\u00f3w, pi\u0119\u0107 zwyci\u0119stw, w tym to najwa\u017cniejsze \u2014 fina\u0142owe przeciwko Szwajcarii, kt\u00f3re da\u0142o Polsce upragniony puchar.<\/p>\n<p>W mediach natychmiast ruszy\u0142a lawina spekulacji: skoro idzie im tak \u015bwietnie, dlaczego nie przenie\u015b\u0107 tego na grunt Wielkiego Szlema? Rzeczywisto\u015b\u0107 brutalnie weryfikuje marzenia kibic\u00f3w. Oto szczeg\u00f3\u0142y od samego Zieli\u0144skiego.<\/p>\n<p class=\"Paragraph_desktopParagraph__U31Gm\">Po pi\u0119ciu zwyci\u0119stwach kibice widzieli w Zieli\u0144skim i Kawie &#8222;czarnego konia&#8221; turnieju w Melbourne, licz\u0105c na to, \u017ce na fali entuzjazmu z United Cup mogliby powalczy\u0107 o najwy\u017csze cele. Rzeczywisto\u015b\u0107 zawodowego tenisa rz\u0105dzi si\u0119 jednak swoimi prawami.<\/p>\n<p class=\"Paragraph_desktopParagraph__U31Gm\">O przysz\u0142o\u015b\u0107 tego duetu we wtorek zapytali\u015bmy u \u017ar\u00f3d\u0142a podczas \u0142\u0105czenia z Janem Zieli\u0144skim i Mateuszem Terczy\u0144skim na konferencji Polskiego Zwi\u0105zku Tenisowego.<\/p>\n<p class=\"Paragraph_desktopParagraph__U31Gm\">\u2014 Gra mieszana ogranicza si\u0119 w\u0142a\u015bciwie do Wielkiego Szlema i rozgrywek typu United Cup, wi\u0119c okazje do wsp\u00f3lnych wyst\u0119p\u00f3w zdarzaj\u0105 si\u0119 bardzo rzadko. Niestety, w turniejach wielkoszlemowych drabinka jest mocno okrojona i niezwykle ci\u0119\u017cko si\u0119 do niej dosta\u0107 \u2014 t\u0142umaczy\u0142 nam Zieli\u0144ski.<\/p>\n<p class=\"Paragraph_desktopParagraph__U31Gm\">\u2014 Nawet z moim rankingiem w okolicach 30. miejsca musz\u0119 szuka\u0107 partnerki notowanej w moich okolicach, jak nie wy\u017cej. Na szcz\u0119\u015bcie Su-Wei Hsieh, z kt\u00f3r\u0105 b\u0119d\u0119 wyst\u0119powa\u0142 podczas tegorocznego Australian Open, ma ten ranking zdecydowanie wy\u017cszy, dlatego b\u0119dziemy w stanie si\u0119 na spokojnie dosta\u0107. Niestety, z Kasi\u0105 nie byliby\u015bmy w stanie, nawet gdyby\u015bmy chcieli. Podejrzewam te\u017c, \u017ce na &#8222;dzikie karty&#8221; nie mamy co liczy\u0107, bo poza United Cup sukces\u00f3w australijskich nie mamy \u2014 wyja\u015bnia\u0142 szczerze polski mistrz.<\/p>\n<p>Zieli\u0144ski nie zamyka drzwi na przysz\u0142o\u015b\u0107. Jest jeden warunek <\/p>\n<p class=\"Paragraph_desktopParagraph__U31Gm\">\u2014 Na razie ograniczamy si\u0119 do wyst\u0119pu w United Cup. Co przyniesie przysz\u0142y rok, zobaczymy. Je\u017celi oboje poprawimy te rankingi na tyle, \u017ce b\u0119dziemy mogli si\u0119 wsp\u00f3lnie dosta\u0107 do Szlem\u00f3w, to na pewno taki temat si\u0119 pojawi i b\u0119dziemy o tym my\u015bleli \u2014 zako\u0144czy\u0142 Zieli\u0144ski.<\/p>\n<p class=\"Paragraph_desktopParagraph__U31Gm\">Tym samym w Melbourne Zieli\u0144ski wyst\u0105pi w mik\u015bcie u boku Tajwanki Su-Wei Hsieh, z kt\u00f3r\u0105 w 2024 r. na kortach Australian Open i Wimbledonu si\u0119gn\u0105\u0142 po tytu\u0142y mistrzowskie. Przypomnijmy, \u017ce Polak po triumfie w Australii zosta\u0142 w\u00f3wczas pierwszym polskim mistrzem wielkoszlemowym w grze mieszanej. Kilka miesi\u0119cy p\u00f3\u017aniej duet do kolekcji dorzuci\u0142 jeszcze triumf w Londynie. Poprzedni sezon by\u0142 dla Zieli\u0144skiego znacznie mniej udany. Najwy\u017cej w mik\u015bcie dotar\u0142 do \u0107wier\u0107fina\u0142u Wimbledonu, a w Australii dotar\u0142 zaledwie do drugiej rundy. W Roland Garros i US Open w og\u00f3le nie wystartowa\u0142.<\/p>\n<p class=\"Paragraph_desktopParagraph__U31Gm\">Nie najlepiej sz\u0142o mu r\u00f3wnie\u017c w deblu, w kt\u00f3rym finalista Australian Open z 2023 r. dwukrotnie dotar\u0142 do trzeciej rundy turniej\u00f3w wielkoszlemowych. Nowy sezon Zieli\u0144ski rozpocz\u0105\u0142 z nowymi nadziejami. Jego deblowym partnerem zosta\u0142 Brytyjczyk Luke Johnson, a we wspomnianym United Cup wraz z Katarzyn\u0105 Kaw\u0105, Ig\u0105 \u015awi\u0105tek i Hubertem Hurkaczem si\u0119gneli po tytu\u0142. Warto doda\u0107, \u017ce droga Polak\u00f3w do historycznego tytu\u0142u by\u0142a pozbawiona cho\u0107by jednego potkni\u0119cia. <\/p>\n<p class=\"Paragraph_desktopParagraph__U31Gm\">Rozpocz\u0119li od demonstracji si\u0142y w fazie grupowej przeciwko Niemcom i Holandii, wygrywaj\u0105c oba spotkania bez straty punktu (3:0). Prawdziwy test nadszed\u0142 w fazie pucharowej. W \u0107wier\u0107finale nasi tenisi\u015bci wytrzymali presj\u0119 trybun, eliminuj\u0105c gospodarzy z Australii (2:1), a nast\u0119pnie \u2014 po niezwykle dramatycznym boju w p\u00f3\u0142finale \u2014 wyrzucili z turnieju Stany Zjednoczone (2:1). Zwie\u0144czeniem tej znakomitej passy by\u0142 wielki fina\u0142 ze Szwajcari\u0105, w kt\u00f3rym Polacy ponownie przechylili szal\u0119 zwyci\u0119stwa na swoj\u0105 korzy\u015b\u0107, wygrywaj\u0105c 2:1.<\/p>\n","protected":false},"excerpt":{"rendered":"Duet Kawa-Zieli\u0144ski podczas turnieju w Australii wygl\u0105da\u0142 jak maszyna, kt\u00f3ra nie ma s\u0142abych punkt\u00f3w. Co ciekawe, w decyduj\u0105cym&hellip;\n","protected":false},"author":2,"featured_media":204153,"comment_status":"","ping_status":"","sticky":false,"template":"","format":"standard","meta":{"footnotes":"","_share_on_mastodon":"0"},"categories":[24],"tags":[56,12889,304,5999,252,36846,4398,53,52,68,51,55,42,38,40,39,41,47,127,126,156,13444,50,130],"class_list":["post-204152","post","type-post","status-publish","format-standard","has-post-thumbnail","category-sport","tag-article_premium","tag-australian_open","tag-eres","tag-hubert_hurkacz","tag-iga_swiatek","tag-jan_zielinski","tag-katarzyna_kawa","tag-new_header","tag-onet3","tag-onet3d","tag-onet3d_2i","tag-phx","tag-pl","tag-poland","tag-polish","tag-polska","tag-polski","tag-screening_general","tag-sport","tag-sports","tag-tenis","tag-united_cup","tag-v2021","tag-wiadomosci_sportowe"],"share_on_mastodon":{"url":"https:\/\/pubeurope.com\/@pl\/115893397885406299","error":""},"_links":{"self":[{"href":"https:\/\/www.europesays.com\/pl\/wp-json\/wp\/v2\/posts\/204152","targetHints":{"allow":["GET"]}}],"collection":[{"href":"https:\/\/www.europesays.com\/pl\/wp-json\/wp\/v2\/posts"}],"about":[{"href":"https:\/\/www.europesays.com\/pl\/wp-json\/wp\/v2\/types\/post"}],"author":[{"embeddable":true,"href":"https:\/\/www.europesays.com\/pl\/wp-json\/wp\/v2\/users\/2"}],"replies":[{"embeddable":true,"href":"https:\/\/www.europesays.com\/pl\/wp-json\/wp\/v2\/comments?post=204152"}],"version-history":[{"count":0,"href":"https:\/\/www.europesays.com\/pl\/wp-json\/wp\/v2\/posts\/204152\/revisions"}],"wp:featuredmedia":[{"embeddable":true,"href":"https:\/\/www.europesays.com\/pl\/wp-json\/wp\/v2\/media\/204153"}],"wp:attachment":[{"href":"https:\/\/www.europesays.com\/pl\/wp-json\/wp\/v2\/media?parent=204152"}],"wp:term":[{"taxonomy":"category","embeddable":true,"href":"https:\/\/www.europesays.com\/pl\/wp-json\/wp\/v2\/categories?post=204152"},{"taxonomy":"post_tag","embeddable":true,"href":"https:\/\/www.europesays.com\/pl\/wp-json\/wp\/v2\/tags?post=204152"}],"curies":[{"name":"wp","href":"https:\/\/api.w.org\/{rel}","templated":true}]}}