{"id":204164,"date":"2026-01-14T12:19:08","date_gmt":"2026-01-14T12:19:08","guid":{"rendered":"https:\/\/www.europesays.com\/pl\/204164\/"},"modified":"2026-01-14T12:19:08","modified_gmt":"2026-01-14T12:19:08","slug":"radoslaw-sikorski-wypowiedzial-sie-o-grenlandii","status":"publish","type":"post","link":"https:\/\/www.europesays.com\/pl\/204164\/","title":{"rendered":"Rados\u0142aw Sikorski wypowiedzia\u0142 si\u0119 o Grenlandii"},"content":{"rendered":"<p data-section=\"detail-body\">Rados\u0142aw Sikorski doda\u0142, \u017ce bez USA NATO nie ma kluczowych zdolno\u015bci, a Dania jest kluczowa w rejonie Ba\u0142tyku.<\/p>\n<p class=\"article_p\" data-section=\"detail-body\">Zapytany w radiowej Tr\u00f3jce o wypowiedzi prezydenta USA dotycz\u0105ce aneksji Grenlandii, Sikorski podkre\u015bli\u0142, \u017ce Stany Zjednoczone ju\u017c dzisiaj maj\u0105 pe\u0142n\u0105 wolno\u015b\u0107 operacyjn\u0105 na tej wyspie.<\/p>\n<p class=\"article_p\" data-section=\"detail-body\">Dalsza cz\u0119\u015b\u0107 artyku\u0142u znajduje si\u0119 poni\u017cej materia\u0142u wideo<\/p>\n<p class=\"article_p\" data-section=\"detail-body\">&#8222;Je\u015bli wi\u0119c problemem jest zagro\u017cenie Grenlandii ze strony Chin czy Rosji, to jako reszta NATO mo\u017cemy to zagro\u017cenie zredukowa\u0107 odbywaj\u0105c \u0107wiczenia&#8221; \u2014 powiedzia\u0142 szef MSZ. Doda\u0142, \u017ce w czasie II wojny \u015bwiatowej na Grenlandii stacjonowa\u0142o 15 tys. ameryka\u0144skich \u017co\u0142nierzy, teraz Amerykanie maj\u0105 ich tam &#8222;bodaj\u017ce stu pi\u0119\u0107dziesi\u0119ciu&#8221; i \u2014 jak zaznaczy\u0142 \u2014 je\u015bli chc\u0105 mog\u0105 t\u0119 liczb\u0119 zwi\u0119kszy\u0107.<\/p>\n<p>            Czytaj tak\u017ce w BUSINESS INSIDER<\/p>\n<p class=\"article_p\" data-section=\"detail-body\">Rados\u0142aw Sikorski pytany, czy bierze pod uwag\u0119 mo\u017cliwo\u015b\u0107 roz\u0142amu w NATO przypomnia\u0142, \u017ce &#8222;mieli\u015bmy ju\u017c w przesz\u0142o\u015bci wojn\u0119 mi\u0119dzy dwoma pa\u0144stwami, cz\u0142onkami NATO&#8221;. \u2014 Przypominam, 1973 rok i desant turecki na Cypr. Ale to jest ostatnia rzecz, kt\u00f3rej by\u015bmy sobie \u017cyczyli \u2014 podkre\u015bli\u0142.<\/p>\n<p>        &#8222;Cenimy sojusz z USA&#8221;<\/p>\n<p class=\"article_p\" data-section=\"detail-body\">Szef MSZ podkre\u015bli\u0142, \u017ce &#8222;cenimy sobie sojusz ze Stanami Zjednoczonymi i cenimy, lubimy Dani\u0119, kt\u00f3ra jest te\u017c kluczowym sojusznikiem w regionie Ba\u0142tyku&#8221;.<\/p>\n<p class=\"article_p\" data-section=\"detail-body\">&#8222;Bez Stan\u00f3w Zjednoczonych NATO nie ma kluczowych zdolno\u015bci: broni atomowej, zwiadu globalnego itd. Morze Ba\u0142tyckie jest teraz morzem prawie \u017ce natowskim, w kt\u00f3rym Dania strze\u017ce Cie\u015bnin Du\u0144skich. Wi\u0119c zrobimy co w naszej mocy, \u017ceby do tego podzia\u0142u nie dosz\u0142o&#8221; \u2014 zadeklarowa\u0142 Rados\u0142aw Sikorski.<\/p>\n<p class=\"article_p\" data-section=\"detail-body\">Donald Trump od pocz\u0105tku swojej drugiej kadencji, rozpocz\u0119tej w styczniu 2025 r., wielokrotnie m\u00f3wi\u0142 o konieczno\u015bci przej\u0119cia Grenlandii, najwi\u0119kszej wyspy \u015bwiata, przez Stany Zjednoczone. Wr\u00f3ci\u0142 do tej retoryki po tym, gdy 3 stycznia wojska ameryka\u0144skie zaatakowa\u0142y Wenezuel\u0119 i uprowadzi\u0142y jej autorytarnego przyw\u00f3dc\u0119 Nicolasa Maduro.<\/p>\n<p class=\"article_p\" data-section=\"detail-body\">W ostatnim czasie Donald Trump spekulowa\u0142, \u017ce je\u015bli USA nie przejm\u0105 kontroli nad Grenlandi\u0105, zrobi to Rosja albo Chiny. Odrzuca\u0142 przy tym pozosta\u0142e rozwi\u0105zania, takie jak zwi\u0119kszenie tam obecno\u015bci \u017co\u0142nierzy USA czy proponowan\u0105 przez Niemcy misj\u0119 innych pa\u0144stw NATO na Grenlandii. W niedawnym wywiadzie dla &#8222;New York Timesa&#8221; powiedzia\u0142, \u017ce USA mog\u0105 by\u0107 zmuszone do &#8222;wyboru&#8221; mi\u0119dzy Grenlandi\u0105 a NATO.<\/p>\n<p class=\"article_p\" data-section=\"detail-body\">W niedziel\u0119 Trump powiedzia\u0142, \u017ce &#8222;b\u0119dzie mia\u0142 Grenlandi\u0119 w ten czy inny spos\u00f3b&#8221;. Zach\u0119ca\u0142 te\u017c Grenlandczyk\u00f3w do przyj\u0119cia oferty przy\u0142\u0105czenia si\u0119 do Stan\u00f3w Zjednoczonych.<\/p>\n<p class=\"article_p\" data-section=\"detail-body\">W odpowiedzi na s\u0142owa prezydenta USA, premierzy Danii Mette Frederiksen i Grenlandii, (kt\u00f3ra jest autonomicznym terytorium zale\u017cnym od Danii) Jens-Frederik Nielsen, zorganizowali we wtorek wsp\u00f3ln\u0105 konferencj\u0119 prasow\u0105 w Kopenhadze. Premier Grenlandii podkre\u015bli\u0142, \u017ce je\u015bli musi wybiera\u0107 mi\u0119dzy USA, a Dani\u0105 to &#8222;wybiera NATO, Kr\u00f3lestwo Danii i Uni\u0119 Europejsk\u0105&#8221;. Zapytany o te s\u0142owa, Trump powiedzia\u0142, \u017ce nie zgadza si\u0119 z Nielsenem. \u2014 Nie wiem, kim on jest. Nic o nim nie wiem. Ale to b\u0119dzie dla niego du\u017cy problem \u2014 powiedzia\u0142 prezydent USA.<\/p>\n<p class=\"article_p\" data-section=\"detail-body\">W \u015brod\u0119 szefowie dyplomacji Danii i Grenlandii odwiedz\u0105 Waszyngton i odb\u0119d\u0105 rozmowy w Bia\u0142ym Domu z wiceprezydentem J.D. Vancem i sekretarzem stanu Markiem Rubio. Spotkanie odb\u0119dzie si\u0119 na wniosek Kopenhagi, kt\u00f3ra chce, by Donald Trump zaprzesta\u0142 gr\u00f3\u017ab zaj\u0119cia wyspy &#8222;po dobroci lub w trudniejszy spos\u00f3b&#8221;.<\/p>\n<p class=\"article_p\" data-section=\"detail-body\">Zobacz tak\u017ce: <a href=\"https:\/\/businessinsider.com.pl\/wiadomosci\/instytut-strat-wojennych-liczy-straty-po-zsrr-to-proces-wieloletni\/7gzr2zg\" id=\"4060ffd6-391a-445f-97df-dbd75537b4e8\" rel=\"nofollow noopener\" target=\"_blank\">Polska liczy straty po agresji ZSRR. Dokumenty by\u0142y niszczone i fa\u0142szowane<\/a><\/p>\n","protected":false},"excerpt":{"rendered":"Rados\u0142aw Sikorski doda\u0142, \u017ce bez USA NATO nie ma kluczowych zdolno\u015bci, a Dania jest kluczowa w rejonie Ba\u0142tyku.&hellip;\n","protected":false},"author":2,"featured_media":204165,"comment_status":"","ping_status":"","sticky":false,"template":"","format":"standard","meta":{"footnotes":""},"categories":[5],"tags":[32,33,36,37,27,34,35,28,31,25,42,38,40,39,41,29,30,26],"class_list":{"0":"post-204164","1":"post","2":"type-post","3":"status-publish","4":"format-standard","5":"has-post-thumbnail","7":"category-naglowki","8":"tag-breaking-news","9":"tag-breakingnews","10":"tag-featured-news","11":"tag-featurednews","12":"tag-headlines","13":"tag-latest-news","14":"tag-latestnews","15":"tag-naglowki","16":"tag-najwazniejsze-artykuly","17":"tag-news","18":"tag-pl","19":"tag-poland","20":"tag-polish","21":"tag-polska","22":"tag-polski","23":"tag-top-stories","24":"tag-topstories","25":"tag-wiadomosci"},"share_on_mastodon":{"url":"https:\/\/pubeurope.com\/@pl\/115893420993910928","error":""},"_links":{"self":[{"href":"https:\/\/www.europesays.com\/pl\/wp-json\/wp\/v2\/posts\/204164","targetHints":{"allow":["GET"]}}],"collection":[{"href":"https:\/\/www.europesays.com\/pl\/wp-json\/wp\/v2\/posts"}],"about":[{"href":"https:\/\/www.europesays.com\/pl\/wp-json\/wp\/v2\/types\/post"}],"author":[{"embeddable":true,"href":"https:\/\/www.europesays.com\/pl\/wp-json\/wp\/v2\/users\/2"}],"replies":[{"embeddable":true,"href":"https:\/\/www.europesays.com\/pl\/wp-json\/wp\/v2\/comments?post=204164"}],"version-history":[{"count":0,"href":"https:\/\/www.europesays.com\/pl\/wp-json\/wp\/v2\/posts\/204164\/revisions"}],"wp:featuredmedia":[{"embeddable":true,"href":"https:\/\/www.europesays.com\/pl\/wp-json\/wp\/v2\/media\/204165"}],"wp:attachment":[{"href":"https:\/\/www.europesays.com\/pl\/wp-json\/wp\/v2\/media?parent=204164"}],"wp:term":[{"taxonomy":"category","embeddable":true,"href":"https:\/\/www.europesays.com\/pl\/wp-json\/wp\/v2\/categories?post=204164"},{"taxonomy":"post_tag","embeddable":true,"href":"https:\/\/www.europesays.com\/pl\/wp-json\/wp\/v2\/tags?post=204164"}],"curies":[{"name":"wp","href":"https:\/\/api.w.org\/{rel}","templated":true}]}}