{"id":204168,"date":"2026-01-14T12:21:09","date_gmt":"2026-01-14T12:21:09","guid":{"rendered":"https:\/\/www.europesays.com\/pl\/204168\/"},"modified":"2026-01-14T12:21:09","modified_gmt":"2026-01-14T12:21:09","slug":"ostatnie-slowa-agnieszki-maciag-przed-smiercia-pekalo-mi-serce","status":"publish","type":"post","link":"https:\/\/www.europesays.com\/pl\/204168\/","title":{"rendered":"Ostatnie s\u0142owa Agnieszki Maci\u0105g przed \u015bmierci\u0105. &#8222;P\u0119ka\u0142o mi serce&#8221;"},"content":{"rendered":"<p class=\"ods-c-paragraph \">Odej\u015bcie Agnieszki Maci\u0105g wstrz\u0105sn\u0119\u0142o opini\u0105 publiczn\u0105. Ceniona modelka i pisarka spocz\u0119\u0142a na warszawskich Pow\u0105zkach Wojskowych. Na jej profilu w mediach spo\u0142eczno\u015bciowych nadal pojawiaj\u0105 si\u0119 wpisy publikowane przez m\u0119\u017ca, Roberta Wola\u0144skiego. Fotograf wspomina wsp\u00f3lnie sp\u0119dzone chwile z ukochan\u0105, a tak\u017ce cytuje poruszaj\u0105ce fragmenty jej ksi\u0105\u017cek.<\/p>\n<p> Dalszy ci\u0105g artyku\u0142u pod materia\u0142em wideo    <\/p>\n<p> Jakie by\u0142y ostatnie s\u0142owa Agnieszki Maci\u0105g? <\/p>\n<p> Gdzie zosta\u0142a pochowana Agnieszka Maci\u0105g? <\/p>\n<p> Kto publikuje wpisy na profilu Agnieszki Maci\u0105g w mediach spo\u0142eczno\u015bciowych? <\/p>\n<p> Jakie warto\u015bci podkre\u015bla\u0142 m\u0105\u017c Agnieszki Maci\u0105g w swoim wpisie? <\/p>\n<p>  M\u0105\u017c ujawni\u0142 ostatnie s\u0142owa Agnieszki Maci\u0105g przed \u015bmierci\u0105<\/p>\n<p class=\"ods-c-paragraph \">W najnowszym wpisie Robert Wola\u0144ski opisa\u0142 ostatnie tygodnie \u017cycia Agnieszki Maci\u0105g. &#8222;Pod koniec m\u00f3wi\u0142a, \u017ce mieli\u015bmy pi\u0119kne \u017cycie. \u017bebym pami\u0119ta\u0142 o szcz\u0119\u015bciu w dalszym naszym \u2014 moim i Heleny \u2014 \u017cyciu. M\u00f3wi\u0142a, \u017ce jest wype\u0142niona szcz\u0119\u015bciem. \u017be tyle zrobi\u0142a. \u017be chce odpocz\u0105\u0107&#8221; \u2014 czytamy.<\/p>\n<blockquote class=\"ods-o-quota\">\n<p class=\"ods-o-quota__paragraph\">Ale s\u0142owo &#8222;szcz\u0119\u015bcie&#8221; i u\u015bmiech na jej twarzy ci\u0105gle by\u0142y obecne. Nie mog\u0142em w to uwierzy\u0107. P\u0119ka\u0142o mi serce, a jednocze\u015bnie u\u015bmiechali\u015bmy si\u0119 do siebie. M\u00f3wi\u0142a, \u017ce prawdziwe szcz\u0119\u015bcie to znalezienie czasu na okazywanie sobie mi\u0142o\u015bci. Czas, \u017ceby \u015bwiadomie ze sob\u0105 by\u0107. M\u00f3wi\u0142a &#8222;kocham&#8221; i &#8222;dzi\u0119kuj\u0119&#8221;<\/p>\n<\/blockquote>\n<p class=\"ods-c-paragraph \">&#8222;Kocha\u0142a pe\u0142ni\u0105 piersi\u0105. Nigdy nie odwr\u00f3ci\u0142a si\u0119 od \u017cycia. Szcz\u0119\u015bcie to pogodzenie si\u0119 z przesz\u0142o\u015bci\u0105 i akceptacja tego, co jest, aby przysz\u0142o\u015b\u0107 mog\u0142a rozwija\u0107 si\u0119 zgodnie z boskim planem&#8221; \u2014 kontynuowa\u0142.<\/p>\n<p class=\"ods-c-paragraph \">&#8222;Nie znamy go, ale pewne jest to, \u017ce pomimo zawirowa\u0144, b\u00f3lu, nag\u0142ych wydarze\u0144 B\u00f3g chce dla nas tego, co najlepsze. Szcz\u0119\u015bcie to uzdrowienie zranionego serca. Wnoszenie w \u017cycie nadziei i \u015bwiat\u0142a. Spokojne serce i umys\u0142 oraz wiara w to, \u017ce zawsze i w odpowiedniej chwili b\u0119dzie nam dane to, czego naprawd\u0119 potrzebujemy&#8221; \u2014 doda\u0142..<\/p>\n<blockquote class=\"ods-o-quota\">\n<p class=\"ods-o-quota__paragraph\">Teraz musz\u0119 nauczy\u0107 si\u0119 tego wszystkiego na pami\u0119\u0107. Zrozumie\u0107 te\u017c, \u017ce szcz\u0119\u015bcie to te\u017c dbanie o siebie<\/p>\n<\/blockquote>\n<p class=\"ods-c-paragraph \">&#8222;To poczucie zdrowia, si\u0142y i mocy. Dobre my\u015bli. Pozytywne nastawienie, uczciwe podej\u015bcie do wszystkich aspekt\u00f3w \u017cycia. Bo\u017ce. Pom\u00f3\u017c mi mie\u0107 niezachwian\u0105 wiar\u0119 i \u015bwiadomo\u015b\u0107, \u017ce ka\u017cdy dzie\u0144 jest wa\u017cny&#8221; \u2014 podsumowa\u0142.<\/p>\n<p><img decoding=\"async\" src=\"https:\/\/www.europesays.com\/pl\/wp-content\/uploads\/2025\/12\/cAyk9lBaHR0cHM6Ly9vY2RuLmV1L3B1bHNjbXMvTURBXy80M2IwOTU1ZGJkZDc1MDc1N2JiMGQwZGU0ODE1YWE2MC5qcGeRlQLNB.jpeg\" height=\"588\" width=\"940\" alt=\"Agnieszka Maci\u0105g\" loading=\"lazy\" class=\"ods-c-image__img ods-c-image__img--viewport-width\"\/><\/p>\n<p>Agnieszka Maci\u0105gAndras Szilagyi \/ MW Media<\/p>\n<p class=\"ods-c-paragraph \">Dzi\u0119kujemy, \u017ce przeczyta\u0142a\u015b\/e\u015b nasz artyku\u0142 do ko\u0144ca. W serwisie Plejada.pl ka\u017cdego dnia piszemy o najwa\u017cniejszych wydarzeniach show-biznesowych. B\u0105d\u017a na bie\u017c\u0105co! <a rel=\"nofollow noopener\" href=\"https:\/\/profile.google.com\/cp\/Cg0vZy8xMWJ6X19wdHBx\" id=\"4f84caf5-5040-4fc5-b91f-7032e267404d\" target=\"_blank\">Obserwuj<\/a> Plejad\u0119 w Google. Odwied\u017a nas tak\u017ce na <a rel=\"nofollow noopener\" href=\"https:\/\/www.facebook.com\/plejadapl\" id=\"5ef0fc19-f2c1-483c-b0e8-b11b82551bd8\" target=\"_blank\">Facebooku<\/a>, <a rel=\"nofollow noopener\" href=\"https:\/\/www.instagram.com\/plejadapl\/\" id=\"98c48c00-990c-4675-ae1b-f8e49b3de2b6\" target=\"_blank\">Instagramie<\/a>, <a rel=\"nofollow noopener\" href=\"https:\/\/www.youtube.com\/c\/plejada\" id=\"bdb5d949-fcb0-4615-a815-e8b5caf77bc3\" target=\"_blank\">YouTube<\/a> oraz <a rel=\"nofollow noopener\" href=\"https:\/\/www.tiktok.com\/@plejada_pl\" id=\"29d1dcaf-8a0d-4404-856f-30634380b11d\" target=\"_blank\">TikToku<\/a>.<\/p>\n<p class=\"ods-c-paragraph \">Chcesz podzieli\u0107 si\u0119 ciekawym newsem lub zaproponowa\u0107 temat? Skontaktuj si\u0119 z nami, pisz\u0105c e-maila na adres: <a rel=\"nofollow noopener\" href=\"https:\/\/plejada.pl\/newsy\/ostatnie-slowa-agnieszki-maciag-przed-smiercia-pekalo-mi-serce\/mailto:plejada@redakcjaonet.pl\" id=\"d5097a58-42f5-4097-9d43-f4ccfd8ea267\" target=\"_blank\">plejada@redakcjaonet.pl<\/a>.<\/p>\n<p><script async src=\"\/\/www.instagram.com\/embed.js\"><\/script><script async src=\"\/\/www.tiktok.com\/embed.js\"><\/script><\/p>\n","protected":false},"excerpt":{"rendered":"Odej\u015bcie Agnieszki Maci\u0105g wstrz\u0105sn\u0119\u0142o opini\u0105 publiczn\u0105. Ceniona modelka i pisarka spocz\u0119\u0142a na warszawskich Pow\u0105zkach Wojskowych. Na jej profilu&hellip;\n","protected":false},"author":2,"featured_media":204169,"comment_status":"","ping_status":"","sticky":false,"template":"","format":"standard","meta":{"footnotes":""},"categories":[22],"tags":[26145,122,48,125,46,42,38,40,39,41,123,47],"class_list":{"0":"post-204168","1":"post","2":"type-post","3":"status-publish","4":"format-standard","5":"has-post-thumbnail","7":"category-rozrywka","8":"tag-agnieszka_maciag","9":"tag-entertainment","10":"tag-nat_styl","11":"tag-newsy","12":"tag-omp","13":"tag-pl","14":"tag-poland","15":"tag-polish","16":"tag-polska","17":"tag-polski","18":"tag-rozrywka","19":"tag-screening_general"},"share_on_mastodon":{"url":"https:\/\/pubeurope.com\/@pl\/115893428832063730","error":""},"_links":{"self":[{"href":"https:\/\/www.europesays.com\/pl\/wp-json\/wp\/v2\/posts\/204168","targetHints":{"allow":["GET"]}}],"collection":[{"href":"https:\/\/www.europesays.com\/pl\/wp-json\/wp\/v2\/posts"}],"about":[{"href":"https:\/\/www.europesays.com\/pl\/wp-json\/wp\/v2\/types\/post"}],"author":[{"embeddable":true,"href":"https:\/\/www.europesays.com\/pl\/wp-json\/wp\/v2\/users\/2"}],"replies":[{"embeddable":true,"href":"https:\/\/www.europesays.com\/pl\/wp-json\/wp\/v2\/comments?post=204168"}],"version-history":[{"count":0,"href":"https:\/\/www.europesays.com\/pl\/wp-json\/wp\/v2\/posts\/204168\/revisions"}],"wp:featuredmedia":[{"embeddable":true,"href":"https:\/\/www.europesays.com\/pl\/wp-json\/wp\/v2\/media\/204169"}],"wp:attachment":[{"href":"https:\/\/www.europesays.com\/pl\/wp-json\/wp\/v2\/media?parent=204168"}],"wp:term":[{"taxonomy":"category","embeddable":true,"href":"https:\/\/www.europesays.com\/pl\/wp-json\/wp\/v2\/categories?post=204168"},{"taxonomy":"post_tag","embeddable":true,"href":"https:\/\/www.europesays.com\/pl\/wp-json\/wp\/v2\/tags?post=204168"}],"curies":[{"name":"wp","href":"https:\/\/api.w.org\/{rel}","templated":true}]}}