{"id":204195,"date":"2026-01-14T12:35:07","date_gmt":"2026-01-14T12:35:07","guid":{"rendered":"https:\/\/www.europesays.com\/pl\/204195\/"},"modified":"2026-01-14T12:35:07","modified_gmt":"2026-01-14T12:35:07","slug":"znow-aresztowany-upadek-popularnego-aktora-z-hollywood","status":"publish","type":"post","link":"https:\/\/www.europesays.com\/pl\/204195\/","title":{"rendered":"Zn\u00f3w aresztowany. Upadek popularnego aktora z Hollywood"},"content":{"rendered":"<p>Kiefer Sutherland posiada do\u015b\u0107 ju\u017c obszern\u0105 kartotek\u0119 policyjn\u0105. Aresztowany by\u0142 kilkakrotnie. W\u00a02007 roku zosta\u0142 skazany na 48 dni wi\u0119zienia za jazd\u0119 samochodem pod wp\u0142ywem \u015brodk\u00f3w odurzaj\u0105cych. Nie chc\u0105c by\u0107 mo\u017ce sta\u0107 si\u0119 recydywist\u0105, zam\u00f3wi\u0142 popularn\u0105 w\u00a0Stanach us\u0142ug\u0119 typu ride-share (kierowca za op\u0142at\u0105 oferuje przew\u00f3z pasa\u017cer\u00f3w\u00a0swoim prywatnym samochodzem). Jednak po przyje\u017adzie auta wybuch\u0142a awantura.<\/p>\n<p>J.K. Simmons sko\u0144czy\u0142 71\u00a0lat. Kt\u00f3rymi rolami zas\u0142yn\u0105\u0142? <\/p>\n<p>Departament Policji Los Angeles przekaza\u0142, \u017ce Kiefer Sutherland wsiad\u0142 do pojazdu, a\u00a0po chwili &#8222;fizycznie zaatakowa\u0142 kierowc\u0119 i\u00a0mu grozi\u0142&#8221;. \u017baden z\u00a0uczestnik\u00f3w zdarzenia nie zosta\u0142 na szcz\u0119\u015bcie ranny, jednak aktor trafi\u0142 do aresztu. Postawiono mu te\u017c zarzuty stosowania gr\u00f3\u017ab karalnych.<\/p>\n<p>Po kilku godzinach Sutherland zosta\u0142 zwolniony z\u00a0aresztu za kaucj\u0105 w\u00a0wysoko\u015bci 50 tysi\u0119cy dolar\u00f3w. Sprawa b\u0119dzie mia\u0142a sw\u00f3j ci\u0105g dalszy. Termin pierwszej rozprawy s\u0105dowej wyznaczono na 2\u00a0lutego 2026 roku. Aktor jak dot\u0105d nie skomentowa\u0142 wydarze\u0144.<\/p>\n<p>Kiefer Sutherland, syn s\u0142ynnego Donalda, pod koniec lat 80. by\u0142 uwa\u017cany za wschodz\u0105c\u0105 gwiazd\u0119 w\u00a0Hollywood, ale szybko da\u0142 o\u00a0sobie zna\u0107 jego trudny charakter. Aktor znalaz\u0142 si\u0119 na bocznych torach. Przypomnia\u0142 o\u00a0sobie dopiero rol\u0105 w\u00a0serialu &#8222;24 godziny&#8221;.<\/p>\n<p>Telewizyjna produkcja realizowana by\u0142a w\u00a0latach 2001-2010. Rola Jacka Bauera przynios\u0142a aktorowi siedem nominacji do Z\u0142otego Globu. Nagrod\u0119 Hollywoodzkiego Stowarzyszenia Prasy Zagranicznej otrzyma\u0142 za premierowy sezon. Jednak, gdy realizacja serialu dobiega\u0142a ko\u0144ca, Kiefer Sutherland z\u00a0trudem zdobywa\u0142 nowe role. &#8211;\u00a0To by\u0142 wspania\u0142y okres. Ale wr\u00f3ci\u0142em do sytuacji, w\u00a0kt\u00f3rej co trzy miesi\u0105ce jestem bez pracy &#8211;\u00a0powiedzia\u0142 w\u00a0rozmowie z\u00a0Fox News Digital.<\/p>\n","protected":false},"excerpt":{"rendered":"Kiefer Sutherland posiada do\u015b\u0107 ju\u017c obszern\u0105 kartotek\u0119 policyjn\u0105. Aresztowany by\u0142 kilkakrotnie. W\u00a02007 roku zosta\u0142 skazany na 48 dni&hellip;\n","protected":false},"author":2,"featured_media":204196,"comment_status":"","ping_status":"","sticky":false,"template":"","format":"standard","meta":{"footnotes":""},"categories":[22],"tags":[122,42,38,40,39,41,123],"class_list":{"0":"post-204195","1":"post","2":"type-post","3":"status-publish","4":"format-standard","5":"has-post-thumbnail","7":"category-rozrywka","8":"tag-entertainment","9":"tag-pl","10":"tag-poland","11":"tag-polish","12":"tag-polska","13":"tag-polski","14":"tag-rozrywka"},"share_on_mastodon":{"url":"https:\/\/pubeurope.com\/@pl\/115893483884957849","error":""},"_links":{"self":[{"href":"https:\/\/www.europesays.com\/pl\/wp-json\/wp\/v2\/posts\/204195","targetHints":{"allow":["GET"]}}],"collection":[{"href":"https:\/\/www.europesays.com\/pl\/wp-json\/wp\/v2\/posts"}],"about":[{"href":"https:\/\/www.europesays.com\/pl\/wp-json\/wp\/v2\/types\/post"}],"author":[{"embeddable":true,"href":"https:\/\/www.europesays.com\/pl\/wp-json\/wp\/v2\/users\/2"}],"replies":[{"embeddable":true,"href":"https:\/\/www.europesays.com\/pl\/wp-json\/wp\/v2\/comments?post=204195"}],"version-history":[{"count":0,"href":"https:\/\/www.europesays.com\/pl\/wp-json\/wp\/v2\/posts\/204195\/revisions"}],"wp:featuredmedia":[{"embeddable":true,"href":"https:\/\/www.europesays.com\/pl\/wp-json\/wp\/v2\/media\/204196"}],"wp:attachment":[{"href":"https:\/\/www.europesays.com\/pl\/wp-json\/wp\/v2\/media?parent=204195"}],"wp:term":[{"taxonomy":"category","embeddable":true,"href":"https:\/\/www.europesays.com\/pl\/wp-json\/wp\/v2\/categories?post=204195"},{"taxonomy":"post_tag","embeddable":true,"href":"https:\/\/www.europesays.com\/pl\/wp-json\/wp\/v2\/tags?post=204195"}],"curies":[{"name":"wp","href":"https:\/\/api.w.org\/{rel}","templated":true}]}}