{"id":204217,"date":"2026-01-14T12:46:06","date_gmt":"2026-01-14T12:46:06","guid":{"rendered":"https:\/\/www.europesays.com\/pl\/204217\/"},"modified":"2026-01-14T12:46:06","modified_gmt":"2026-01-14T12:46:06","slug":"pan-mieczyslaw-od-15-lat-zyje-na-ulicy-jego-domem-jest-wykopany-w-ziemi-dol","status":"publish","type":"post","link":"https:\/\/www.europesays.com\/pl\/204217\/","title":{"rendered":"Pan Mieczys\u0142aw od 15 lat \u017cyje na ulicy. Jego &#8222;domem&#8221; jest wykopany w ziemi d\u00f3\u0142"},"content":{"rendered":"<p class=\"ods-c-paragraph \">Podczas rutynowego patrolu teren\u00f3w rekreacyjnych nad Wis\u0142\u0105 stra\u017cnicy miejscy z Warszawy natkn\u0119li si\u0119 na 76-letniego m\u0119\u017cczyzn\u0119 \u017cyj\u0105cego w prowizorycznej ziemiance. Interwencja mia\u0142a miejsce 5 stycznia, po zg\u0142oszeniu od spacerowicza, kt\u00f3rego zaniepokoi\u0142 odg\u0142os r\u0105bania drewna na obszarze obj\u0119tym ochron\u0105 Natura 2000. Na miejscu funkcjonariusze zastali przemarzni\u0119tego starszego m\u0119\u017cczyzn\u0119 zbieraj\u0105cego chrust na opa\u0142.<\/p>\n<p class=\"ods-c-paragraph \">Okaza\u0142o si\u0119, \u017ce pan Mieczys\u0142aw mieszka w tym miejscu od oko\u0142o 15 lat. Jego &#8222;dom&#8221; to wykopany w ziemi d\u00f3\u0142, cz\u0119\u015bciowo przykryty deskami i starym materacem. Ziemianka ma oko\u0142o dw\u00f3ch metr\u00f3w d\u0142ugo\u015bci i metr g\u0142\u0119boko\u015bci \u2014 wystarczaj\u0105co, by m\u00f3g\u0142 si\u0119 w niej po\u0142o\u017cy\u0107 doros\u0142y cz\u0142owiek. W nogach znajduje si\u0119 palenisko, kt\u00f3re pe\u0142ni funkcj\u0119 ogrzewania.<\/p>\n<p class=\"ods-c-paragraph \">Spraw\u0105 szybko zainteresowa\u0142y si\u0119 lokalne media a dziennikarzowi &#8222;Gazety Wyborczej&#8221; uda\u0142o si\u0119 osobi\u015bcie porozmawia\u0107 z m\u0119\u017cczyzn\u0105 mieszkaj\u0105cym w ziemiance zlokalizowanej w samym centrum Warszawy.<\/p>\n<p> Dalszy ci\u0105g artyku\u0142u pod materia\u0142em wideo    <\/p>\n<p> Gdzie mieszka pan Mieczys\u0142aw? <\/p>\n<p> Jak d\u0142ugo pan Mieczys\u0142aw \u017cyje na ulicy? <\/p>\n<p> Dlaczego pan Mieczys\u0142aw odrzuci\u0142 propozycj\u0119 lokum? <\/p>\n<p> Co pan Mieczys\u0142aw przechowuje w swojej ziemiance? <\/p>\n<p>  76-latek mieszka nad Wis\u0142\u0105. Jego &#8222;dom&#8221; to wykopany w ziemi d\u00f3\u0142<\/p>\n<p class=\"ods-c-paragraph \">Jak relacjonuje dziennikarz, w \u015brodku pan Mieczys\u0142aw przechowuje kilka \u015bpiwor\u00f3w, gruby koc wy\u015bcie\u0142aj\u0105cy dno, plecak i torby. Cz\u0119\u015b\u0107 ubra\u0144 spali\u0142 podczas silnych mroz\u00f3w, by si\u0119 ogrza\u0107. Odzie\u017c oraz buty zdobywa g\u0142\u00f3wnie z kontener\u00f3w na u\u017cywane rzeczy.<\/p>\n<p class=\"ods-c-paragraph \">Cho\u0107 ziemianka jest centrum jego codziennego \u017cycia, zim\u0105 nie sp\u0119dza w niej nocy. Wieczorami, wraz z koleg\u0105 Krzysztofem, r\u00f3wnie\u017c do\u015bwiadczaj\u0105cym bezdomno\u015bci, wsiada do tramwaju i jedzie na Ochot\u0119. Tam nocuj\u0105 na korytarzu jednego z wysokich blok\u00f3w, na ostatnim pi\u0119trze. Wystarcza im karton roz\u0142o\u017cony na pod\u0142odze. &#8222;Tam si\u0119 nikt nas nie czepia, a jeszcze czasem s\u0105siadka spyta, czy herbaty, jedzenia nie przynie\u015b\u0107. Idzie wytrzyma\u0107&#8221; \u2014 przekonuje pan Mieczys\u0142aw w rozmowie z &#8222;Gazet\u0105 Wyborcz\u0105&#8221;.<\/p>\n<p class=\"ods-c-paragraph \">Zgodnie z ustaleniami dziennikarza 76-latek pochodzi z okolic Opoczna. Przez lata pracowa\u0142 w zak\u0142adach kolejowych w Radomiu przy wymianie podk\u0142ad\u00f3w torowych. Jak twierdzi, straci\u0142 prac\u0119 z powodu powa\u017cnej wady wzroku, kt\u00f3r\u0105 przez pewien czas pr\u00f3bowa\u0142 ukrywa\u0107. <\/p>\n<p class=\"ods-c-paragraph \">Po zwolnieniu przeni\u00f3s\u0142 si\u0119 w okolice Warki, gdzie znalaz\u0142 zatrudnienie w szklarni. Zajmowa\u0142 si\u0119 podlewaniem ro\u015blin i paleniem w piecu zim\u0105, jednocze\u015bnie mieszkaj\u0105c w miejscu pracy. \u017by\u0142 tak przez pi\u0119\u0107 lat. M\u0119\u017cczyzna ma za sob\u0105 wyrok wi\u0119zienia za drobne kradzie\u017ce. Od lat utrzymuje si\u0119 g\u0142\u00f3wnie ze zbierania z\u0142omu. Jak przekonuje, nie ma dowodu osobistego, a kontakt z dzie\u0107mi straci\u0142 lata temu.<\/p>\n<p>Miasto ruszy\u0142o z pomoc\u0105 m\u0119\u017cczy\u017anie znad Wis\u0142y<\/p>\n<p class=\"ods-c-paragraph \">Wed\u0142ug relacji stra\u017cnik\u00f3w miejskich podczas interwencji m\u0119\u017cczyzna konsekwentnie odmawia\u0142 przeniesienia do noclegowni. W rozmowie z &#8222;Gazet\u0105 Wyborcz\u0105&#8221; wyja\u015bni\u0142, \u017ce ma z\u0142e do\u015bwiadczenia zwi\u0105zane z pobytem w tego typu plac\u00f3wkach.<\/p>\n<p class=\"ods-c-paragraph \">5 stycznia w rozmowie ze stra\u017cnikami mia\u0142 jednak przyzna\u0107, \u017ce ch\u0119tnie skorzysta z gor\u0105cej zupy dowo\u017conej dwa razy w tygodniu oraz poprosi\u0142 o pomoc w nawi\u0105zaniu kontaktu z o\u015brodkiem pomocy spo\u0142ecznej.<\/p>\n<p class=\"ods-c-paragraph \">Pan Mieczys\u0142aw odrzuci\u0142 propozycj\u0119 zapewnienia mu lokum. Wed\u0142ug niego nie rozwi\u0105zuje to problemu bezdomno\u015bci. &#8222;W takich warunkach, tam, gdzie on mnie zaprowadzi\u0142, to by dobrze mia\u0142a osoba, kt\u00f3ra by pracowa\u0142a. A bezdomny to nie, bo si\u0119 nie utrzyma. Bezdomny musi \u017cy\u0107 na ulicy&#8221; \u2014 stwierdzi\u0142 w rozmowie z &#8222;Gazet\u0105 Wyborcz\u0105&#8221;.<\/p>\n","protected":false},"excerpt":{"rendered":"Podczas rutynowego patrolu teren\u00f3w rekreacyjnych nad Wis\u0142\u0105 stra\u017cnicy miejscy z Warszawy natkn\u0119li si\u0119 na 76-letniego m\u0119\u017cczyzn\u0119 \u017cyj\u0105cego w&hellip;\n","protected":false},"author":2,"featured_media":204218,"comment_status":"","ping_status":"","sticky":false,"template":"","format":"standard","meta":{"footnotes":""},"categories":[12],"tags":[3135,32,33,36,37,27,49,34,35,28,31,48,25,46,42,38,40,39,41,47,29,30,435,26],"class_list":{"0":"post-204217","1":"post","2":"type-post","3":"status-publish","4":"format-standard","5":"has-post-thumbnail","7":"category-polska","8":"tag-bezdomnosc_bezdomni","9":"tag-breaking-news","10":"tag-breakingnews","11":"tag-featured-news","12":"tag-featurednews","13":"tag-headlines","14":"tag-kraj","15":"tag-latest-news","16":"tag-latestnews","17":"tag-naglowki","18":"tag-najwazniejsze-artykuly","19":"tag-nat_styl","20":"tag-news","21":"tag-omp","22":"tag-pl","23":"tag-poland","24":"tag-polish","25":"tag-polska","26":"tag-polski","27":"tag-screening_general","28":"tag-top-stories","29":"tag-topstories","30":"tag-warszawa","31":"tag-wiadomosci"},"share_on_mastodon":{"url":"https:\/\/pubeurope.com\/@pl\/115893527094211243","error":""},"_links":{"self":[{"href":"https:\/\/www.europesays.com\/pl\/wp-json\/wp\/v2\/posts\/204217","targetHints":{"allow":["GET"]}}],"collection":[{"href":"https:\/\/www.europesays.com\/pl\/wp-json\/wp\/v2\/posts"}],"about":[{"href":"https:\/\/www.europesays.com\/pl\/wp-json\/wp\/v2\/types\/post"}],"author":[{"embeddable":true,"href":"https:\/\/www.europesays.com\/pl\/wp-json\/wp\/v2\/users\/2"}],"replies":[{"embeddable":true,"href":"https:\/\/www.europesays.com\/pl\/wp-json\/wp\/v2\/comments?post=204217"}],"version-history":[{"count":0,"href":"https:\/\/www.europesays.com\/pl\/wp-json\/wp\/v2\/posts\/204217\/revisions"}],"wp:featuredmedia":[{"embeddable":true,"href":"https:\/\/www.europesays.com\/pl\/wp-json\/wp\/v2\/media\/204218"}],"wp:attachment":[{"href":"https:\/\/www.europesays.com\/pl\/wp-json\/wp\/v2\/media?parent=204217"}],"wp:term":[{"taxonomy":"category","embeddable":true,"href":"https:\/\/www.europesays.com\/pl\/wp-json\/wp\/v2\/categories?post=204217"},{"taxonomy":"post_tag","embeddable":true,"href":"https:\/\/www.europesays.com\/pl\/wp-json\/wp\/v2\/tags?post=204217"}],"curies":[{"name":"wp","href":"https:\/\/api.w.org\/{rel}","templated":true}]}}