{"id":204227,"date":"2026-01-14T12:51:11","date_gmt":"2026-01-14T12:51:11","guid":{"rendered":"https:\/\/www.europesays.com\/pl\/204227\/"},"modified":"2026-01-14T12:51:11","modified_gmt":"2026-01-14T12:51:11","slug":"dino-cierpi-przez-efekt-biedronki-notowania-polskiej-spolki-leca-w-dol","status":"publish","type":"post","link":"https:\/\/www.europesays.com\/pl\/204227\/","title":{"rendered":"Dino cierpi przez &#8222;efekt Biedronki&#8221;. Notowania polskiej sp\u00f3\u0142ki lec\u0105 w d\u00f3\u0142"},"content":{"rendered":"<p>2026-01-14 12:55<\/p>\n<p>publikacja<br \/>2026-01-14 12:55<\/p>\n<p>Podziel si\u0119<\/p>\n<p>Akcje Dino spada\u0142y w \u015brod\u0119 oko\u0142o po\u0142udnia o ponad 6%. Na notowaniach sp\u00f3\u0142ki odbija si\u0119 obserwowana ju\u017c w przesz\u0142o\u015bci zale\u017cno\u015b\u0107, kt\u00f3r\u0105 mo\u017cemy okre\u015bli\u0107 jako &#8222;efekt Biedronki&#8221;. Gdy wyniki portugalskiego konkurenta budzi\u0142y rozczarowanie, wyprzeda\u017c dotyka\u0142a cz\u0119sto gie\u0142dowe akcje polskiej sieci sklep\u00f3w spo\u017cywczych.<\/p>\n<p><img decoding=\"async\" class=\"o-graphics-multiobject__inner-blurry-picture-img\" src=\"https:\/\/www.europesays.com\/pl\/wp-content\/uploads\/2026\/01\/6ff5304d747f3c-948-568-0-118-1900-1139.jpg\" width=\"948\" height=\"568\" alt=\"Dino cierpi przez &quot;efekt Biedronki&quot;. Notowania polskiej sp\u00f3\u0142ki lec\u0105 w d\u00f3\u0142\" loading=\"lazy\"\/><img decoding=\"async\" class=\"o-graphics-multiobject__item webfeedsFeaturedVisual\" src=\"https:\/\/www.europesays.com\/pl\/wp-content\/uploads\/2026\/01\/6ff5304d747f3c-948-568-0-118-1900-1139.jpg\" width=\"948\" height=\"568\" alt=\"Dino cierpi przez &quot;efekt Biedronki&quot;. Notowania polskiej sp\u00f3\u0142ki lec\u0105 w d\u00f3\u0142\" loading=\"lazy\"\/>fot. Cezary Pecold \/ \/\u00a0Forum<\/p>\n<p>Notowania Dino w \u015brod\u0119 14 stycznia zacz\u0119\u0142y spada\u0107 wraz z otwarciem sesji na warszawskiej gie\u0142dzie. W kolejnych godzinach przecena stawa\u0142a si\u0119 coraz wi\u0119ksza i o godzinie 12:07 akcje sp\u00f3\u0142ki traci\u0142y ju\u017c 6,16%.<\/p>\n<p><img decoding=\"async\" alt=\"\" class=\"o-graphics-multiobject__inner-blurry-picture-img\" height=\"358\" loading=\"lazy\" src=\"https:\/\/www.europesays.com\/pl\/wp-content\/uploads\/2026\/01\/6ea134e4e2c093-724-358-0-0-724-358.jpg\" width=\"724\"\/><\/p>\n<p><img decoding=\"async\" alt=\"\" class=\"o-graphics-multiobject__item webfeedsFeaturedVisual\" height=\"358\" loading=\"lazy\" src=\"https:\/\/www.europesays.com\/pl\/wp-content\/uploads\/2026\/01\/6ea134e4e2c093-724-358-0-0-724-358.jpg\" width=\"724\"\/><\/p>\n<p>Notowania Dino podczas sesji 14.01.2026 r. (Bankier.pl)<\/p>\n<p>Akcje Dino spadaj\u0105 przez deflacj\u0119 koszyka w Biedronce<\/p>\n<p>Na \u015brodowych notowaniach Dino odbi\u0142y si\u0119 zaprezentowane we wtorek wst\u0119pne wyniki Jeronimo Martins &#8211; w\u0142a\u015bciciela sieci Biedronka &#8211; za IV kwarta\u0142 2025 roku. Portugalska sp\u00f3\u0142ka pochwali\u0142a si\u0119 wzrostem przychod\u00f3w o 7,9% rdr do kwoty 6,59 mld euro oraz wzrostem sprzeda\u017cy w lokalnej walucie o\u00a06,1%.<\/p>\n<p>By\u0142a to w du\u017cej mierze zas\u0142uga nowo otwieranych Biedronek, kt\u00f3re przybywa\u0142y w 2025 roku w tempie przekraczaj\u0105cym jeden sklep dziennie (\u0142\u0105cznie 448 nowych punkt\u00f3w sprzeda\u017cy). Por\u00f3wnuj\u0105c\u00a0sprzeda\u017c tylko w tych samych sklepach, kt\u00f3re by\u0142y otwarte rok wcze\u015bniej, sprzeda\u017c wzros\u0142a o 2,4%.\u00a0<\/p>\n<p>Inwestor\u00f3w zaniepokoi\u0142a natomiast informacja z komentarza do wynik\u00f3w sp\u00f3\u0142ki. Jak poinformowa\u0142o Jeronimo Martins, &#8222;w ostatnim kwartale roku sie\u0107 odnotowa\u0142a niewielk\u0105 deflacj\u0119 koszyka&#8221;, kt\u00f3ra mia\u0142a wynika\u0107 g\u0142\u00f3wnie ze znacznej ekspozycji na kategorie, w kt\u00f3rych ceny rynkowe uleg\u0142y modyfikacji. <\/p>\n<p>Na mar\u017cy negatywnie odby\u0142a si\u0119 tak\u017ce zintensyfikowana dzia\u0142alno\u015b\u0107 promocyjna w Biedronkach, kt\u00f3ra jednak r\u00f3wnocze\u015bnie wspar\u0142a wolumen sprzeda\u017cy i co za tym idzie wyniki. W \u015brod\u0119 notowania Jeronimo Martins na gie\u0142dzie w Lizbonie rozpocz\u0119\u0142y handel od spadk\u00f3w i w po\u0142udnie akcje sp\u00f3\u0142ki traci\u0142y ok. 3,9%.\u00a0\u00a0<\/p>\n<p>Akcje Dino\u00a0cz\u0119sto spada\u0142y lub odczuwa\u0142y presj\u0119 z powodu wynik\u00f3w portugalskiej konkurencji, co szczeg\u00f3lnie mocno mogli\u015bmy obserwowa\u0107 w 2024 i 2025 roku. S\u0142absze dane od Jeronimo Martins wielokrotnie rzutowa\u0142y te\u017c na notowania Eurocashu. W momencie pisania tego tekstu traci\u0142y one 2%. Na &#8222;efekt Biedronki&#8221; w przypadku Dino nak\u0142adaj\u0105 si\u0119 teraz problemy wewn\u0105trz sp\u00f3\u0142ki.<\/p>\n<p>Trwa sp\u00f3r zwi\u0105zkowc\u00f3w z Dino<\/p>\n<p>Jak informowali\u015bmy w Bankier.pl na pocz\u0105tku grudnia, zwi\u0105zkowcy z Dino zarzucaj\u0105 firmie \u0142amanie prawa pracy.\u00a0<a href=\"https:\/\/www.bankier.pl\/wiadomosc\/Zyski-rosna-szybciej-niz-zadowolenie-zalogi-Mozliwy-strajk-w-Dino-9049937.html\" target=\"_blank\" data-vr-contentbox=\"news_news_2\" data-vr-contentbox-url=\"https:\/\/www.bankier.pl\/wiadomosc\/Zyski-rosna-szybciej-niz-zadowolenie-zalogi-Mozliwy-strajk-w-Dino-9049937.html\" rel=\"nofollow noopener\">Pracownicy sieci skar\u017c\u0105 si\u0119 na trudne warunki pracy, niskie wynagrodzenia i brak \u015bwiadcze\u0144 socjalnych<\/a>.\u00a0<\/p>\n<p>Zwi\u0105zkowcy wyst\u0105pili do zarz\u0105du sieci o 900 z\u0142 podwy\u017cki dla pracownik\u00f3w, zwi\u0119kszenie ich liczby o 30 proc. i\u00a0\u017c\u0105daj\u0105 utworzenia Zak\u0142adowego Funduszu \u015awiadcze\u0144 Socjalnych. <a href=\"https:\/\/www.bankier.pl\/wiadomosc\/Inspektorzy-skontroluja-warunki-pracy-w-Dino-Polska-9054716.html\" target=\"_blank\" data-vr-contentbox=\"news_news_3\" data-vr-contentbox-url=\"https:\/\/www.bankier.pl\/wiadomosc\/Inspektorzy-skontroluja-warunki-pracy-w-Dino-Polska-9054716.html\" rel=\"nofollow noopener\">G\u0142\u00f3wny Inspektorat Pracy zapowiedzia\u0142 kontrole warunk\u00f3w, w jakich pracuj\u0105 osoby zatrudnione przez sie\u0107<\/a>.<\/p>\n<p>W ostatnich dniach dzia\u0142aj\u0105cy w sieci Dino zwi\u0105zek OPZZ Konfederacja Pracy informowa\u0142, \u017ce\u00a0kierownictwo wys\u0142a\u0142o do pracownik\u00f3w pismo <a href=\"https:\/\/www.bankier.pl\/wiadomosc\/Pracownicy-Dino-nie-dostana-urlopu-w-wakacje-ani-przed-Wielkanoca-9066873.html\" target=\"_blank\" data-vr-contentbox=\"news_news_4\" data-vr-contentbox-url=\"https:\/\/www.bankier.pl\/wiadomosc\/Pracownicy-Dino-nie-dostana-urlopu-w-wakacje-ani-przed-Wielkanoca-9066873.html\" rel=\"nofollow noopener\">z zakazem brania urlop\u00f3w w okresie czerwiec-sierpie\u0144 oraz w okolicy \u015bwi\u0105t wielkanocnych<\/a>.<\/p>\n<p>MM<\/p>\n<p>\u0179r\u00f3d\u0142o:<a href=\"\" target=\"_blank\" rel=\"noopener nofollow\"><img decoding=\"async\" class=\"a-image__img\" src=\"https:\/\/www.europesays.com\/pl\/wp-content\/uploads\/2026\/01\/5ef7bb0f2bddb9.png\" loading=\"lazy\" width=\"100\" height=\"32\"\/><\/a><\/p>\n","protected":false},"excerpt":{"rendered":"2026-01-14 12:55 publikacja2026-01-14 12:55 Podziel si\u0119 Akcje Dino spada\u0142y w \u015brod\u0119 oko\u0142o po\u0142udnia o ponad 6%. Na notowaniach&hellip;\n","protected":false},"author":2,"featured_media":200959,"comment_status":"","ping_status":"","sticky":false,"template":"","format":"standard","meta":{"footnotes":""},"categories":[16],"tags":[113,112,42,38,40,39,41],"class_list":{"0":"post-204227","1":"post","2":"type-post","3":"status-publish","4":"format-standard","5":"has-post-thumbnail","7":"category-biznes","8":"tag-biznes","9":"tag-business","10":"tag-pl","11":"tag-poland","12":"tag-polish","13":"tag-polska","14":"tag-polski"},"share_on_mastodon":{"url":"https:\/\/pubeurope.com\/@pl\/115893546986276659","error":""},"_links":{"self":[{"href":"https:\/\/www.europesays.com\/pl\/wp-json\/wp\/v2\/posts\/204227","targetHints":{"allow":["GET"]}}],"collection":[{"href":"https:\/\/www.europesays.com\/pl\/wp-json\/wp\/v2\/posts"}],"about":[{"href":"https:\/\/www.europesays.com\/pl\/wp-json\/wp\/v2\/types\/post"}],"author":[{"embeddable":true,"href":"https:\/\/www.europesays.com\/pl\/wp-json\/wp\/v2\/users\/2"}],"replies":[{"embeddable":true,"href":"https:\/\/www.europesays.com\/pl\/wp-json\/wp\/v2\/comments?post=204227"}],"version-history":[{"count":0,"href":"https:\/\/www.europesays.com\/pl\/wp-json\/wp\/v2\/posts\/204227\/revisions"}],"wp:featuredmedia":[{"embeddable":true,"href":"https:\/\/www.europesays.com\/pl\/wp-json\/wp\/v2\/media\/200959"}],"wp:attachment":[{"href":"https:\/\/www.europesays.com\/pl\/wp-json\/wp\/v2\/media?parent=204227"}],"wp:term":[{"taxonomy":"category","embeddable":true,"href":"https:\/\/www.europesays.com\/pl\/wp-json\/wp\/v2\/categories?post=204227"},{"taxonomy":"post_tag","embeddable":true,"href":"https:\/\/www.europesays.com\/pl\/wp-json\/wp\/v2\/tags?post=204227"}],"curies":[{"name":"wp","href":"https:\/\/api.w.org\/{rel}","templated":true}]}}