{"id":204228,"date":"2026-01-14T12:52:09","date_gmt":"2026-01-14T12:52:09","guid":{"rendered":"https:\/\/www.europesays.com\/pl\/204228\/"},"modified":"2026-01-14T12:52:09","modified_gmt":"2026-01-14T12:52:09","slug":"wojna-na-ukrainie-media-kushner-i-witkoff-maja-spotkac-sie-z-putinem-w-moskwie","status":"publish","type":"post","link":"https:\/\/www.europesays.com\/pl\/204228\/","title":{"rendered":"Wojna na Ukrainie. Media: Kushner i Witkoff maj\u0105 spotka\u0107 si\u0119 z Putinem w Moskwie"},"content":{"rendered":"<p>W skr\u00f3cie<\/p>\n<ul class=\"typography ids-typeset-text ids-typeset-text--preset-large list ids-list ids-list--unordered ids-list--size-large \" datatype=\"disc\">\n<li class=\"ids-list-item\">\n<p>Wed\u0142ug medi\u00f3w Steve Witkoff i Jared Kushner planuj\u0105 spotkanie z W\u0142adimirem Putinem w Moskwie, by om\u00f3wi\u0107 propozycje pokojowe dla Ukrainy.<\/p>\n<\/li>\n<li class=\"ids-list-item\">\n<p>Bia\u0142y Dom zaprzecza istnieniu takich plan\u00f3w, ale \u017ar\u00f3d\u0142a Bloomberga sugeruj\u0105 trwaj\u0105ce przygotowania.<\/p>\n<\/li>\n<li class=\"ids-list-item\">\n<p>Pomimo rozm\u00f3w i negocjacji, Rosja kontynuuje ataki na Ukrain\u0119, a sytuacja humanitarna wci\u0105\u017c si\u0119 pogarsza.<\/p>\n<\/li>\n<li class=\"ids-list-item\"><\/li>\n<\/ul>\n<p class=\"typography ids-typeset-body ids-typeset-body--preset-large link paragraph ids-paragraph ids-paragraph--default\">Jak informuje Bloomberg, spotkanie potencjalnie mog\u0142oby si\u0119 odby\u0107 jeszcze w tym miesi\u0105cu, jednak data nie zosta\u0142a oficjalnie ustalona, a termin mo\u017ce ulec przesuni\u0119ciu z powodu zamieszek w <a href=\"https:\/\/wydarzenia.interia.pl\/tematy-iran,gsbi,2646\" rel=\"nofollow noopener\" target=\"_blank\">Iranie<\/a>.<\/p>\n<p class=\"typography ids-typeset-body ids-typeset-body--preset-large link paragraph ids-paragraph ids-paragraph--default\">Urz\u0119dnik <a href=\"https:\/\/wydarzenia.interia.pl\/tematy-bialy-dom,gsbi,5298\" rel=\"nofollow noopener\" target=\"_blank\">Bia\u0142ego Domu<\/a> powiedzia\u0142 agencji Bloomberg, \u017ce obecnie nie jest planowane takie spotkanie. Tymczasem \u017ar\u00f3d\u0142o poda\u0142o, \u017ce g\u0142\u00f3wn\u0105 przeszkodz\u0105 w ustaleniu daty ma by\u0107 fakt, \u017ce nie wiadomo, na ile Putin jest w og\u00f3le zainteresowany wizyt\u0105 ameryka\u0144skiej delegacji.<\/p>\n<p>Ukraina-Rosja. Media: Kushner i Witkoff maj\u0105 spotka\u0107 si\u0119 z Putinem w Moskwie. Wyciek\u0142y tematy rozm\u00f3w<\/p>\n<p class=\"typography ids-typeset-body ids-typeset-body--preset-large link paragraph ids-paragraph ids-paragraph--default\">Celem wyjazdu do <a href=\"https:\/\/wydarzenia.interia.pl\/tematy-rosja,gsbi,3125\" rel=\"nofollow noopener\" target=\"_blank\">Rosji<\/a> mia\u0142oby by\u0107 przedstawienie Putinowi i jego zespo\u0142owi najnowszego projektu propozycji pokojowych.\u00a0Rozmowy mia\u0142yby obj\u0105\u0107 gwarancje bezpiecze\u0144stwa ze strony USA i <a href=\"https:\/\/wydarzenia.interia.pl\/tematy-europa,gsbi,4992\" rel=\"nofollow noopener\" target=\"_blank\">Europy<\/a> w celu utrzymania ewentualnego porozumienia, a tak\u017ce powojenn\u0105 odbudow\u0119 <a href=\"https:\/\/wydarzenia.interia.pl\/tematy-ukraina,gsbi,3144\" rel=\"nofollow noopener\" target=\"_blank\">Ukrainy<\/a>.<\/p>\n<p class=\"typography ids-typeset-body ids-typeset-body--preset-large link paragraph ids-paragraph ids-paragraph--default\">&#8222;<a href=\"https:\/\/wydarzenia.interia.pl\/tematy-stany-zjednoczone,gsbi,4230\" rel=\"nofollow noopener\" target=\"_blank\">Stany Zjednoczone<\/a> przygotowa\u0142y dalsze sankcje\u00a0na wypadek, gdyby prezydent zdecydowa\u0142 si\u0119 podj\u0105\u0107 dzia\u0142ania w zwi\u0105zku z ci\u0105g\u0142ym odrzucaniem przez Rosj\u0119 porozumienia pokojowego&#8221; &#8211; opisuje Bloomberg.<\/p>\n<p class=\"typography ids-typeset-body ids-typeset-body--preset-large link paragraph ids-paragraph ids-paragraph--default\">Tymczasem przedstawiciele w\u0142adz USA i Ukrainy informowali w ostatnim czasie o &#8222;znacznym post\u0119pie&#8221;\u00a0w realizacji 20-punktowego planu zako\u0144czenia wojny w Ukrainie, twierdz\u0105c, \u017ce oko\u0142o\u00a090 proc. planu\u00a0zosta\u0142o zrealizowane, cho\u0107 nadal pozostaj\u0105 &#8222;kluczowe kwestie sporne&#8221;.<\/p>\n<p class=\"typography ids-typeset-body ids-typeset-body--preset-large link paragraph ids-paragraph ids-paragraph--default\">Witkoff i Kushner, zi\u0119\u0107 Trumpa, odwiedzili wcze\u015bniej <a href=\"https:\/\/wydarzenia.interia.pl\/tematy-moskwa,gsbi,4412\" rel=\"nofollow noopener\" target=\"_blank\">Moskw\u0119<\/a> i spotkali si\u0119 z Putinem w grudniu. Podczas tej podr\u00f3\u017cy negocjacje trwa\u0142y blisko pi\u0119\u0107 godzin, ale\u00a0nie przynios\u0142y prze\u0142omu.\u00a0Witkoff spotka\u0142 si\u0119 z Putinem w Rosji \u0142\u0105cznie sze\u015b\u0107 razy w zesz\u0142ym roku.<\/p>\n<p>Wojna w Ukrainie. Zmasowane ataki Rosji na infrastruktur\u0119 krytyczn\u0105<\/p>\n<p class=\"typography ids-typeset-body ids-typeset-body--preset-large link paragraph ids-paragraph ids-paragraph--default\">Trwaj\u0105ce negocjacje, w kt\u00f3re zaanga\u017cowani s\u0105 \u015bwiatowi przyw\u00f3dcy i tzw. Koalicja Ch\u0119tnych nie powstrzymuj\u0105 Rosji przed dalszymi, masowymi atakami na Ukrain\u0119.<\/p>\n<p class=\"typography ids-typeset-body ids-typeset-body--preset-large link paragraph ids-paragraph ids-paragraph--default\">Tylko we wtorek, nad ranem, armia rosyjskich dron\u00f3w uszkodzi\u0142a infrastruktur\u0119 w Krzywym Rogu, pozostawiaj\u0105c dziesi\u0105tki tysi\u0119cy cywil\u00f3w bez dostaw pr\u0105du.<\/p>\n<p class=\"typography ids-typeset-body ids-typeset-body--preset-large link paragraph ids-paragraph ids-paragraph--default\">Wcze\u015bniej Rosjanie wykorzystali rakiet\u0119 balistyczn\u0105 Oresznik.\u00a0&#8211; Uderzenie tu\u017c u granic UE jest wyzwaniem dla <a href=\"https:\/\/wydarzenia.interia.pl\/tematy-warszawa,gsbi,3411\" rel=\"nofollow noopener\" target=\"_blank\">Warszawy<\/a>, Bukaresztu, a nawet Budapesztu &#8211; przekaza\u0142 prezydent Ukrainy <a href=\"https:\/\/wydarzenia.interia.pl\/tematy-wolodymyr-zelenski,gsbi,11\" rel=\"nofollow noopener\" target=\"_blank\">Wo\u0142odymyr Ze\u0142enski<\/a>. Europejscy liderzy stanowczo pot\u0119pili atak, a S\u0142u\u017cba Bezpiecze\u0144stwa Ukrainy zakwalifikowa\u0142a incydent jako\u00a0zbrodni\u0119 wojenn\u0105.<\/p>\n<p class=\"typography ids-typeset-body ids-typeset-body--preset-large link paragraph ids-paragraph ids-paragraph--default\">\u0179r\u00f3d\u0142a:\u00a0Bloomberg, Interia<\/p>\n<p>Go\u0142oled\u017a, mr\u00f3z, \u015bnieg&#8230; B\u0119d\u0105 kolejne ostrze\u017cenia pogodowePolsat News<\/p>\n<p><a class=\"ids-undecorated-link source ids-page-info--source__link\" href=\"https:\/\/www.interia.pl\" rel=\"nofollow noopener\" target=\"_blank\"><img decoding=\"async\" class=\"ids-image-holder__img\" loading=\"lazy\" alt=\"\" title=\"\" height=\"24px\" src=\"https:\/\/www.europesays.com\/pl\/wp-content\/uploads\/2026\/01\/1767782590_880_0009A60QQ5I2TYF7-C202-F4.webp.webp\"\/><\/a><\/p>\n<p>Masz sugestie, uwagi albo widzisz b\u0142\u0105d? Napisz do nas<\/p>\n","protected":false},"excerpt":{"rendered":"W skr\u00f3cie Wed\u0142ug medi\u00f3w Steve Witkoff i Jared Kushner planuj\u0105 spotkanie z W\u0142adimirem Putinem w Moskwie, by om\u00f3wi\u0107&hellip;\n","protected":false},"author":2,"featured_media":204229,"comment_status":"","ping_status":"","sticky":false,"template":"","format":"standard","meta":{"footnotes":""},"categories":[14],"tags":[32,33,27,34,35,28,31,25,40,41,80,29,30,26,82,83,84],"class_list":{"0":"post-204228","1":"post","2":"type-post","3":"status-publish","4":"format-standard","5":"has-post-thumbnail","7":"category-swiat","8":"tag-breaking-news","9":"tag-breakingnews","10":"tag-headlines","11":"tag-latest-news","12":"tag-latestnews","13":"tag-naglowki","14":"tag-najwazniejsze-artykuly","15":"tag-news","16":"tag-polish","17":"tag-polski","18":"tag-swiat","19":"tag-top-stories","20":"tag-topstories","21":"tag-wiadomosci","22":"tag-world","23":"tag-world-news","24":"tag-worldnews"},"share_on_mastodon":{"url":"https:\/\/pubeurope.com\/@pl\/115893550729318943","error":""},"_links":{"self":[{"href":"https:\/\/www.europesays.com\/pl\/wp-json\/wp\/v2\/posts\/204228","targetHints":{"allow":["GET"]}}],"collection":[{"href":"https:\/\/www.europesays.com\/pl\/wp-json\/wp\/v2\/posts"}],"about":[{"href":"https:\/\/www.europesays.com\/pl\/wp-json\/wp\/v2\/types\/post"}],"author":[{"embeddable":true,"href":"https:\/\/www.europesays.com\/pl\/wp-json\/wp\/v2\/users\/2"}],"replies":[{"embeddable":true,"href":"https:\/\/www.europesays.com\/pl\/wp-json\/wp\/v2\/comments?post=204228"}],"version-history":[{"count":0,"href":"https:\/\/www.europesays.com\/pl\/wp-json\/wp\/v2\/posts\/204228\/revisions"}],"wp:featuredmedia":[{"embeddable":true,"href":"https:\/\/www.europesays.com\/pl\/wp-json\/wp\/v2\/media\/204229"}],"wp:attachment":[{"href":"https:\/\/www.europesays.com\/pl\/wp-json\/wp\/v2\/media?parent=204228"}],"wp:term":[{"taxonomy":"category","embeddable":true,"href":"https:\/\/www.europesays.com\/pl\/wp-json\/wp\/v2\/categories?post=204228"},{"taxonomy":"post_tag","embeddable":true,"href":"https:\/\/www.europesays.com\/pl\/wp-json\/wp\/v2\/tags?post=204228"}],"curies":[{"name":"wp","href":"https:\/\/api.w.org\/{rel}","templated":true}]}}