{"id":204234,"date":"2026-01-14T12:55:08","date_gmt":"2026-01-14T12:55:08","guid":{"rendered":"https:\/\/www.europesays.com\/pl\/204234\/"},"modified":"2026-01-14T12:55:08","modified_gmt":"2026-01-14T12:55:08","slug":"wielkie-osiagniecie-wilfredo-leona-dokonal-tego-jako-pierwszy-w-historii","status":"publish","type":"post","link":"https:\/\/www.europesays.com\/pl\/204234\/","title":{"rendered":"Wielkie osi\u0105gni\u0119cie Wilfredo Leona. Dokona\u0142 tego jako pierwszy w historii"},"content":{"rendered":"\n<p class=\"contentpart contentpart--default contentpart--text\" data-position=\"0\">W niedziel\u0119\u00a0<a href=\"https:\/\/sportowefakty.wp.pl\/siatkowka\/luk-politechnika-lublin\" rel=\"nofollow noopener\" target=\"_blank\">Bogdanka LUK Lublin<\/a>\u00a0z <a href=\"https:\/\/sportowefakty.wp.pl\/siatkowka\/wilfredo-leon\" rel=\"nofollow noopener\" target=\"_blank\">Wilfredo Leonem<\/a>\u00a0w sk\u0142adzie pokona\u0142a dru\u017cyn\u0119 <a href=\"https:\/\/sportowefakty.wp.pl\/siatkowka\/resovia-rzeszow\" rel=\"nofollow noopener\" target=\"_blank\">Asseco Resovii Rzesz\u00f3w<\/a>\u00a0w finale <a href=\"https:\/\/sportowefakty.wp.pl\/siatkowka\/puchar-polski\" rel=\"nofollow noopener\" target=\"_blank\">Tauron Pucharu Polski<\/a>. By\u0142o to ostatnie trofeum, kt\u00f3rego brakowa\u0142o 32-letniemu przyjmuj\u0105cemu do skompletowania potr\u00f3jnej korony na polskich parkietach.<\/p>\n<p class=\"contentpart contentpart--default contentpart--text\" data-position=\"1\">Na pocz\u0105tku sezonu dopisa\u0142 do swojego dorobku Superpuchar Polski, natomiast w poprzedniej kampanii pom\u00f3g\u0142 klubowi z Lublina zdoby\u0107 pierwsze w historii, sensacyjne mistrzostwo Polski. Wcze\u015bniej Leon \u015bwi\u0119ci\u0142 triumfy w innych czo\u0142owych ligach.<\/p>\n<p>  <img decoding=\"async\" src=\"https:\/\/v.wpimg.pl\/X3dwLnN2d1IFFTpdYUl6R0ZNbgcnEHQREVV2TGEGbUtRT2MdOlZ2RBQUKABgQjQcDRotCStBd1IAAWMeIlM7VgwYIAorQAdEFFk_GCkQJQ\" alt=\"\" width=\"45\" height=\"58\" loading=\"lazy\"\/>  <\/p>\n<p class=\"contentpart contentpart--default contentpart--text\" data-position=\"2\">ZOBACZ WIDEO: Ma 40 lat. By\u0142a miss Polski wci\u0105\u017c zachwyca<\/p>\n<p class=\"contentpart contentpart--default contentpart--text\" data-position=\"4\">Po opuszczeniu Kuby jego nowym domem sta\u0142 si\u0119 <a href=\"https:\/\/sportowefakty.wp.pl\/siatkowka\/zenit-kazan\" rel=\"nofollow noopener\" target=\"_blank\">Zenit Kaza\u0144<\/a>. To w\u0142a\u015bnie w Rosji zainkasowa\u0142 sw\u00f3j pierwszy tryplet, zdobywaj\u0105c puchar oraz superpuchar w 2014 roku i tytu\u0142 mistrzowski rok p\u00f3\u017aniej. Po czterech latach zdecydowa\u0142 si\u0119 na transfer do W\u0142och, gdzie zasili\u0142 barwy <a href=\"https:\/\/sportowefakty.wp.pl\/siatkowka\/sir-safety-perugia\" rel=\"nofollow noopener\" target=\"_blank\">Sir Susa Scai Perugii<\/a>.<\/p>\n<p class=\"contentpart contentpart--default contentpart--text\" data-position=\"5\">Na skompletowanie trypletu na P\u00f3\u0142wyspie Apeni\u0144skim przysz\u0142o mu jednak d\u0142ugo czeka\u0107. Co prawda, ju\u017c w 2019 roku triumfowa\u0142 w pucharze oraz superpucharze, lecz w lidze musia\u0142 uznawa\u0107 wy\u017cszo\u015b\u0107 <a href=\"https:\/\/sportowefakty.wp.pl\/siatkowka\/lube-banca-macerata\" rel=\"nofollow noopener\" target=\"_blank\">Cucine Lube Civitanova<\/a>\u00a0i\u00a0<a href=\"https:\/\/sportowefakty.wp.pl\/siatkowka\/itas-diatec-trentino\" rel=\"nofollow noopener\" target=\"_blank\">Itas Trentino<\/a>. Upragniony tytu\u0142 mistrzowski uda\u0142o mu si\u0119 wywalczy\u0107 dopiero w swoim ostatnim sezonie na parkietach w\u0142oskiej Serie A.<\/p>\n<p class=\"contentpart contentpart--default contentpart--text\" data-position=\"6\">Ponadto, Wilfredo Leon czterokrotnie si\u0119ga\u0142 po trofeum Ligi Mistrz\u00f3w. W sumie w karierze do\u015bwiadczony przyjmuj\u0105cy zdoby\u0142 ju\u017c 34 tytu\u0142y, do kt\u00f3rych do\u0142o\u017cy\u0142 dwa trofea z reprezentacj\u0105 Kuby oraz trzy z reprezentacj\u0105 Polski. Nie zamierza jednak na tym poprzestawa\u0107.<\/p>\n<p>  <img decoding=\"async\" src=\"https:\/\/v.wpimg.pl\/X3dwLnN2d1IFFTpdYUl6R0ZNbgcnEHQREVV2TGEGbUtRT2MdOlZ2RBQUKABgQjQcDRotCStBd1IAAWMeIlM7VgwYIAorQAdEFFk_GCkQJQ\" alt=\"\" width=\"45\" height=\"58\" loading=\"lazy\"\/>  <\/p>\n<p class=\"contentpart contentpart--default contentpart--text\" data-position=\"7\">&#8211;\u00a0Oczywi\u015bcie wszystkim \u017cycz\u0119 powodzenia, my mamy pierwsze trofeum, ale chc\u0119 kolejne, bo nadal chcia\u0142bym si\u0119 znajdowa\u0107 w pierwszej dziesi\u0105tce najlepszych sportowc\u00f3w w Polsce &#8211; podsumowa\u0142 po finale Pucharu Polski.<\/p>\n","protected":false},"excerpt":{"rendered":"W niedziel\u0119\u00a0Bogdanka LUK Lublin\u00a0z Wilfredo Leonem\u00a0w sk\u0142adzie pokona\u0142a dru\u017cyn\u0119 Asseco Resovii Rzesz\u00f3w\u00a0w finale Tauron Pucharu Polski. By\u0142o to&hellip;\n","protected":false},"author":2,"featured_media":204235,"comment_status":"","ping_status":"","sticky":false,"template":"","format":"standard","meta":{"footnotes":""},"categories":[24],"tags":[19498,1343,39323,39324,42,38,40,39,41,3831,131,39322,127,126,33404,1342,28664],"class_list":{"0":"post-204234","1":"post","2":"type-post","3":"status-publish","4":"format-standard","5":"has-post-thumbnail","7":"category-sport","8":"tag-asseco-resovia-rzeszow","9":"tag-bogdanka-luk-lublin","10":"tag-cucine-lube-civitanova","11":"tag-itas-trentino","12":"tag-pl","13":"tag-poland","14":"tag-polish","15":"tag-polska","16":"tag-polski","17":"tag-pozostale-rozgrywki","18":"tag-siatkowka","19":"tag-sir-susa-scai-perugia","20":"tag-sport","21":"tag-sports","22":"tag-tauron-puchar-polski","23":"tag-wilfredo-leon","24":"tag-zenit-kazan"},"share_on_mastodon":{"url":"https:\/\/pubeurope.com\/@pl\/115893562527899303","error":""},"_links":{"self":[{"href":"https:\/\/www.europesays.com\/pl\/wp-json\/wp\/v2\/posts\/204234","targetHints":{"allow":["GET"]}}],"collection":[{"href":"https:\/\/www.europesays.com\/pl\/wp-json\/wp\/v2\/posts"}],"about":[{"href":"https:\/\/www.europesays.com\/pl\/wp-json\/wp\/v2\/types\/post"}],"author":[{"embeddable":true,"href":"https:\/\/www.europesays.com\/pl\/wp-json\/wp\/v2\/users\/2"}],"replies":[{"embeddable":true,"href":"https:\/\/www.europesays.com\/pl\/wp-json\/wp\/v2\/comments?post=204234"}],"version-history":[{"count":0,"href":"https:\/\/www.europesays.com\/pl\/wp-json\/wp\/v2\/posts\/204234\/revisions"}],"wp:featuredmedia":[{"embeddable":true,"href":"https:\/\/www.europesays.com\/pl\/wp-json\/wp\/v2\/media\/204235"}],"wp:attachment":[{"href":"https:\/\/www.europesays.com\/pl\/wp-json\/wp\/v2\/media?parent=204234"}],"wp:term":[{"taxonomy":"category","embeddable":true,"href":"https:\/\/www.europesays.com\/pl\/wp-json\/wp\/v2\/categories?post=204234"},{"taxonomy":"post_tag","embeddable":true,"href":"https:\/\/www.europesays.com\/pl\/wp-json\/wp\/v2\/tags?post=204234"}],"curies":[{"name":"wp","href":"https:\/\/api.w.org\/{rel}","templated":true}]}}