{"id":204254,"date":"2026-01-14T13:05:08","date_gmt":"2026-01-14T13:05:08","guid":{"rendered":"https:\/\/www.europesays.com\/pl\/204254\/"},"modified":"2026-01-14T13:05:08","modified_gmt":"2026-01-14T13:05:08","slug":"pracownicy-maja-dosc-pip-wchodzi-do-biedronki","status":"publish","type":"post","link":"https:\/\/www.europesays.com\/pl\/204254\/","title":{"rendered":"Pracownicy maj\u0105 do\u015b\u0107. PIP wchodzi do Biedronki"},"content":{"rendered":"<p class=\"article-p\" data-section=\"detail-body\">Sprawa trafi\u0142a do PIP za spraw\u0105 pos\u0142anki Pauliny Matysiak. Parlamentarzystka z\u0142o\u017cy\u0142a interpelacj\u0119 po tym, jak do niej i do zwi\u0105zk\u00f3w zawodowych zacz\u0119\u0142y nap\u0142ywa\u0107 niepokoj\u0105ce sygna\u0142y z ca\u0142ej Polski. Pracownicy skar\u017cyli si\u0119 na chaos w organizacji pracy w grudniu.<\/p>\n<p class=\"article-p\" data-section=\"detail-body\">Co dok\u0142adnie b\u0119d\u0105 sprawdza\u0107 inspektorzy? Jak poinformowa\u0142a pos\u0142anka, kontrole obejm\u0105 organizacj\u0119 czasu pracy, spos\u00f3b planowania grafik\u00f3w oraz to, czy przestrzegano praw pracowniczych w okresie przed\u015bwi\u0105tecznym. Spraw\u0119 przekazano do w\u0142a\u015bciwych okr\u0119gowych inspektorat\u00f3w pracy.<\/p>\n<p class=\"article-p\" data-section=\"detail-body\">Problem dotyczy\u0142 nag\u0142ych zmian w ustalonych wcze\u015bniej grafikach. Mimo \u017ce pracownicy mieli podpisane harmonogramy, w grudniu godziny otwarcia sklep\u00f3w nagle wyd\u0142u\u017cono \u2014 niekt\u00f3re plac\u00f3wki by\u0142y czynne nawet do pierwszej w nocy. Dla tysi\u0119cy zatrudnionych oznacza\u0142o to trudno\u015bci z powrotem do domu i brak czasu na odpoczynek.<\/p>\n<p class=\"article-p\" data-section=\"detail-body\">To nie wszystko. Pracownicy zg\u0142aszali r\u00f3wnie\u017c problemy z brakami kadrowymi, presj\u0119 na prac\u0119 w nadgodzinach oraz odmowy urlop\u00f3w i dni wolnych, w tym tych zwi\u0105zanych z opiek\u0105 nad dzieckiem. Pos\u0142anka podkre\u015bla, \u017ce warunki pracy w okresie przed\u015bwi\u0105tecznym by\u0142y szczeg\u00f3lnie uci\u0105\u017cliwe.<\/p>\n<p>        Pracownicy maj\u0105 do\u015b\u0107. PIP wchodzi do Biedronki<\/p>\n<p class=\"article-p\" data-section=\"detail-body\">Wigilia zosta\u0142a ustanowiona dniem wolnym, by pracownicy handlu mogli sp\u0119dzi\u0107 czas z rodzin\u0105. W praktyce jednak wolne trzeba by\u0142o &#8222;odrobi\u0107&#8221; \u2014 wszystkie grudniowe niedziele przed \u015bwi\u0119tami by\u0142y handlowe, a sklepy przed Wigili\u0105 pozostawa\u0142y otwarte d\u0142u\u017cej ni\u017c zwykle.<\/p>\n<p class=\"article-p\" data-section=\"detail-body\">\u2014 W mojej ocenie takie praktyki s\u0105 po prostu nieuczciwe \u2014 ocenia Matysiak. Dodaje, \u017ce pracownicy handlu zas\u0142uguj\u0105 na przewidywalne grafiki i normalne warunki pracy, tak\u017ce w okresie przed\u015bwi\u0105tecznym.<\/p>\n<p class=\"article-p\" data-section=\"detail-body\">Po zako\u0144czeniu kontroli PIP ma przekaza\u0107 informacje o ustaleniach i podj\u0119tych dzia\u0142aniach.<\/p>\n<p class=\"article-p\" data-section=\"detail-body\">\u0179r\u00f3d\u0142o: Fakt.pl, wiadomoscihandlowe.pl<\/p>\n<p class=\"article-p\" data-section=\"detail-body\"><a href=\"https:\/\/www.fakt.pl\/pieniadze\/czego-nie-wolno-robic-w-pociagu-zlamanie-zakazu-grozi-surowa-kara\/jdyfzeg\" id=\"a001d5d5-8aa5-4ad2-b99f-60dae70628a3\" rel=\"nofollow noopener\" target=\"_blank\">Podr\u00f3\u017c poci\u0105giem pod lup\u0105 PKP. Mandat do 1900 z\u0142 za z\u0142amanie tej zasady<\/a><\/p>\n<p class=\"article-p\" data-section=\"detail-body\"><a href=\"https:\/\/www.fakt.pl\/pieniadze\/lotnisko-chopina-ostrzega-pasazerow-w-srode-duze-utrudnienia\/8rz8s21\" id=\"8b113cde-6335-46dc-8ca4-26353a90f128\" rel=\"nofollow noopener\" target=\"_blank\">Lotnisko Chopina ostrzega pasa\u017cer\u00f3w. W \u015brod\u0119 du\u017ce utrudnienia<\/a><\/p>\n<p class=\"article-p\" data-section=\"detail-body\"><a href=\"https:\/\/www.fakt.pl\/pieniadze\/gig-economy-zmienia-rynek-pracy-w-polsce-etat-przestaje-byc-standardem\/9nzn5yn\" id=\"40de6486-029f-4bbc-b1b4-7de086c9b062\" rel=\"nofollow noopener\" target=\"_blank\">Krzysztof Inglot przewiduje rewolucj\u0119 w zatrudnieniu. Projekty zamiast etat\u00f3w<\/a><\/p>\n","protected":false},"excerpt":{"rendered":"Sprawa trafi\u0142a do PIP za spraw\u0105 pos\u0142anki Pauliny Matysiak. Parlamentarzystka z\u0142o\u017cy\u0142a interpelacj\u0119 po tym, jak do niej i&hellip;\n","protected":false},"author":2,"featured_media":204255,"comment_status":"","ping_status":"","sticky":false,"template":"","format":"standard","meta":{"footnotes":""},"categories":[16],"tags":[113,112,42,38,40,39,41],"class_list":{"0":"post-204254","1":"post","2":"type-post","3":"status-publish","4":"format-standard","5":"has-post-thumbnail","7":"category-biznes","8":"tag-biznes","9":"tag-business","10":"tag-pl","11":"tag-poland","12":"tag-polish","13":"tag-polska","14":"tag-polski"},"share_on_mastodon":{"url":"https:\/\/pubeurope.com\/@pl\/115893601853950829","error":""},"_links":{"self":[{"href":"https:\/\/www.europesays.com\/pl\/wp-json\/wp\/v2\/posts\/204254","targetHints":{"allow":["GET"]}}],"collection":[{"href":"https:\/\/www.europesays.com\/pl\/wp-json\/wp\/v2\/posts"}],"about":[{"href":"https:\/\/www.europesays.com\/pl\/wp-json\/wp\/v2\/types\/post"}],"author":[{"embeddable":true,"href":"https:\/\/www.europesays.com\/pl\/wp-json\/wp\/v2\/users\/2"}],"replies":[{"embeddable":true,"href":"https:\/\/www.europesays.com\/pl\/wp-json\/wp\/v2\/comments?post=204254"}],"version-history":[{"count":0,"href":"https:\/\/www.europesays.com\/pl\/wp-json\/wp\/v2\/posts\/204254\/revisions"}],"wp:featuredmedia":[{"embeddable":true,"href":"https:\/\/www.europesays.com\/pl\/wp-json\/wp\/v2\/media\/204255"}],"wp:attachment":[{"href":"https:\/\/www.europesays.com\/pl\/wp-json\/wp\/v2\/media?parent=204254"}],"wp:term":[{"taxonomy":"category","embeddable":true,"href":"https:\/\/www.europesays.com\/pl\/wp-json\/wp\/v2\/categories?post=204254"},{"taxonomy":"post_tag","embeddable":true,"href":"https:\/\/www.europesays.com\/pl\/wp-json\/wp\/v2\/tags?post=204254"}],"curies":[{"name":"wp","href":"https:\/\/api.w.org\/{rel}","templated":true}]}}