{"id":204266,"date":"2026-01-14T13:11:08","date_gmt":"2026-01-14T13:11:08","guid":{"rendered":"https:\/\/www.europesays.com\/pl\/204266\/"},"modified":"2026-01-14T13:11:08","modified_gmt":"2026-01-14T13:11:08","slug":"wincie-battlefield-zwolniony-bobby-kotick-obwinia-konkurencje-call-of-duty-za-slaba-sprzedaz-black-ops-7","status":"publish","type":"post","link":"https:\/\/www.europesays.com\/pl\/204266\/","title":{"rendered":"WI\u0143CIE BATTLEFIELD! Zwolniony Bobby Kotick obwinia konkurencj\u0119 Call of Duty za s\u0142ab\u0105 sprzeda\u017c Black Ops 7"},"content":{"rendered":"<p>Bobby Kotick, by\u0142y dyrektor generalny Activision Blizzard, rzuci\u0142 nowe \u015bwiat\u0142o na trudn\u0105 sytuacj\u0119 finansow\u0105 serii Call of Duty.<\/p>\n<p>W dokumentach z\u0142o\u017conych w s\u0105dzie w stanie Delaware, Kotick przyzna\u0142, \u017ce wyniki sprzeda\u017cowe marki w 2025 roku drastycznie odbiegaj\u0105 od d\u0142ugoterminowych za\u0142o\u017ce\u0144 firmy. Wed\u0142ug jego prognoz, tegoroczna ods\u0142ona popularnej strzelanki mo\u017ce zanotowa\u0107 spadek o ponad 60% wzgl\u0119dem roku 2024, co stanowi jeden z najpowa\u017cniejszych kryzys\u00f3w w historii tej legendarnej serii.<\/p>\n<p>    Dalsza cz\u0119\u015b\u0107 tekstu pod wideo<\/p>\n<p>Jako g\u0142\u00f3wn\u0105 przyczyn\u0119 tego za\u0142amania Kotick wskaza\u0142 ogromn\u0105 konkurencj\u0119 na rynku strzelanek pierwszoosobowych, wymieniaj\u0105c bezpo\u015brednio Battlefield 6. By\u0142y szef giganta uwa\u017ca, \u017ce to w\u0142a\u015bnie sukces i jako\u015b\u0107 produkcji od EA odci\u0105gn\u0119\u0142y graczy od Call of Duty, udowadniaj\u0105c, \u017ce rynek jest znacznie bardziej dynamiczny, ni\u017c zak\u0142adali niekt\u00f3rzy obserwatorzy. Argument ten s\u0142u\u017cy Kotickowi r\u00f3wnie\u017c do podwa\u017cenia wcze\u015bniejszych zastrze\u017ce\u0144 Federalnej Komisji Handlu (FTC), kt\u00f3ra pr\u00f3bowa\u0142a zablokowa\u0107 przej\u0119cie Activision przez Microsoft, twierdz\u0105c, \u017ce transakcja ta zdusi konkurencj\u0119 w bran\u017cy.<\/p>\n<p>        <img loading=\"lazy\" decoding=\"async\" src=\"https:\/\/www.europesays.com\/pl\/wp-content\/uploads\/2026\/01\/1767809589_489_B32963402.414688363;dc_trk_aid=607216972;dc_trk_cid=228291445;ord=[timestamp];dc_lat=;dc_rdid=;tag_f.gif\" attributionsrc=\"\" border=\"0\" height=\"1\" width=\"1\" alt=\"Advertisement\"\/><\/p>\n<p>Obecna sytuacja finansowa serii, zdaniem Koticka, jest dowodem na to, \u017ce rynek gier akcji pozostaje niezwykle zaci\u0119ty, a gracze nie wahaj\u0105 si\u0119 zmienia\u0107 swoich preferencji na korzy\u015b\u0107 lepiej ocenianych tytu\u0142\u00f3w. Cho\u0107 Microsoft czerpie korzy\u015bci z fuzji, realne wyniki finansowe oddzia\u0142u Activision spad\u0142y znacznie poni\u017cej wyznaczonych cel\u00f3w. Kotick nie omieszka\u0142 r\u00f3wnie\u017c zasugerowa\u0107, \u017ce widoczny spadek formy Call of Duty nast\u0105pi\u0142 po jego odej\u015bciu ze stanowiska, co dodaje ca\u0142ej sprawie personalnego kontekstu w obliczu tocz\u0105cych si\u0119 post\u0119powa\u0144 s\u0105dowych.<\/p>\n<p>Mimo problem\u00f3w, Activision nie poddaje si\u0119 w walce o odzyskanie zaufania fan\u00f3w, wypuszczaj\u0105c kolejne aktualizacje do najnowszej cz\u0119\u015bci, Black Ops 7. Z kolei konkurencja, mimo sukcesu, r\u00f3wnie\u017c boryka si\u0119 z wyzwaniami &#8211; <a href=\"https:\/\/www.ppe.pl\/news\/395731\/koszmar-graczy-battlefield-6-trwa-ea-opoznia-nowa-zawartosc.html\" target=\"_blank\" rel=\"noopener nofollow\">EA og\u0142osi\u0142o niedawno op\u00f3\u017anienie startu drugiego sezonu w Battlefield 6<\/a>.<\/p>\n","protected":false},"excerpt":{"rendered":"Bobby Kotick, by\u0142y dyrektor generalny Activision Blizzard, rzuci\u0142 nowe \u015bwiat\u0142o na trudn\u0105 sytuacj\u0119 finansow\u0105 serii Call of Duty.&hellip;\n","protected":false},"author":2,"featured_media":155737,"comment_status":"","ping_status":"","sticky":false,"template":"","format":"standard","meta":{"footnotes":""},"categories":[20],"tags":[120,118,119,42,38,40,39,41,116,114,115,121,117],"class_list":{"0":"post-204266","1":"post","2":"type-post","3":"status-publish","4":"format-standard","5":"has-post-thumbnail","7":"category-nauka-i-technika","8":"tag-nauka","9":"tag-nauka-i-technika","10":"tag-naukatechnika","11":"tag-pl","12":"tag-poland","13":"tag-polish","14":"tag-polska","15":"tag-polski","16":"tag-science","17":"tag-science-and-technology","18":"tag-sciencetechnology","19":"tag-technika","20":"tag-technology"},"share_on_mastodon":{"url":"https:\/\/pubeurope.com\/@pl\/115893625749659007","error":""},"_links":{"self":[{"href":"https:\/\/www.europesays.com\/pl\/wp-json\/wp\/v2\/posts\/204266","targetHints":{"allow":["GET"]}}],"collection":[{"href":"https:\/\/www.europesays.com\/pl\/wp-json\/wp\/v2\/posts"}],"about":[{"href":"https:\/\/www.europesays.com\/pl\/wp-json\/wp\/v2\/types\/post"}],"author":[{"embeddable":true,"href":"https:\/\/www.europesays.com\/pl\/wp-json\/wp\/v2\/users\/2"}],"replies":[{"embeddable":true,"href":"https:\/\/www.europesays.com\/pl\/wp-json\/wp\/v2\/comments?post=204266"}],"version-history":[{"count":0,"href":"https:\/\/www.europesays.com\/pl\/wp-json\/wp\/v2\/posts\/204266\/revisions"}],"wp:featuredmedia":[{"embeddable":true,"href":"https:\/\/www.europesays.com\/pl\/wp-json\/wp\/v2\/media\/155737"}],"wp:attachment":[{"href":"https:\/\/www.europesays.com\/pl\/wp-json\/wp\/v2\/media?parent=204266"}],"wp:term":[{"taxonomy":"category","embeddable":true,"href":"https:\/\/www.europesays.com\/pl\/wp-json\/wp\/v2\/categories?post=204266"},{"taxonomy":"post_tag","embeddable":true,"href":"https:\/\/www.europesays.com\/pl\/wp-json\/wp\/v2\/tags?post=204266"}],"curies":[{"name":"wp","href":"https:\/\/api.w.org\/{rel}","templated":true}]}}