{"id":204300,"date":"2026-01-14T13:29:19","date_gmt":"2026-01-14T13:29:19","guid":{"rendered":"https:\/\/www.europesays.com\/pl\/204300\/"},"modified":"2026-01-14T13:29:19","modified_gmt":"2026-01-14T13:29:19","slug":"media-sensacyjna-decyzja-hansiego-flicka-w-sprawie-wojciecha-szczesnego-przeglad-sportowy-onet","status":"publish","type":"post","link":"https:\/\/www.europesays.com\/pl\/204300\/","title":{"rendered":"Media: sensacyjna decyzja Hansiego Flicka w sprawie Wojciecha Szcz\u0119snego &#8211; Przegl\u0105d Sportowy Onet"},"content":{"rendered":"<ol>\n<li><a href=\"https:\/\/news.google.com\/rss\/articles\/CBMiwwFBVV95cUxNRzNHd09XTUtMZE10blBIRHh0WFgydmlNSmM0UlVQQzEzclRhVXhaTWkxN2lsLTdYeHo4dkZGOEpJeWpKdl9mOUEyaUdsN09aMVlfak55V3dGZUQ3SVdCUG9Nbm9SUl9jQmZIdUhsQ3pUV01VZWVPS2gtMkgwZ3JYRm1rSHBPbzdPeEh2bUV2cVg3dkdUbGhyV2J3a19jYmF5X2M2RVVjcXRZVjgxRHdjRWdycXM0RnUxZ3BYS2d4Z0N2RWs?oc=5\" target=\"_blank\" rel=\"nofollow noopener\">Media: sensacyjna decyzja Hansiego Flicka w sprawie Wojciecha Szcz\u0119snego<\/a>&nbsp;&nbsp;Przegl\u0105d Sportowy Onet<\/li>\n<li><a href=\"https:\/\/news.google.com\/rss\/articles\/CBMiogFBVV95cUxPZVpNa2tPUkRmRHZ1TFN1SDNIcUt4YlFYTE5XSHpTLU5ZZ2RCV3cwb01DZlFyaUh2OGRDZnN5X2lmMjk2TGRrNjJFaWlQUlVHTG80b2dhM3dpX1hoSkF6NXlUY2JHVjE5azQ5NWUxU3FYb3M2R2JiczZ5U2hreDdobDVWZVNBYklCN0U2UHZTV2hYbnpuQU5YcmhiYWlWdmhPa3c?oc=5\" target=\"_blank\" rel=\"nofollow noopener\">Co za cios dla Szcz\u0119snego! Flick nie owija\u0142 w bawe\u0142n\u0119<\/a>&nbsp;&nbsp;Meczyki.pl<\/li>\n<li><a href=\"https:\/\/news.google.com\/rss\/articles\/CBMitwFBVV95cUxOWVlwX2tZaUpRWlhlY3JtdG83QUNoeWJxcEt3bFRheG5IbFIwZmRTZnVBQnNEWExyR1JjcFFwOXZXN05tY083aG9QNHdONENKLWxGVkZwdTlkS0lnTTRsdlJ3UWhNSHN3Q3VTRnRRTHZfb0pVcE5YV1ZXaUZlX0hkNVNPemV2NzRCY29yQVd3bE1DXzkyZ2dMbllLTHN1QUpkeWtVc3RNallmODQxMDVvX3ozby1ndmc?oc=5\" target=\"_blank\" rel=\"nofollow noopener\">Rola Szcz\u0119snego ju\u017c jest znana? Hiszpan zdradzi\u0142, kto wyst\u0105pi w bramce<\/a>&nbsp;&nbsp;SportoweFakty<\/li>\n<li><a href=\"https:\/\/news.google.com\/rss\/articles\/CBMiqgFBVV95cUxPNFBwejJPZWxxTG9vRFhPVGJYV3p5YVZES0dERnhraTQ2MWxYblcya2dfdDJzcUk1VmN1RU9hQW1tYV9WUlU2cVR5bHRFUFVnT1I1QU85TENHNUtOdjhiNDFoeERqY1EwdVA4bnZ4Vjd5UHltNHpVSWlrNmVVdDI5T1dGUWx0bXlRQ2E0em1NUzdHU1gtQjJtNEs5aVM4eGY5VmM5SWxWTHNzdw?oc=5\" target=\"_blank\" rel=\"nofollow noopener\">Wygrana z Realem, a teraz jeszcze takie wie\u015bci o Szcz\u0119snym. Lepiej by\u0107 nie mog\u0142o<\/a>&nbsp;&nbsp;Sport.pl<\/li>\n<li><a href=\"https:\/\/news.google.com\/rss\/articles\/CBMivwFBVV95cUxQa1Z6U01ROHpTWGtrWS1xOG5iSzRBaHh1NmhoS19NNWVxcDRLSVJJYVB5ZUJSekdTaEVNNkNCWHNjcXFILVVkb3E2UEltX1ZJeEhXcEgwcVNXQ1cwYUFyYWg4NVkwQkxQT2d3a0Z2MF9JRFo2RGgwNGtMM2VkdEJQaDVLYnFqUlV1SXM5UkFvTkhEYUowZ1ZGeVRZbzVvOHV6OVV3S0hKQXFHazdXSi04emVFOHRMWS1ZUTl2ZEpsYw?oc=5\" target=\"_blank\" rel=\"nofollow noopener\">Szcz\u0119sny naprawd\u0119 zrobi\u0142 to Ter Stegenowi, Flick poruszony. W Barcelonie a\u017c huczy<\/a>&nbsp;&nbsp;Sport w INTERIA.PL<\/li>\n<\/ol>\n","protected":false},"excerpt":{"rendered":"Media: sensacyjna decyzja Hansiego Flicka w sprawie Wojciecha Szcz\u0119snego&nbsp;&nbsp;Przegl\u0105d Sportowy Onet Co za cios dla Szcz\u0119snego! Flick nie&hellip;\n","protected":false},"author":2,"featured_media":204301,"comment_status":"","ping_status":"","sticky":false,"template":"","format":"standard","meta":{"footnotes":""},"categories":[5],"tags":[1157,32,33,303,36,37,301,27,267,67,2052,2960,2051,34,35,29806,28,31,25,42,38,40,39,41,136,128,30517,39338,47,135,4562,29,30,26,1789],"class_list":{"0":"post-204300","1":"post","2":"type-post","3":"status-publish","4":"format-standard","5":"has-post-thumbnail","7":"category-naglowki","8":"tag-barcelona","9":"tag-breaking-news","10":"tag-breakingnews","11":"tag-fc_barcelona","12":"tag-featured-news","13":"tag-featurednews","14":"tag-hansi_flick","15":"tag-headlines","16":"tag-hiszpania","17":"tag-intextvideo_splayer","18":"tag-joan_garcia","19":"tag-la_liga","20":"tag-laliga","21":"tag-latest-news","22":"tag-latestnews","23":"tag-marc_andre_ter_stegen","24":"tag-naglowki","25":"tag-najwazniejsze-artykuly","26":"tag-news","27":"tag-pl","28":"tag-poland","29":"tag-polish","30":"tag-polska","31":"tag-polski","32":"tag-ps_detal_new","33":"tag-psv2","34":"tag-puchar_krola","35":"tag-racing_santander","36":"tag-screening_general","37":"tag-sport_sport","38":"tag-tka","39":"tag-top-stories","40":"tag-topstories","41":"tag-wiadomosci","42":"tag-wojciech_szczesny"},"share_on_mastodon":{"url":"","error":"Validation failed: Text character limit of 500 exceeded"},"_links":{"self":[{"href":"https:\/\/www.europesays.com\/pl\/wp-json\/wp\/v2\/posts\/204300","targetHints":{"allow":["GET"]}}],"collection":[{"href":"https:\/\/www.europesays.com\/pl\/wp-json\/wp\/v2\/posts"}],"about":[{"href":"https:\/\/www.europesays.com\/pl\/wp-json\/wp\/v2\/types\/post"}],"author":[{"embeddable":true,"href":"https:\/\/www.europesays.com\/pl\/wp-json\/wp\/v2\/users\/2"}],"replies":[{"embeddable":true,"href":"https:\/\/www.europesays.com\/pl\/wp-json\/wp\/v2\/comments?post=204300"}],"version-history":[{"count":0,"href":"https:\/\/www.europesays.com\/pl\/wp-json\/wp\/v2\/posts\/204300\/revisions"}],"wp:featuredmedia":[{"embeddable":true,"href":"https:\/\/www.europesays.com\/pl\/wp-json\/wp\/v2\/media\/204301"}],"wp:attachment":[{"href":"https:\/\/www.europesays.com\/pl\/wp-json\/wp\/v2\/media?parent=204300"}],"wp:term":[{"taxonomy":"category","embeddable":true,"href":"https:\/\/www.europesays.com\/pl\/wp-json\/wp\/v2\/categories?post=204300"},{"taxonomy":"post_tag","embeddable":true,"href":"https:\/\/www.europesays.com\/pl\/wp-json\/wp\/v2\/tags?post=204300"}],"curies":[{"name":"wp","href":"https:\/\/api.w.org\/{rel}","templated":true}]}}