{"id":204368,"date":"2026-01-14T14:04:07","date_gmt":"2026-01-14T14:04:07","guid":{"rendered":"https:\/\/www.europesays.com\/pl\/204368\/"},"modified":"2026-01-14T14:04:07","modified_gmt":"2026-01-14T14:04:07","slug":"oto-plan-magdy-linette-na-te-slowa-czekali-kibice-przed-startem-australian-open","status":"publish","type":"post","link":"https:\/\/www.europesays.com\/pl\/204368\/","title":{"rendered":"Oto plan Magdy Linette. Na te s\u0142owa czekali kibice przed startem Australian Open"},"content":{"rendered":"<p class=\"Paragraph_desktopParagraph__Fd2e9\">Dla poznanianki \u015broda w Hobart by\u0142a prawdziwym maratonem. Najpierw musia\u0142a doko\u0144czy\u0107 przerwany przez deszcz mecz pierwszej rundy z Rosjank\u0105 Oksan\u0105 Zelechmetiew\u0105, kt\u00f3r\u0105 ostatecznie pokona\u0142a w trzech setach (6:3, 1:6, 6:1). Nied\u0142ugo p\u00f3\u017aniej powr\u00f3ci\u0142a na kort, by zmierzy\u0107 si\u0119 z wy\u017cej notowan\u0105 Xinyu Wang (43. WTA).<\/p>\n<p class=\"VideoPlayerText_videoPlayerText__zrtJk\">Dalszy ci\u0105g materia\u0142u pod wideo<\/p>\n<p class=\"Paragraph_desktopParagraph__Fd2e9\">Cho\u0107 wynik pierwszego seta (6:1) sugeruje \u0142atw\u0105 przepraw\u0119, pocz\u0105tek spotkania by\u0142 pe\u0142en walki i d\u0142ugich gem\u00f3w na przewagi. To jednak Linette w kluczowych momentach zachowywa\u0142a zimn\u0105 krew, co pozwoli\u0142o jej b\u0142yskawicznie obj\u0105\u0107 prowadzenie 5:0. Chinka w tej partii zdo\u0142a\u0142a utrzyma\u0107 swoje podanie tylko raz.<\/p>\n<p class=\"Paragraph_desktopParagraph__Fd2e9\">Prawdziwe emocje zacz\u0119\u0142y si\u0119 w drugim secie. Scenariusz pocz\u0105tkowo wygl\u0105da\u0142 identycznie. Poznanianka szybko dwukrotnie prze\u0142ama\u0142a rywalk\u0119, wychodz\u0105c na prowadzenie 3:0. Wtedy nast\u0105pi\u0142 zwrot akcji. Wang rzuci\u0142a si\u0119 do odrabiania strat, wygra\u0142a trzy gemy z rz\u0119du i doprowadzi\u0142a do remisu. Od tego momentu ogl\u0105dali\u015bmy zaci\u0119t\u0105 walk\u0119 punkt za punkt. O losach awansu zadecydowa\u0142 dopiero dwunasty gem \u2014 przy stanie 6:5 Linette po raz kolejny prze\u0142ama\u0142a rywalk\u0119, unikaj\u0105c tie-breaka i piecz\u0119tuj\u0105c zwyci\u0119stwo 7:5.<\/p>\n<p>Na te s\u0142owa Magdy Linette czekali kibice<\/p>\n<p class=\"Paragraph_desktopParagraph__Fd2e9\">Tu\u017c po zej\u015bciu z kortu Magda Linette skomentowa\u0142a sw\u00f3j wyst\u0119p, odnosz\u0105c si\u0119 w\u0142a\u015bnie do tego trudniejszego momentu, gdy straci\u0142a wysokie prowadzenie.<\/p>\n<p class=\"Paragraph_desktopParagraph__Fd2e9\">\u2014 Na pewno w tym drugim meczu chcia\u0142am wyj\u015b\u0107 i zagra\u0107 na swoich warunkach. Bardzo dobrze zmienia\u0142am kierunki, by\u0142am agresywna. My\u015bl\u0119, \u017ce uda\u0142o mi si\u0119 utrzyma\u0107 to na d\u0142u\u017cej ni\u017c w pierwszym meczu, ale mimo wszystko mia\u0142am do\u0142ek \u2014 przyzna\u0142a szczerze Linette.<\/p>\n<p class=\"Paragraph_desktopParagraph__Fd2e9\">Polka zwr\u00f3ci\u0142a uwag\u0119 na kluczowy aspekt \u2014 umiej\u0119tno\u015b\u0107 szybkiego resetu g\u0142owy. Mimo \u017ce rywalka wr\u00f3ci\u0142a do gry, Linette potrafi\u0142a zamkn\u0105\u0107 mecz w dw\u00f3ch setach, oszcz\u0119dzaj\u0105c si\u0142y.<\/p>\n<p class=\"Paragraph_desktopParagraph__Fd2e9\">\u2014 Ciesz\u0119 si\u0119, \u017ce uda\u0142o mi si\u0119 z niego wyj\u015b\u0107 troch\u0119 szybciej ni\u017c w tym pierwszym meczu dzisiaj rano \u2014 doda\u0142a z ulg\u0105.<\/p>\n<p class=\"Paragraph_desktopParagraph__Fd2e9\">Teraz poprzeczka idzie w g\u00f3r\u0119. O p\u00f3\u0142fina\u0142 Linette zagra z rozstawion\u0105 z &#8222;tr\u00f3jk\u0105&#8221; Amerykank\u0105 Iv\u0105 Jovi\u0107 (30. WTA). B\u0119dzie to okazja do rewan\u017cu \u2014 18-latka wyeliminowa\u0142a Polk\u0119 w pierwszej rundzie ubieg\u0142orocznego US Open. Poznanianka patrzy jednak w przysz\u0142o\u015b\u0107 z optymizmem i ma jasny plan na ten pojedynek.<\/p>\n<p class=\"Paragraph_desktopParagraph__Fd2e9\">\u2014 Je\u017celi jutro zagram przede wszystkim taki pocz\u0105tek jak dzisiaj w obu meczach, to jestem w naprawd\u0119 bardzo dobrej pozycji, bo gram naprawd\u0119 bardzo dobrze. Kwestia tego, \u017ceby nie mie\u0107 tych do\u0142k\u00f3w i utrzyma\u0107 si\u0119 w meczu fizycznie \u2014 podsumowa\u0142a polska tenisistka.<\/p>\n","protected":false},"excerpt":{"rendered":"Dla poznanianki \u015broda w Hobart by\u0142a prawdziwym maratonem. Najpierw musia\u0142a doko\u0144czy\u0107 przerwany przez deszcz mecz pierwszej rundy z&hellip;\n","protected":false},"author":2,"featured_media":204369,"comment_status":"","ping_status":"","sticky":false,"template":"","format":"standard","meta":{"footnotes":"","_share_on_mastodon":"0"},"categories":[5],"tags":[32,33,36,37,27,67,34,35,4417,28,31,25,42,38,40,39,41,136,128,47,135,156,4562,29,30,26,130],"class_list":["post-204368","post","type-post","status-publish","format-standard","has-post-thumbnail","category-naglowki","tag-breaking-news","tag-breakingnews","tag-featured-news","tag-featurednews","tag-headlines","tag-intextvideo_splayer","tag-latest-news","tag-latestnews","tag-magda_linette","tag-naglowki","tag-najwazniejsze-artykuly","tag-news","tag-pl","tag-poland","tag-polish","tag-polska","tag-polski","tag-ps_detal_new","tag-psv2","tag-screening_general","tag-sport_sport","tag-tenis","tag-tka","tag-top-stories","tag-topstories","tag-wiadomosci","tag-wiadomosci_sportowe"],"share_on_mastodon":{"url":"https:\/\/pubeurope.com\/@pl\/115893833888897566","error":""},"_links":{"self":[{"href":"https:\/\/www.europesays.com\/pl\/wp-json\/wp\/v2\/posts\/204368","targetHints":{"allow":["GET"]}}],"collection":[{"href":"https:\/\/www.europesays.com\/pl\/wp-json\/wp\/v2\/posts"}],"about":[{"href":"https:\/\/www.europesays.com\/pl\/wp-json\/wp\/v2\/types\/post"}],"author":[{"embeddable":true,"href":"https:\/\/www.europesays.com\/pl\/wp-json\/wp\/v2\/users\/2"}],"replies":[{"embeddable":true,"href":"https:\/\/www.europesays.com\/pl\/wp-json\/wp\/v2\/comments?post=204368"}],"version-history":[{"count":0,"href":"https:\/\/www.europesays.com\/pl\/wp-json\/wp\/v2\/posts\/204368\/revisions"}],"wp:featuredmedia":[{"embeddable":true,"href":"https:\/\/www.europesays.com\/pl\/wp-json\/wp\/v2\/media\/204369"}],"wp:attachment":[{"href":"https:\/\/www.europesays.com\/pl\/wp-json\/wp\/v2\/media?parent=204368"}],"wp:term":[{"taxonomy":"category","embeddable":true,"href":"https:\/\/www.europesays.com\/pl\/wp-json\/wp\/v2\/categories?post=204368"},{"taxonomy":"post_tag","embeddable":true,"href":"https:\/\/www.europesays.com\/pl\/wp-json\/wp\/v2\/tags?post=204368"}],"curies":[{"name":"wp","href":"https:\/\/api.w.org\/{rel}","templated":true}]}}