{"id":204370,"date":"2026-01-14T14:05:11","date_gmt":"2026-01-14T14:05:11","guid":{"rendered":"https:\/\/www.europesays.com\/pl\/204370\/"},"modified":"2026-01-14T14:05:11","modified_gmt":"2026-01-14T14:05:11","slug":"aneta-rygielska-zapowiedziala-walki-w-boksie-zawodowym","status":"publish","type":"post","link":"https:\/\/www.europesays.com\/pl\/204370\/","title":{"rendered":"Aneta Rygielska zapowiedzia\u0142a walki w boksie zawodowym"},"content":{"rendered":"<p class=\"typography ids-typeset-body ids-typeset-body--preset-large link paragraph ids-paragraph ids-paragraph--default\">Bez dw\u00f3ch zda\u0144 boks olimpijski od igrzysk olimpijskich w Pary\u017cu i srebrnego medalu Julii Szeremety znajduje si\u0119 w bardzo dobrej pozycji. Zmagania naszych zawodniczek s\u0105 coraz szerzej opisywane i relacjonowane, a do tego zwi\u0119ksza si\u0119 rzesza fan\u00f3w tego sportu. Do tego dosz\u0142y wspania\u0142e w wykonaniu &#8222;Bia\u0142o-Czerwonych&#8221; mistrzostwa \u015bwiata. Agata Kaczmarska w kategorii +80 kg wywalczy\u0142a z\u0142oto, natomiast Aneta Rygielska (60 kg) i Julia Szeremeta (57 kg) zdoby\u0142y srebro.<\/p>\n<p class=\"typography ids-typeset-body ids-typeset-body--preset-large link paragraph ids-paragraph ids-paragraph--default\">Takie wyst\u0119py poskutkowa\u0142y tak\u017ce nominacjami w Plebiscycie &#8222;Przegl\u0105du Sportowego&#8221;. Najwy\u017cej z nich uplasowa\u0142a si\u0119 jednak Rygielska, kt\u00f3ra z 230 tysi\u0105cami g\u0142os\u00f3w zaj\u0119\u0142a 13. miejsce. Jak przekaza\u0142a w rozmowie z Interi\u0105 jest to olbrzymi sukces. Co wi\u0119cej, bardzo dzi\u0119kuje swoim fanom za wszystkie oddane g\u0142osy.<\/p>\n<p class=\"typography ids-typeset-body ids-typeset-body--preset-large link paragraph ids-paragraph ids-paragraph--default\">&#8211; To jest ogromny sukces. Co prawda, jak by\u0142am na balu to by\u0142am troszeczk\u0119 smutna, \u017ce nie znalaz\u0142am si\u0119 w tej pierwszej &#8222;10&#8221;, bo to by\u0142o moje ogromne marzenie, wi\u0119c naturalnie ka\u017cdy sportowiec wysoko mierzy i chc\u0119 spe\u0142nia\u0107 te marzenia. Ja wiedzia\u0142am, \u017ce to b\u0119dzie bardzo trudne, ale to jest ta druga strona medalu. Jak si\u0119 dowiedzia\u0142am o liczbie oddanych na mnie g\u0142os\u00f3w, to o ma\u0142o nie spad\u0142am z krzes\u0142a. To by\u0142o a\u017c 230 tysi\u0119cy. Ten wynik rok wcze\u015bniej da\u0142by miejsce w czo\u0142owej tr\u00f3jce. To jest kosmos, co si\u0119 wydarzy\u0142o, je\u015bli chodzi o g\u0142osowanie. Jak ja to zobaczy\u0142am, to jeszcze bardziej doceni\u0142am swoich fan\u00f3w, jeszcze bardziej ich pokocha\u0142am. Zawsze o tym m\u00f3wi\u0142am, \u017ce mam wspania\u0142ych kibic\u00f3w, \u017ce zawsze s\u0105 za mn\u0105 murem i teraz to pokazali. To mia\u0142o dla mnie ogromn\u0105 warto\u015b\u0107. Bardzo si\u0119 z tego ciesz\u0119, bardzo im z tego powodu dzi\u0119kuj\u0119. Jeszcze to, \u017ce znalaz\u0142am si\u0119 najwy\u017cej ze wszystkich naszych pi\u0119\u015bciarek, gdzie Julka Szeremeta tak\u017ce ma wiernych kibic\u00f3w, to by\u0142am po prostu w szoku.<\/p>\n<blockquote role=\"blockquote\" class=\"quote ids-quote ids-quote--nosurface--short--medium\"><p>\u00a0To jest na mojej li\u015bcie, chc\u0119 zdoby\u0107 z\u0142oty medal mistrzostw Europy oraz mistrzostw \u015bwiata. Jeszcze troch\u0119 czasu na to mam, aby to zrobi\u0107, na pewno do Los Angeles<\/p><\/blockquote>\n<p class=\"typography ids-typeset-body ids-typeset-body--preset-large link paragraph ids-paragraph ids-paragraph--default\">Jak ju\u017c wspomnieli\u015bmy Rygielska w ubieg\u0142orocznych M\u015a wywalczy\u0142a srebro. Wynik ten z pewno\u015bci\u0105 jest dla niej bardzo zadowalaj\u0105cy, co sama podkre\u015bla. Walka fina\u0142owa by\u0142a bardzo wyr\u00f3wnana i wydawa\u0142o si\u0119, \u017ce z\u0142oto padnie \u0142upem w\u0142a\u015bnie naszej reprezentantki. S\u0119dziowie postanowili jednak inaczej i punktowali 3:2 dla przeciwniczki. Zdaniem 30-latki, gdyby t\u0119 walk\u0119 punkowali inni s\u0119dziowie ostatecznie miejsce mog\u0142oby by\u0107 inne.<\/p>\n<p class=\"typography ids-typeset-body ids-typeset-body--preset-large link paragraph ids-paragraph ids-paragraph--default\">&#8211; Chyba ka\u017cda z naszych zawodniczek jad\u0105cych na mistrzostwa \u015bwiata wzi\u0119\u0142aby w ciemno srebrny medal. To jest tak\u017ce wielkie osi\u0105gni\u0119cie, bo w boksie trudno jest zdoby\u0107 ten kr\u0105\u017cek. S\u0105 drabinki i wystarczy, \u017ce nie p\u00f3jdzie walka, s\u0119dziowie postanowi\u0105, \u017ce by\u0142o 3:2 dla rywala i odpadasz, nikt o Tobie nie us\u0142yszy. Zdobycie tego miejsca jest ci\u0119\u017ckie i warto\u015bciowe zarazem. Po samych zawodach mia\u0142am lekki niedosyt, bo t\u0119 walk\u0119 fina\u0142ow\u0105 mog\u0142am wygra\u0107 i to nie dlatego, \u017ce mog\u0142am zrobi\u0107 wi\u0119cej, ale gdyby s\u0119dziowie inaczej si\u0119 u\u0142o\u017cyli. Ona by\u0142a bardzo r\u00f3wna, wi\u0119c mo\u017cliwe, \u017ce dzisiaj cieszyliby\u015bmy si\u0119 ze z\u0142otego medalu po takiej samej walce, gdyby tylko inni s\u0119dziowie siedzieli wok\u00f3\u0142 ringu. To jest boks, bardzo trudna dyscyplina sportowa. Ja te\u017c nabra\u0142am szacunku i ogromnej pokory, \u017ce nie zawsze jad\u0105c z najlepsz\u0105 form\u0105 osi\u0105gn\u0119 to, co chc\u0119 osi\u0105gn\u0105\u0107. Wyci\u0105gam to, co jest najlepsze z tego, co osi\u0105gn\u0119\u0142am. Na ten moment si\u0119 ciesz\u0119, bo to m\u00f3j najwi\u0119kszy sukces sportowy.<\/p>\n<p>Rygielska jasno ws. mistrzostw Europy. &#8222;Chc\u0119 zdoby\u0107 z\u0142oto&#8221;<\/p>\n<p class=\"typography ids-typeset-body ids-typeset-body--preset-large link paragraph ids-paragraph ids-paragraph--default\">Jak przekazuje nasza wicemistrzyni \u015bwiata cieszy j\u0105, \u017ce boks olimpijski w Polsce zdecydowanie si\u0119 rozwija. Mimo to \u017ca\u0142uje, \u017ce to nie przez jej sukcesy ta dyscyplina zosta\u0142a a\u017c tak rozs\u0142awiona.<\/p>\n<p class=\"typography ids-typeset-body ids-typeset-body--preset-large link paragraph ids-paragraph ids-paragraph--default\">&#8211; To te\u017c pokazuje plebiscyt, bo ja by\u0142am na 13. miejscu, Julka by\u0142a na 15. pozycji. To jest wspania\u0142e osi\u0105gni\u0119cie i ciesz\u0119 si\u0119, \u017ce buduje spor\u0105 spo\u0142eczno\u015b\u0107 wok\u00f3\u0142 boksu. \u017ba\u0142uj\u0119, \u017ce nie uda\u0142o si\u0119 to troch\u0119 wcze\u015bniej, bo r\u00f3wnie\u017c mia\u0142am na swoim koncie ju\u017c spore osi\u0105gni\u0119cia, a o nich ma\u0142o kto s\u0142ysza\u0142. W tamtym momencie by\u0142a to inna dyscyplina sportowa, to mo\u017ce znalaz\u0142abym si\u0119 jednak w tej czo\u0142\u00f3wce, ale to nic. Ja buduj\u0119 to od pewnego momentu, od kiedy ten boks olimpijski przyszed\u0142 na salony. Szkoda tak\u017ce, \u017ce to nie ja go tak rozs\u0142awi\u0142am. Mam jednak nadziej\u0119, \u017ce swoj\u0105 osob\u0105 b\u0119d\u0119 mog\u0142a to robi\u0107, tak jak chcia\u0142am od pocz\u0105tku to robi\u0107. Pokaza\u0107, \u017ce to nie jest bijatyka, tylko sztuka walki. Tak naprawd\u0119, wszystkie pokolenia, kt\u00f3re dopiero wejd\u0105 do tego \u015bwiata boksu b\u0119d\u0105 mia\u0142y ju\u017c \u0142atwiej, ni\u017c ja przez te 16 lat. Ja wiecznie odbija\u0142am si\u0119 od muru, wiecznie musia\u0142am udowadnia\u0107 swoj\u0105 pozycj\u0119. Mam nadziej\u0119, \u017ce teraz ci najbardziej zagorzali kibice pami\u0119taj\u0105 mnie z czas\u00f3w, kiedy r\u00f3wnie\u017c przywozi\u0142am medale z tych najwi\u0119kszych imprez.<\/p>\n<p class=\"typography ids-typeset-body ids-typeset-body--preset-large link paragraph ids-paragraph ids-paragraph--default\">W nadchodz\u0105cym roku Rygielska poza wyst\u0119pami w Pucharze \u015awiata we\u017amie tak\u017ce udzia\u0142 w dw\u00f3ch imprezach o najwy\u017csz\u0105 stawk\u0119, mistrzostwach Europy oraz wojskowych mistrzostwach \u015bwiata. W swoim dorobku ma ju\u017c dwa srebra ME z 2019 i 2022 roku. Jak przekonuje, do tegorocznych zmaga\u0144 podejdzie z najlepsz\u0105 form\u0105, jak\u0105 tylko si\u0119 da.<\/p>\n<p class=\"typography ids-typeset-body ids-typeset-body--preset-large link paragraph ids-paragraph ids-paragraph--default\">&#8211; Nie jest to dodatkowa motywacja, bo my nie wiemy, co z mistrzostw przywieziemy. To jest na mojej li\u015bcie, chc\u0119 zdoby\u0107 z\u0142oty medal mistrzostw Europy oraz mistrzostw \u015bwiata. Jeszcze troch\u0119 czasu na to mam, aby to zrobi\u0107, na pewno do Los Angeles. Bardzo mo\u017cliwe, \u017ce w\u0142a\u015bnie w tym roku si\u0119 ucieszymy z tego z\u0142otego medalu. Zrobi\u0119 wszystko i przygotuj\u0119 si\u0119 w spos\u00f3b najlepszy, jaki tylko potrafi\u0119, aby go wywalczy\u0107, bo tego kr\u0105\u017cka jeszcze nie mam.<\/p>\n<p class=\"typography ids-typeset-body ids-typeset-body--preset-large link paragraph ids-paragraph ids-paragraph--default\">Co wi\u0119cej, Rygielska ma w swoich planach tak\u017ce zmian\u0119 dyscypliny i spr\u00f3buje niebawem swoich si\u0142 w boksie zawodowym. Dla Interii zdradza, \u017ce wraz ze swoimi przedstawicielami jest po pierwszych rozmowach w tej kwestii. Wiele wskazuje na to, \u017ce do debiutu mo\u017ce doj\u015b\u0107 jeszcze w tym roku.<\/p>\n<p class=\"typography ids-typeset-body ids-typeset-body--preset-large link paragraph ids-paragraph ids-paragraph--default\">&#8211; Na ten moment zdradzi\u0107 mog\u0119 tyle, \u017ce jeste\u015bmy po pierwszych rozmowach, tylko tych dr\u00f3g jest kilka. Jeszcze ci\u0119\u017cko mi powiedzie\u0107 dok\u0142adnie, co, jak i kiedy. Ja bym bardzo chcia\u0142a, aby to si\u0119 wydarzy\u0142o w tym roku, \u017cebym zrobi\u0142a jedn\u0105, mo\u017ce dwie walki zawodowe i to by by\u0142 du\u017cy sukces. Ja te\u017c wiem, \u017ce ta moja droga do wszystkiego jest d\u0142u\u017csza, ni\u017c u innych. Wchodz\u0119 po tych schodkach, potem spadn\u0119, ale dalej konsekwentnie wchodz\u0119 i ta moja nieust\u0119pliwo\u015b\u0107 jednak zawsze doprowadzi mnie do miejsca, w kt\u00f3rym chcia\u0142abym by\u0107, wi\u0119c zobaczycie mnie w ringach zawodowych, tylko nie wiem kiedy.<\/p>\n<p>Klaudia Zwoli\u0144ska: Nie wiem, co wi\u0119cej mog\u0142abym zrobi\u0107, \u017ceby wywalczy\u0107 ten tytu\u0142Polsat Sport<\/p>\n<p><img decoding=\"async\" class=\"ids-image-holder__img\" loading=\"lazy\" alt=\"Aneta Rygielska\" title=\"Aneta Rygielska\" width=\"8256\" height=\"5504\" src=\"https:\/\/www.europesays.com\/pl\/wp-content\/uploads\/2026\/01\/000IPX2P5SMPN99H-C323-F4.webp.webp\"\/><\/p>\n<p>Aneta RygielskaAFP<\/p>\n<p><img decoding=\"async\" class=\"ids-image-holder__img\" loading=\"lazy\" alt=\"Aneta Rygielska podczas Suzuki Boxing Night 31 w Krakowie\" title=\"Aneta Rygielska\" width=\"5425\" height=\"3617\" src=\"https:\/\/www.europesays.com\/pl\/wp-content\/uploads\/2026\/01\/000K64ZEHLMAK2MV-C323-F4.webp.webp\"\/><\/p>\n<p>Aneta RygielskaMarcin Golba\/NurPhoto via AFPAFP<\/p>\n<p><img decoding=\"async\" class=\"ids-image-holder__img\" loading=\"lazy\" alt=\"Bokserka w niebieskim stroju z kaskiem ochronnym i r\u0119kawicami triumfalnie unosi r\u0119k\u0119, na twarzy wida\u0107 rado\u015b\u0107 z sukcesu, w tle widoczny fragment ringu oraz rywal w czerwonych r\u0119kawicach.\" title=\"Aneta Rygielska\" width=\"2400\" height=\"1600\" src=\"https:\/\/www.europesays.com\/pl\/wp-content\/uploads\/2026\/01\/000LKRABVX083U2M-C323-F4.webp.webp\"\/><\/p>\n<p>Aneta RygielskaAA\/ABACAEast News<\/p>\n<p><a class=\"ids-undecorated-link source ids-page-info--source__link\" href=\"https:\/\/www.interia.pl\" rel=\"nofollow noopener\" target=\"_blank\"><img decoding=\"async\" class=\"ids-image-holder__img\" loading=\"lazy\" alt=\"\" title=\"\" height=\"24px\" src=\"https:\/\/www.europesays.com\/pl\/wp-content\/uploads\/2026\/01\/1767782590_880_0009A60QQ5I2TYF7-C202-F4.webp.webp\"\/><\/a><\/p>\n<p>Masz sugestie, uwagi albo widzisz b\u0142\u0105d? Napisz do nas<\/p>\n","protected":false},"excerpt":{"rendered":"Bez dw\u00f3ch zda\u0144 boks olimpijski od igrzysk olimpijskich w Pary\u017cu i srebrnego medalu Julii Szeremety znajduje si\u0119 w&hellip;\n","protected":false},"author":2,"featured_media":204371,"comment_status":"","ping_status":"","sticky":false,"template":"","format":"standard","meta":{"footnotes":""},"categories":[24],"tags":[42,38,40,39,41,127,126],"class_list":{"0":"post-204370","1":"post","2":"type-post","3":"status-publish","4":"format-standard","5":"has-post-thumbnail","7":"category-sport","8":"tag-pl","9":"tag-poland","10":"tag-polish","11":"tag-polska","12":"tag-polski","13":"tag-sport","14":"tag-sports"},"share_on_mastodon":{"url":"https:\/\/pubeurope.com\/@pl\/115893837972200572","error":""},"_links":{"self":[{"href":"https:\/\/www.europesays.com\/pl\/wp-json\/wp\/v2\/posts\/204370","targetHints":{"allow":["GET"]}}],"collection":[{"href":"https:\/\/www.europesays.com\/pl\/wp-json\/wp\/v2\/posts"}],"about":[{"href":"https:\/\/www.europesays.com\/pl\/wp-json\/wp\/v2\/types\/post"}],"author":[{"embeddable":true,"href":"https:\/\/www.europesays.com\/pl\/wp-json\/wp\/v2\/users\/2"}],"replies":[{"embeddable":true,"href":"https:\/\/www.europesays.com\/pl\/wp-json\/wp\/v2\/comments?post=204370"}],"version-history":[{"count":0,"href":"https:\/\/www.europesays.com\/pl\/wp-json\/wp\/v2\/posts\/204370\/revisions"}],"wp:featuredmedia":[{"embeddable":true,"href":"https:\/\/www.europesays.com\/pl\/wp-json\/wp\/v2\/media\/204371"}],"wp:attachment":[{"href":"https:\/\/www.europesays.com\/pl\/wp-json\/wp\/v2\/media?parent=204370"}],"wp:term":[{"taxonomy":"category","embeddable":true,"href":"https:\/\/www.europesays.com\/pl\/wp-json\/wp\/v2\/categories?post=204370"},{"taxonomy":"post_tag","embeddable":true,"href":"https:\/\/www.europesays.com\/pl\/wp-json\/wp\/v2\/tags?post=204370"}],"curies":[{"name":"wp","href":"https:\/\/api.w.org\/{rel}","templated":true}]}}