{"id":204396,"date":"2026-01-14T14:19:07","date_gmt":"2026-01-14T14:19:07","guid":{"rendered":"https:\/\/www.europesays.com\/pl\/204396\/"},"modified":"2026-01-14T14:19:07","modified_gmt":"2026-01-14T14:19:07","slug":"a-jednak-wiesci-dla-wojciecha-szczesnego-hansi-flick-oglasza-przeglad-sportowy-onet","status":"publish","type":"post","link":"https:\/\/www.europesays.com\/pl\/204396\/","title":{"rendered":"A jednak! Wie\u015bci dla Wojciecha Szcz\u0119snego. Hansi Flick og\u0142asza &#8211; Przegl\u0105d Sportowy Onet"},"content":{"rendered":"<ol>\n<li><a href=\"https:\/\/news.google.com\/rss\/articles\/CBMivAFBVV95cUxNVFZtS1ZWanZ2RFY4dzQ2R2NMYk1zRlJiMTd0OENoS0oxWlF6ZldGbTVmT3NlX2t3SmFWQjJiY1YzZ2M2Q090Sl9na3ZjRVJpRnd4bU5UbG1qLUlrMjlGQktOMFhZUDJsdVhpd3JQNWxEaUtKclhoeUh0MEdYUzRDSGgzQWhVVFZZYkdlR1NudDNtQm0tVHN6bkFYdldtQlp0MnRYTXZ6UnhDYmVtZUhUbVRxaGM1Y0ZpZnNfNg?oc=5\" target=\"_blank\" rel=\"nofollow noopener\">A jednak! Wie\u015bci dla Wojciecha Szcz\u0119snego. Hansi Flick og\u0142asza<\/a>&nbsp;&nbsp;Przegl\u0105d Sportowy Onet<\/li>\n<li><a href=\"https:\/\/news.google.com\/rss\/articles\/CBMiwAFBVV95cUxNM0VyaTJkUFRPVVE3ZEFHQVBFNGVvUGlObzZpZ0JvNzkycnpkQ3llQldoaEg5QTJ4NkFIUzk2VkJuVk9YaEI5ZjM4Y2hCV1RxZkxKYXVySGc0b09udGNqUE9mclU5czdMUmsxTVJZTEUyYXl4MllWWXd0ZUJHTFVxdTdJX3l6MTh4RU9aSENjTzdrTjhYNWUzVVdtWlVET055b0kxTGVFSE9fajBjRkZ6dDZ5ek5BX081bFNDZkZZMlg?oc=5\" target=\"_blank\" rel=\"nofollow noopener\">Niespodziewany cios w Szcz\u0119snego. Flick si\u0119 wygada\u0142. Polak pogodzony z losem<\/a>&nbsp;&nbsp;Sport w INTERIA.PL<\/li>\n<li><a href=\"https:\/\/news.google.com\/rss\/articles\/CBMitwFBVV95cUxOWVlwX2tZaUpRWlhlY3JtdG83QUNoeWJxcEt3bFRheG5IbFIwZmRTZnVBQnNEWExyR1JjcFFwOXZXN05tY083aG9QNHdONENKLWxGVkZwdTlkS0lnTTRsdlJ3UWhNSHN3Q3VTRnRRTHZfb0pVcE5YV1ZXaUZlX0hkNVNPemV2NzRCY29yQVd3bE1DXzkyZ2dMbllLTHN1QUpkeWtVc3RNallmODQxMDVvX3ozby1ndmc?oc=5\" target=\"_blank\" rel=\"nofollow noopener\">Media. Wszystko jasne? Oto kto zagra w bramce Barcelony<\/a>&nbsp;&nbsp;SportoweFakty<\/li>\n<li><a href=\"https:\/\/news.google.com\/rss\/articles\/CBMiqgFBVV95cUxPNFBwejJPZWxxTG9vRFhPVGJYV3p5YVZES0dERnhraTQ2MWxYblcya2dfdDJzcUk1VmN1RU9hQW1tYV9WUlU2cVR5bHRFUFVnT1I1QU85TENHNUtOdjhiNDFoeERqY1EwdVA4bnZ4Vjd5UHltNHpVSWlrNmVVdDI5T1dGUWx0bXlRQ2E0em1NUzdHU1gtQjJtNEs5aVM4eGY5VmM5SWxWTHNzdw?oc=5\" target=\"_blank\" rel=\"nofollow noopener\">Wygrana z Realem, a teraz jeszcze takie wie\u015bci o Szcz\u0119snym. Lepiej by\u0107 nie mog\u0142o<\/a>&nbsp;&nbsp;Sport.pl<\/li>\n<li><a href=\"https:\/\/news.google.com\/rss\/articles\/CBMisAFBVV95cUxPNUZFMEV1WHM3ZjdfSzkyOVQ0blVVanBKZ0RabkctMU42WmN2aGNkV3lvWEpVb200M1JiVHhaZGQyaDhDeEFfZ2RXcmlzdDJCVTlCR2g2WkZ0S2RSS29VTmR6cm1SNHFnVGZiYWZUamJvSHVTOEpTejM2OHd3em01RnB2UUVSejZCMkFLWFRpUFZPa2c3UlY4ajQwNWNENmpZQnlocy16alRDTE5laG90bg?oc=5\" target=\"_blank\" rel=\"nofollow noopener\">Flick nie zawaha\u0142 si\u0119, gdy pad\u0142o pytanie o Szcz\u0119snego. To m\u00f3wi samo za siebie<\/a>&nbsp;&nbsp;www.polsatsport.pl<\/li>\n<\/ol>\n","protected":false},"excerpt":{"rendered":"A jednak! Wie\u015bci dla Wojciecha Szcz\u0119snego. Hansi Flick og\u0142asza&nbsp;&nbsp;Przegl\u0105d Sportowy Onet Niespodziewany cios w Szcz\u0119snego. Flick si\u0119 wygada\u0142.&hellip;\n","protected":false},"author":2,"featured_media":204397,"comment_status":"","ping_status":"","sticky":false,"template":"","format":"standard","meta":{"footnotes":"","_share_on_mastodon":"0"},"categories":[24],"tags":[1157,303,301,67,2052,2051,29806,948,42,38,40,39,41,136,128,30517,39338,47,127,135,126,4562,130,1789],"class_list":["post-204396","post","type-post","status-publish","format-standard","has-post-thumbnail","category-sport","tag-barcelona","tag-fc_barcelona","tag-hansi_flick","tag-intextvideo_splayer","tag-joan_garcia","tag-laliga","tag-marc_andre_ter_stegen","tag-pilka_nozna","tag-pl","tag-poland","tag-polish","tag-polska","tag-polski","tag-ps_detal_new","tag-psv2","tag-puchar_krola","tag-racing_santander","tag-screening_general","tag-sport","tag-sport_sport","tag-sports","tag-tka","tag-wiadomosci_sportowe","tag-wojciech_szczesny"],"share_on_mastodon":{"url":"https:\/\/pubeurope.com\/@pl\/115893893084538460","error":""},"_links":{"self":[{"href":"https:\/\/www.europesays.com\/pl\/wp-json\/wp\/v2\/posts\/204396","targetHints":{"allow":["GET"]}}],"collection":[{"href":"https:\/\/www.europesays.com\/pl\/wp-json\/wp\/v2\/posts"}],"about":[{"href":"https:\/\/www.europesays.com\/pl\/wp-json\/wp\/v2\/types\/post"}],"author":[{"embeddable":true,"href":"https:\/\/www.europesays.com\/pl\/wp-json\/wp\/v2\/users\/2"}],"replies":[{"embeddable":true,"href":"https:\/\/www.europesays.com\/pl\/wp-json\/wp\/v2\/comments?post=204396"}],"version-history":[{"count":0,"href":"https:\/\/www.europesays.com\/pl\/wp-json\/wp\/v2\/posts\/204396\/revisions"}],"wp:featuredmedia":[{"embeddable":true,"href":"https:\/\/www.europesays.com\/pl\/wp-json\/wp\/v2\/media\/204397"}],"wp:attachment":[{"href":"https:\/\/www.europesays.com\/pl\/wp-json\/wp\/v2\/media?parent=204396"}],"wp:term":[{"taxonomy":"category","embeddable":true,"href":"https:\/\/www.europesays.com\/pl\/wp-json\/wp\/v2\/categories?post=204396"},{"taxonomy":"post_tag","embeddable":true,"href":"https:\/\/www.europesays.com\/pl\/wp-json\/wp\/v2\/tags?post=204396"}],"curies":[{"name":"wp","href":"https:\/\/api.w.org\/{rel}","templated":true}]}}