{"id":204406,"date":"2026-01-14T14:24:07","date_gmt":"2026-01-14T14:24:07","guid":{"rendered":"https:\/\/www.europesays.com\/pl\/204406\/"},"modified":"2026-01-14T14:24:07","modified_gmt":"2026-01-14T14:24:07","slug":"jest-mu-bardzo-ciezko-matka-nie-moze-odwiedzac-bartosza-g","status":"publish","type":"post","link":"https:\/\/www.europesays.com\/pl\/204406\/","title":{"rendered":"&#8222;Jest mu bardzo ci\u0119\u017cko&#8221;. Matka nie mo\u017ce odwiedza\u0107 Bartosza G."},"content":{"rendered":"<p>Bartosz G. zmaga si\u0119 z\u00a0trudnymi warunkami wi\u0119ziennymi po ekstradycji z\u00a0Grecji. Wed\u0142ug jego obro\u0144cy, Paw\u0142a Aranowskiego, jego izolacja jest niemal ca\u0142kowita. <\/p>\n<p>Adwokat podkre\u015bla, \u017ce 18-latek mo\u017ce rozmawia\u0107 jedynie z\u00a0nim oraz dwoma innymi obro\u0144cami. To i\u00a0tak jest \u015bci\u015ble kontrolowane. &#8211;\u00a0Matce i\u00a0ojcu odm\u00f3wiono prawa do odwiedzin. To dla niego bardzo dotkliwa sytuacja &#8211;\u00a0przekonuje Aranowski.<\/p>\n<p>Cela, w\u00a0kt\u00f3rej przebywa Bartosz, mie\u015bci tylko podstawowe wyposa\u017cenie, a\u00a0czas sp\u0119dza g\u0142\u00f3wnie na czytaniu i\u00a0refleksji. Ma do dyspozycji wy\u0142\u0105cznie \u0142\u00f3\u017cko, st\u00f3\u0142 i\u00a0ksi\u0105\u017cki, a\u00a0przys\u0142uguje mu zaledwie godzina spaceru dziennie. <\/p>\n<p>W Grecji m\u00f3g\u0142 korzysta\u0107 m.in. z\u00a0PlayStation. W\u00a0areszcie w\u00a0P\u0142ocku otrzyma\u0142 zgod\u0119 na posiadanie telewizora. Rodzina dostarczy\u0142a ju\u017c to urz\u0105dzenie, ale formalnie jeszcze do niego nie dotar\u0142 telewizor. Cela, w\u00a0kt\u00f3rej przebywa 18-latek, ma wymiary ok. 2,5 na 2,5 metra. <\/p>\n<p>Bartosz G. us\u0142ysza\u0142 zarzut pope\u0142nienia zab\u00f3jstwa 16-letniej Mai ze szczeg\u00f3lnym okrucie\u0144stwem. Nie przyzna\u0142 si\u0119 do pope\u0142nienia zarzuconego mu czynu i\u00a0skorzysta\u0142 z\u00a0przys\u0142uguj\u0105cego mu prawa do odmowy sk\u0142adania wyja\u015bnie\u0144. Z\u00a0Maj\u0105 mia\u0142 spotka\u0107 si\u0119 pod koniec kwietnia w\u00a0M\u0142awie. Gdy dziewczyna zagin\u0119\u0142a, on wyjecha\u0142 ze szko\u0142y na wycieczk\u0119 do Grecji. <\/p>\n<p>Pod koniec maja zesz\u0142ego roku s\u0105d w\u00a0Salonikach zgodzi\u0142 si\u0119 na jego ekstradycj\u0119. Do Polski wr\u00f3ci\u0142 jednak dopiero w\u00a0grudniu 2025 roku, gdzie teraz przebywa w\u00a0areszcie, oczekuj\u0105c na proces. <\/p>\n","protected":false},"excerpt":{"rendered":"Bartosz G. zmaga si\u0119 z\u00a0trudnymi warunkami wi\u0119ziennymi po ekstradycji z\u00a0Grecji. Wed\u0142ug jego obro\u0144cy, Paw\u0142a Aranowskiego, jego izolacja jest&hellip;\n","protected":false},"author":2,"featured_media":204407,"comment_status":"","ping_status":"","sticky":false,"template":"","format":"standard","meta":{"footnotes":""},"categories":[12],"tags":[32,33,36,37,27,34,35,28,31,25,42,38,40,39,41,29,30,26],"class_list":{"0":"post-204406","1":"post","2":"type-post","3":"status-publish","4":"format-standard","5":"has-post-thumbnail","7":"category-polska","8":"tag-breaking-news","9":"tag-breakingnews","10":"tag-featured-news","11":"tag-featurednews","12":"tag-headlines","13":"tag-latest-news","14":"tag-latestnews","15":"tag-naglowki","16":"tag-najwazniejsze-artykuly","17":"tag-news","18":"tag-pl","19":"tag-poland","20":"tag-polish","21":"tag-polska","22":"tag-polski","23":"tag-top-stories","24":"tag-topstories","25":"tag-wiadomosci"},"share_on_mastodon":{"url":"https:\/\/pubeurope.com\/@pl\/115893912510957372","error":""},"_links":{"self":[{"href":"https:\/\/www.europesays.com\/pl\/wp-json\/wp\/v2\/posts\/204406","targetHints":{"allow":["GET"]}}],"collection":[{"href":"https:\/\/www.europesays.com\/pl\/wp-json\/wp\/v2\/posts"}],"about":[{"href":"https:\/\/www.europesays.com\/pl\/wp-json\/wp\/v2\/types\/post"}],"author":[{"embeddable":true,"href":"https:\/\/www.europesays.com\/pl\/wp-json\/wp\/v2\/users\/2"}],"replies":[{"embeddable":true,"href":"https:\/\/www.europesays.com\/pl\/wp-json\/wp\/v2\/comments?post=204406"}],"version-history":[{"count":0,"href":"https:\/\/www.europesays.com\/pl\/wp-json\/wp\/v2\/posts\/204406\/revisions"}],"wp:featuredmedia":[{"embeddable":true,"href":"https:\/\/www.europesays.com\/pl\/wp-json\/wp\/v2\/media\/204407"}],"wp:attachment":[{"href":"https:\/\/www.europesays.com\/pl\/wp-json\/wp\/v2\/media?parent=204406"}],"wp:term":[{"taxonomy":"category","embeddable":true,"href":"https:\/\/www.europesays.com\/pl\/wp-json\/wp\/v2\/categories?post=204406"},{"taxonomy":"post_tag","embeddable":true,"href":"https:\/\/www.europesays.com\/pl\/wp-json\/wp\/v2\/tags?post=204406"}],"curies":[{"name":"wp","href":"https:\/\/api.w.org\/{rel}","templated":true}]}}