{"id":204410,"date":"2026-01-14T14:26:12","date_gmt":"2026-01-14T14:26:12","guid":{"rendered":"https:\/\/www.europesays.com\/pl\/204410\/"},"modified":"2026-01-14T14:26:12","modified_gmt":"2026-01-14T14:26:12","slug":"skoki-malysz-ujawnia-prawde-ws-stocha-i-tomasiaka","status":"publish","type":"post","link":"https:\/\/www.europesays.com\/pl\/204410\/","title":{"rendered":"Skoki: Ma\u0142ysz ujawnia prawd\u0119 ws. Stocha i Tomasiaka"},"content":{"rendered":"<p class=\"typography ids-typeset-body ids-typeset-body--preset-large link paragraph ids-paragraph ids-paragraph--default\">Kacper Tomasiak w swoim pierwszym roku w Pucharze \u015awiata zaskoczy\u0142 wszystkich &#8211; tylko raz nie zakwalifikowa\u0142 si\u0119 do konkursu, zaliczy\u0142 swoje pierwsze podium w konkursie duet\u00f3w i sta\u0142 si\u0119 najwi\u0119ksz\u0105 polsk\u0105 medalow\u0105 szans\u0105 na nadchodz\u0105cych igrzyskach olimpijskich. Adam Ma\u0142ysz z podziwem patrzy na wyczyny 18-latka.<\/p>\n<p>Adam Ma\u0142ysz jasno ws. Tomasiaka i Stocha<\/p>\n<p class=\"typography ids-typeset-body ids-typeset-body--preset-large link paragraph ids-paragraph ids-paragraph--default\">Ma\u0142ysz z uwag\u0105 obserwuje dokonania 18-letniego skoczka, kt\u00f3ry przebojem wdar\u0142 si\u0119 do Pucharu \u015awiata. Zawodnik zgromadzi\u0142 dot\u0105d 320 punkt\u00f3w i plasuje si\u0119 na 12. miejscu w klasyfikacji generalnej Pucharu \u015awiata. Szef PZN przyzna\u0142 w rozmowie z Eurosportem, \u017ce liczy na to, \u017ce przyk\u0142ad Tomasiaka pobudzi jego m\u0142odszych koleg\u00f3w i r\u00f3wie\u015bnik\u00f3w, kt\u00f3rzy uratowaliby przysz\u0142o\u015b\u0107 skok\u00f3w w Polsce.<\/p>\n<p>100 dni do XXV Zimowych Igrzysk Olimpijskich Mediolan-Cortina 2026. WIDEOANDREA BERNARDI \/ AFPTV \/ AFPAFP<\/p>\n<p class=\"typography ids-typeset-body ids-typeset-body--preset-large link paragraph ids-paragraph ids-paragraph--default\">&#8222;W naszej grupie jest czterech-pi\u0119ciu m\u0142odych zawodnik\u00f3w, kt\u00f3rzy przez pewien czas prezentowali bardzo zbli\u017cony do Kacpra poziom. Teraz on wyskoczy\u0142. Mo\u017ce to da pozosta\u0142ym kopa. Zobacz\u0105, \u017ce dobrze idzie i \u017ce mog\u0105 do niego do\u0142\u0105czy\u0107&#8221; &#8211; wyja\u015bni\u0142.<\/p>\n<p class=\"typography ids-typeset-body ids-typeset-body--preset-large link paragraph ids-paragraph ids-paragraph--default\">Zapytano Ma\u0142ysza r\u00f3wnie\u017c, czy Tomasiak zast\u0105pi Stocha, tak jak Stoch zast\u0105pi\u0142 aktualnego prezesa PZN &#8211; dosz\u0142o wtedy nawet do symbolicznego przekazania pa\u0142eczki w Planicy. Ma\u0142ysz twierdzi, \u017ce co\u015b takiego nie b\u0119dzie ju\u017c mo\u017cliwe.<\/p>\n<blockquote role=\"blockquote\" class=\"quote ids-quote ids-quote--nosurface--short--medium\"><p>Tamte czasy ju\u017c min\u0119\u0142y i powt\u00f3rzenie takiej historii b\u0119dzie ogromnym wyzwaniem. Zawodnika o talencie Kamila trudno b\u0119dzie zast\u0105pi\u0107, ale wierz\u0119 w m\u0142ode pokolenie. Wierz\u0119 w Kacpra, kt\u00f3ry na obecnym etapie kariery wydaje si\u0119 nawet silniejszy, ni\u017c by\u0142 Kamil w tym samym wieku<\/p><\/blockquote>\n<p>Adam Ma\u0142ysz o przysz\u0142o\u015bci Tomasiaka<\/p>\n<p class=\"typography ids-typeset-body ids-typeset-body--preset-large link paragraph ids-paragraph ids-paragraph--default\">Wida\u0107, \u017ce cho\u0107 Tomasiak \u015bwietnie zacz\u0105\u0142 przygod\u0119 z Pucharem \u015awiata, to czeka go jeszcze d\u0142uga droga. Ma\u0142ysz stara\u0142 si\u0119 by\u0107 bardzo ostro\u017cny w swoich ocenach. &#8222;Kluczowe b\u0119dzie to, ile wytrzyma ten poziom nie tylko fizycznie, ale r\u00f3wnie\u017c mentalnie, i czy b\u0119dzie umie\u0107 konsekwentnie robi\u0107 post\u0119py oraz broni\u0107 swojej pozycji. Ma zaledwie 18 lat, a ju\u017c pokazuje, \u017ce potrafi bra\u0107 odpowiedzialno\u015b\u0107 i rywalizowa\u0107 na wysokim poziomie. On potrzebuje jeszcze czasu, tak samo, jak pozostali m\u0142odzi zawodnicy&#8221; &#8211; t\u0142umaczy\u0142.<\/p>\n<p class=\"typography ids-typeset-body ids-typeset-body--preset-large link paragraph ids-paragraph ids-paragraph--default\">&#8222;Kacper ju\u017c teraz zrobi\u0142 ogromny post\u0119p mimo m\u0142odego wieku. Pozostaje mie\u0107 nadziej\u0119, \u017ce utrzyma ten poziom i b\u0119dzie si\u0119 dalej rozwija\u0142.\u00a0Patrz\u0105c na jego si\u0142\u0119 i spos\u00f3b, w jaki radzi sobie z presj\u0105, jestem przekonany, \u017ce sta\u0107 go na jeszcze wi\u0119cej&#8221; &#8211; przyzna\u0142 by\u0142y skoczek. Doda\u0142 te\u017c, \u017ce dostrzega w\u015br\u00f3d junior\u00f3w wiele obiecuj\u0105cych zawodnik\u00f3w, kt\u00f3rzy mog\u0105 wype\u0142ni\u0107 luk\u0119 pokoleniow\u0105, jaka utworzy\u0142a si\u0119 w kadrze. M\u00f3wi\u0142 jednak, \u017ce do tego potrzebna b\u0119dzie cierpliwo\u015b\u0107.<\/p>\n<ul class=\"typography ids-typeset-text ids-typeset-text--preset-small list--article-list ids-list ids-list--unordered ids-list--size-small \" datatype=\"disc\">\n<li class=\"ids-list-item ids-list-item__content brief-list-item\"><a class=\"ids-undecorated-link link ids-link \" data-spons=\"false\" href=\"https:\/\/sport.interia.pl\/skoki-narciarskie\/news-malysz-wydal-wyrok-ws-nastepcy-kamila-stocha-to-moze-pokrzyz,nId,22431243\" rel=\"nofollow noopener\" target=\"_blank\">Ma\u0142ysz wyda\u0142 wyrok ws. nast\u0119pcy Kamila Stocha. To mo\u017ce pokrzy\u017cowa\u0107 karier\u0119 genialnego 18-latka<\/a><\/li>\n<li class=\"ids-list-item ids-list-item__content brief-list-item\"><a class=\"ids-undecorated-link link ids-link \" data-spons=\"false\" href=\"https:\/\/sport.interia.pl\/skoki-narciarskie\/news-trener-tonie-w-zachwytach-nad-tomasiakiem-porownal-go-do-sto,nId,22460615\" rel=\"nofollow noopener\" target=\"_blank\">Trener tonie w zachwytach nad Tomasiakiem. Por\u00f3wna\u0142 go do Stocha<\/a><\/li>\n<\/ul>\n<p><img decoding=\"async\" class=\"ids-image-holder__img\" loading=\"lazy\" alt=\"Zawodnik w kombinezonie narciarskim i kasku trzyma narty podczas zawod\u00f3w skok\u00f3w narciarskich, w tle widoczne rozmyte \u015bwiat\u0142a oraz zarys trybun.\" title=\"Kacper Tomasiak\" width=\"2000\" height=\"1333\" src=\"https:\/\/www.europesays.com\/pl\/wp-content\/uploads\/2026\/01\/000M566ODQN4LNHJ-C323-F4.webp.webp\"\/><\/p>\n<p>Kacper TomasiakURS FLUEELEREast News<\/p>\n<p><img decoding=\"async\" class=\"ids-image-holder__img\" loading=\"lazy\" alt=\"Adam Ma\u0142ysz\" title=\"Adam Ma\u0142ysz\" width=\"6482\" height=\"4321\" src=\"https:\/\/www.europesays.com\/pl\/wp-content\/uploads\/2025\/12\/000KXOOMQBBNDU8M-C323-F4.webp.webp\"\/><\/p>\n<p>Adam Ma\u0142yszMarcin Golba \/ NurPhoto \/ NurPhoto via AFPAFP<\/p>\n<p><img decoding=\"async\" class=\"ids-image-holder__img\" loading=\"lazy\" alt=\"M\u0119\u017cczyzna ubrany w czerwon\u0105 kurtk\u0119 z licznymi logotypami sponsor\u00f3w oraz czapk\u0119 w barwach czerwono-czarno-bia\u0142ych niesie na ramieniu narty z widocznym napisem Fischer. Posta\u0107 wygl\u0105da na zamy\u015blon\u0105, g\u0142ow\u0119 trzyma lekko pochylon\u0105.\" title=\"Kamil Stoch\" width=\"2000\" height=\"1331\" src=\"https:\/\/www.europesays.com\/pl\/wp-content\/uploads\/2026\/01\/000M402UIP25I8J3-C323-F4.webp.webp\"\/><\/p>\n<p>Kamil StochANDRZEJ IWANCZUK\/REPORTEREast News<\/p>\n<p><a class=\"ids-undecorated-link source ids-page-info--source__link\" href=\"https:\/\/www.interia.pl\" rel=\"nofollow noopener\" target=\"_blank\"><img decoding=\"async\" class=\"ids-image-holder__img\" loading=\"lazy\" alt=\"\" title=\"\" height=\"24px\" src=\"https:\/\/www.europesays.com\/pl\/wp-content\/uploads\/2026\/01\/1767782590_880_0009A60QQ5I2TYF7-C202-F4.webp.webp\"\/><\/a><\/p>\n<p>Masz sugestie, uwagi albo widzisz b\u0142\u0105d? Napisz do nas<\/p>\n","protected":false},"excerpt":{"rendered":"Kacper Tomasiak w swoim pierwszym roku w Pucharze \u015awiata zaskoczy\u0142 wszystkich &#8211; tylko raz nie zakwalifikowa\u0142 si\u0119 do&hellip;\n","protected":false},"author":2,"featured_media":204411,"comment_status":"","ping_status":"","sticky":false,"template":"","format":"standard","meta":{"footnotes":""},"categories":[24],"tags":[42,38,40,39,41,127,126],"class_list":{"0":"post-204410","1":"post","2":"type-post","3":"status-publish","4":"format-standard","5":"has-post-thumbnail","7":"category-sport","8":"tag-pl","9":"tag-poland","10":"tag-polish","11":"tag-polska","12":"tag-polski","13":"tag-sport","14":"tag-sports"},"share_on_mastodon":{"url":"https:\/\/pubeurope.com\/@pl\/115893920555314324","error":""},"_links":{"self":[{"href":"https:\/\/www.europesays.com\/pl\/wp-json\/wp\/v2\/posts\/204410","targetHints":{"allow":["GET"]}}],"collection":[{"href":"https:\/\/www.europesays.com\/pl\/wp-json\/wp\/v2\/posts"}],"about":[{"href":"https:\/\/www.europesays.com\/pl\/wp-json\/wp\/v2\/types\/post"}],"author":[{"embeddable":true,"href":"https:\/\/www.europesays.com\/pl\/wp-json\/wp\/v2\/users\/2"}],"replies":[{"embeddable":true,"href":"https:\/\/www.europesays.com\/pl\/wp-json\/wp\/v2\/comments?post=204410"}],"version-history":[{"count":0,"href":"https:\/\/www.europesays.com\/pl\/wp-json\/wp\/v2\/posts\/204410\/revisions"}],"wp:featuredmedia":[{"embeddable":true,"href":"https:\/\/www.europesays.com\/pl\/wp-json\/wp\/v2\/media\/204411"}],"wp:attachment":[{"href":"https:\/\/www.europesays.com\/pl\/wp-json\/wp\/v2\/media?parent=204410"}],"wp:term":[{"taxonomy":"category","embeddable":true,"href":"https:\/\/www.europesays.com\/pl\/wp-json\/wp\/v2\/categories?post=204410"},{"taxonomy":"post_tag","embeddable":true,"href":"https:\/\/www.europesays.com\/pl\/wp-json\/wp\/v2\/tags?post=204410"}],"curies":[{"name":"wp","href":"https:\/\/api.w.org\/{rel}","templated":true}]}}