{"id":204412,"date":"2026-01-14T14:27:09","date_gmt":"2026-01-14T14:27:09","guid":{"rendered":"https:\/\/www.europesays.com\/pl\/204412\/"},"modified":"2026-01-14T14:27:09","modified_gmt":"2026-01-14T14:27:09","slug":"joanna-pilat-i-kamil-mandat-z-sopw-wreszcie-sie-rozwiedli","status":"publish","type":"post","link":"https:\/\/www.europesays.com\/pl\/204412\/","title":{"rendered":"Joanna PI\u0142at i Kamil Mandat z \u015aOPW wreszcie si\u0119 rozwiedli"},"content":{"rendered":"<p class=\"typography ids-typeset-body ids-typeset-body--preset-large link paragraph ids-paragraph ids-paragraph--default\"><a href=\"https:\/\/www.pomponik.pl\/gwiazdy-telewizji\/news-joanna-i-kamil-chca-przelozyc-rozwod-uczestnicy-slubu-od-pie,nId,22433686\" target=\"_blank\" rel=\"nofollow noopener\">Joanna Pi\u0142at<\/a> wprawdzie nie znalaz\u0142a mi\u0142o\u015bci w programie <a href=\"https:\/\/www.pomponik.pl\/tagi-slub-od-pierwszego-wejrzenia,tId,268008\" target=\"_blank\" rel=\"nofollow noopener\">&#8222;\u015alub od pierwszego wejrzenia&#8221;<\/a>, jednak nie sprawia wra\u017cenia, jakby \u017ca\u0142owa\u0142a, \u017ce si\u0119 do niego zg\u0142osi\u0142a.<\/p>\n<p>Joanna z \u015aOPW po programie zosta\u0142a influencerk\u0105<\/p>\n<p class=\"typography ids-typeset-body ids-typeset-body--preset-large link paragraph ids-paragraph ids-paragraph--default\">Medialn\u0105 s\u0142aw\u0119 wykorzystuje jako influencerka, czasem w spos\u00f3b budz\u0105cy kontrowersje. Jednak to, co ostatnio promuje, czyli rozw\u00f3d w przyjacielskiej atmosferze, raczej nie wzbudzi fali krytyki.<\/p>\n<p class=\"typography ids-typeset-body ids-typeset-body--preset-large link paragraph ids-paragraph ids-paragraph--default\">Joanna Pi\u0142at i Kamil Mandat, zgodnie z regu\u0142ami programu &#8222;\u015alub od pierwszego wejrzenia&#8221;, poznali si\u0119 p\u00f3\u0142tora roku temu w Urz\u0119dzie Stanu Cywilnego.<\/p>\n<p>Joanna i Kamil sko\u0144czyli program decyzj\u0105 o rozwodzie<\/p>\n<p class=\"typography ids-typeset-body ids-typeset-body--preset-large link paragraph ids-paragraph ids-paragraph--default\">Na pierwszy rzut oka wydawali si\u0119 dobrze dobrani, jednak wsp\u00f3lna podr\u00f3\u017c na Cypr rozwia\u0142a nadzieje Kamila i widz\u00f3w. M\u0105\u017c bohatersko postanowi\u0142 wzi\u0105\u0107 win\u0119 na siebie. Jak wyzna\u0142 do kamery:<\/p>\n<p class=\"typography ids-typeset-body ids-typeset-body--preset-large link paragraph ids-paragraph ids-paragraph--default\">&#8222;Od Cypru czu\u0142em, \u017ce nie trafiam do Asi, \u017ce nie potrafimy ze sob\u0105 si\u0119 porozumiewa\u0107, nie ma mi\u0119dzy nami \u017cadnych emocji, nie potrafimy ze sob\u0105 rozmawia\u0107 o niczym. Czu\u0142em, \u017ce to raczej idzie w t\u0119 stron\u0119, \u017ce sko\u0144czy si\u0119 ten eksperyment rozwodem&#8221;.<\/p>\n<p>Joanna i Kamil z \u015aOPW ju\u017c po rozwodzie<\/p>\n<p class=\"typography ids-typeset-body ids-typeset-body--preset-large link paragraph ids-paragraph ids-paragraph--default\">Rzeczywi\u015bcie, swoj\u0105 przygod\u0119 z programem zako\u0144czyli wsp\u00f3ln\u0105 decyzj\u0105 o rozwodzie.<\/p>\n<p class=\"typography ids-typeset-body ids-typeset-body--preset-large link paragraph ids-paragraph ids-paragraph--default\">Po nagraniach Joanna zacz\u0119\u0142a rozwija\u0107 karier\u0119 influencerki, promuj\u0105c diet\u0119, budz\u0105c\u0105 spore w\u0105tpliwo\u015bci w\u015br\u00f3d lekarzy. Kamil solidarnie j\u0105 wspiera\u0142, da\u0142 si\u0119 nawet nam\u00f3wi\u0107 na wsp\u00f3lne gotowanie w &#8222;Dzie\u0144 Dobry TVN&#8221;, pojawili si\u0119 te\u017c go\u015bcinnie w jednym z odcink\u00f3w &#8222;Gogglebox. Przed telewizorem&#8221;.<\/p>\n<p class=\"typography ids-typeset-body ids-typeset-body--preset-large link paragraph ids-paragraph ids-paragraph--default\">Formalno\u015bci rozwodowe zaj\u0119\u0142y troch\u0119 czasu, jednak ostatecznie Joannie i Kamilowi uda\u0142o si\u0119 oficjalnie odzyska\u0107 status singli.\u00a0Uczcili to wsp\u00f3lnym wyj\u015bciem na kaw\u0119.<\/p>\n<p class=\"typography ids-typeset-body ids-typeset-body--preset-large link paragraph ids-paragraph ids-paragraph--default\">Zobacz te\u017c:<\/p>\n<p class=\"typography ids-typeset-body ids-typeset-body--preset-large link paragraph ids-paragraph ids-paragraph--default\"><a href=\"https:\/\/www.pomponik.pl\/gwiazdy-telewizji\/news-zwrot-ws-kamila-i-asi-ze-slubu-rok-po-rozstaniu-nadali-komun,nId,8032962\" target=\"_blank\" rel=\"nofollow noopener\">Zwrot ws. Kamila i Asi ze &#8222;\u015alubu&#8221;. Rok po rozstaniu nadali komunikat. &#8222;Nikt si\u0119 nie spodziewa\u0142&#8221;<\/a><\/p>\n<p class=\"typography ids-typeset-body ids-typeset-body--preset-large link paragraph ids-paragraph ids-paragraph--default\"><a href=\"https:\/\/www.pomponik.pl\/plotki\/news-kamil-i-asia-ze-slubu-spijaja-sobie-z-dziobkow-alez-dodal-wp,nId,7884468\" target=\"_blank\" rel=\"nofollow noopener\">Kamil i Asia ze &#8222;\u015alubu&#8221; spijaj\u0105 sobie z dzi\u00f3bk\u00f3w. Ale\u017c doda\u0142 wpis<\/a><\/p>\n<p class=\"typography ids-typeset-body ids-typeset-body--preset-large link paragraph ids-paragraph ids-paragraph--default\"><a href=\"https:\/\/www.pomponik.pl\/relacje-i-zwiazki\/news-potwierdzily-sie-doniesienia-ws-relacji-karoliny-i-macieja-z,nId,22501937\" target=\"_blank\" rel=\"nofollow noopener\">Potwierdzi\u0142y si\u0119 doniesienia ws. relacji Karoliny i Macieja ze &#8222;\u015aOPW&#8221;. A jednak to nie plotki<\/a><\/p>\n<p>Kasia Zillmann o odpadni\u0119ciu. Jak Taniec z Gwiazdami j\u0105 zmieni\u0142?pomponik.pl<\/p>\n","protected":false},"excerpt":{"rendered":"Joanna Pi\u0142at wprawdzie nie znalaz\u0142a mi\u0142o\u015bci w programie &#8222;\u015alub od pierwszego wejrzenia&#8221;, jednak nie sprawia wra\u017cenia, jakby \u017ca\u0142owa\u0142a,&hellip;\n","protected":false},"author":2,"featured_media":204413,"comment_status":"","ping_status":"","sticky":false,"template":"","format":"standard","meta":{"footnotes":""},"categories":[22],"tags":[122,42,38,40,39,41,123],"class_list":{"0":"post-204412","1":"post","2":"type-post","3":"status-publish","4":"format-standard","5":"has-post-thumbnail","7":"category-rozrywka","8":"tag-entertainment","9":"tag-pl","10":"tag-poland","11":"tag-polish","12":"tag-polska","13":"tag-polski","14":"tag-rozrywka"},"share_on_mastodon":{"url":"https:\/\/pubeurope.com\/@pl\/115893924312653016","error":""},"_links":{"self":[{"href":"https:\/\/www.europesays.com\/pl\/wp-json\/wp\/v2\/posts\/204412","targetHints":{"allow":["GET"]}}],"collection":[{"href":"https:\/\/www.europesays.com\/pl\/wp-json\/wp\/v2\/posts"}],"about":[{"href":"https:\/\/www.europesays.com\/pl\/wp-json\/wp\/v2\/types\/post"}],"author":[{"embeddable":true,"href":"https:\/\/www.europesays.com\/pl\/wp-json\/wp\/v2\/users\/2"}],"replies":[{"embeddable":true,"href":"https:\/\/www.europesays.com\/pl\/wp-json\/wp\/v2\/comments?post=204412"}],"version-history":[{"count":0,"href":"https:\/\/www.europesays.com\/pl\/wp-json\/wp\/v2\/posts\/204412\/revisions"}],"wp:featuredmedia":[{"embeddable":true,"href":"https:\/\/www.europesays.com\/pl\/wp-json\/wp\/v2\/media\/204413"}],"wp:attachment":[{"href":"https:\/\/www.europesays.com\/pl\/wp-json\/wp\/v2\/media?parent=204412"}],"wp:term":[{"taxonomy":"category","embeddable":true,"href":"https:\/\/www.europesays.com\/pl\/wp-json\/wp\/v2\/categories?post=204412"},{"taxonomy":"post_tag","embeddable":true,"href":"https:\/\/www.europesays.com\/pl\/wp-json\/wp\/v2\/tags?post=204412"}],"curies":[{"name":"wp","href":"https:\/\/api.w.org\/{rel}","templated":true}]}}