{"id":204419,"date":"2026-01-14T14:31:11","date_gmt":"2026-01-14T14:31:11","guid":{"rendered":"https:\/\/www.europesays.com\/pl\/204419\/"},"modified":"2026-01-14T14:31:11","modified_gmt":"2026-01-14T14:31:11","slug":"prezydent-karol-nawrocki-zdecydowal-spotka-sie-z-radoslawem-sikorskim","status":"publish","type":"post","link":"https:\/\/www.europesays.com\/pl\/204419\/","title":{"rendered":"Prezydent Karol Nawrocki zdecydowa\u0142. Spotka si\u0119 z Rados\u0142awem Sikorskim"},"content":{"rendered":"<p class=\"typography ids-typeset-body ids-typeset-body--preset-large link paragraph ids-paragraph ids-paragraph--default\">O terminie spotkania prezydenta i szefa MSZ poinformowa\u0142 szef prezydenckiego Biura Polityki Zagranicznej Marcin Przydacz.<\/p>\n<p class=\"typography ids-typeset-body ids-typeset-body--preset-large link paragraph ids-paragraph ids-paragraph--default\">&#8211; Spotkanie ma dotyczy\u0107 nominacji ambasadorskich. Prezydent jest got\u00f3w, aby t\u0119 sytuacj\u0119 rozwi\u0105za\u0107 &#8211; przekaza\u0142.<\/p>\n<p class=\"typography ids-typeset-body ids-typeset-body--preset-large link paragraph ids-paragraph ids-paragraph--default\">Wkr\u00f3tce wi\u0119cej informacji&#8230;<\/p>\n<p>Spotkanie Nawrocki &#8211; Sikorski. Prezydent poda\u0142 dat\u0119<\/p>\n<p class=\"typography ids-typeset-body ids-typeset-body--preset-large link paragraph ids-paragraph ids-paragraph--default\">Spotkanie Nawrocki &#8211; Sikorski nie b\u0119dzie pierwsz\u0105 rozmow\u0105 prezydenta z przedstawicielem rz\u0105du w ostatnim czasie. W pi\u0105tek, 9 stycznia, Karol Nawrocki spotka\u0142 si\u0119 &#8222;w cztery oczy&#8221; z premierem Donaldem Tuskiem. By\u0142o to pierwsze bezpo\u015brednie spotkanie obu polityk\u00f3w od wrze\u015bnia 2025 roku.<\/p>\n<p class=\"typography ids-typeset-body ids-typeset-body--preset-large link paragraph ids-paragraph ids-paragraph--default\">Jednym z g\u0142\u00f3wnych temat\u00f3w rozmowy polityk\u00f3w by\u0142a polityka zagraniczna, szczeg\u00f3lnie w kontek\u015bcie tocz\u0105cych si\u0119 negocjacji pokojowych w sprawie wojny w Ukrainie.<\/p>\n<p class=\"typography ids-typeset-body ids-typeset-body--preset-large link paragraph ids-paragraph ids-paragraph--default\">&#8211; Spotkanie dotyczy\u0142o przede wszystkim kwestii zwi\u0105zanych\u00a0z pokojem na Ukrainie. Panowie prezydent i premier rozmawiali o warunkach pokoju, ale tak\u017ce wsp\u00f3\u0142pracy w najistotniejszej dla Rzeczpospolitej kwestii: bezpiecze\u0144stwa &#8211; przekaza\u0142 po zako\u0144czeniu rozm\u00f3w rzecznik prezydenta Nawrockiego Rafa\u0142 Le\u015bkiewicz.<\/p>\n<p>Donald Tusk &#8211; Karol Nawrocki. Politycy rozmawiali o bezpiecze\u0144stwie<\/p>\n<p class=\"typography ids-typeset-body ids-typeset-body--preset-large link paragraph ids-paragraph ids-paragraph--default\">Spotkanie premiera i prezydenta zosta\u0142o zapowiedziane po szczycie Koalicji Ch\u0119tnych. Donald Tusk stwierdzi\u0142 wtedy, \u017ce chce porozmawia\u0107 z prezydentem &#8222;o tym, jaka jest rola dla prezydenta, a jaka dla rz\u0105du w procesie maj\u0105cym zapewni\u0107 Ukrainie gwarancje bezpiecze\u0144stwa po zawieszeniu broni&#8221;.<\/p>\n<p class=\"typography ids-typeset-body ids-typeset-body--preset-large link paragraph ids-paragraph ids-paragraph--default\">&#8211; Wyjmujemy kwestie bezpiecze\u0144stwa Polski poza spory i walki. To musi by\u0107 nasze wsp\u00f3lne dzia\u0142anie &#8211; powiedzia\u0142 podsumowuj\u0105c spotkanie.<\/p>\n<p class=\"typography ids-typeset-body ids-typeset-body--preset-large link paragraph ids-paragraph ids-paragraph--default\">Premier doda\u0142, \u017ce przedmiotem rozm\u00f3w by\u0142y przede wszystkim tematy zwi\u0105zane z polskim bezpiecze\u0144stwem\u00a0oraz szczeg\u00f3\u0142ami negocjacji pokojowych.<\/p>\n<p>Spotkanie u prezydenta. Do rozwi\u0105zania kilka spor\u00f3wPolsat News<\/p>\n<p><a class=\"ids-undecorated-link source ids-page-info--source__link\" href=\"https:\/\/www.interia.pl\" rel=\"nofollow noopener\" target=\"_blank\"><img decoding=\"async\" class=\"ids-image-holder__img\" loading=\"lazy\" alt=\"\" title=\"\" height=\"24px\" src=\"https:\/\/www.europesays.com\/pl\/wp-content\/uploads\/2026\/01\/1767782590_880_0009A60QQ5I2TYF7-C202-F4.webp.webp\"\/><\/a><\/p>\n<p>Masz sugestie, uwagi albo widzisz b\u0142\u0105d? Napisz do nas<\/p>\n","protected":false},"excerpt":{"rendered":"O terminie spotkania prezydenta i szefa MSZ poinformowa\u0142 szef prezydenckiego Biura Polityki Zagranicznej Marcin Przydacz. &#8211; Spotkanie ma&hellip;\n","protected":false},"author":2,"featured_media":204420,"comment_status":"","ping_status":"","sticky":false,"template":"","format":"standard","meta":{"footnotes":""},"categories":[12],"tags":[32,33,36,37,27,34,35,28,31,25,42,38,40,39,41,29,30,26],"class_list":{"0":"post-204419","1":"post","2":"type-post","3":"status-publish","4":"format-standard","5":"has-post-thumbnail","7":"category-polska","8":"tag-breaking-news","9":"tag-breakingnews","10":"tag-featured-news","11":"tag-featurednews","12":"tag-headlines","13":"tag-latest-news","14":"tag-latestnews","15":"tag-naglowki","16":"tag-najwazniejsze-artykuly","17":"tag-news","18":"tag-pl","19":"tag-poland","20":"tag-polish","21":"tag-polska","22":"tag-polski","23":"tag-top-stories","24":"tag-topstories","25":"tag-wiadomosci"},"share_on_mastodon":{"url":"https:\/\/pubeurope.com\/@pl\/115893940190132583","error":""},"_links":{"self":[{"href":"https:\/\/www.europesays.com\/pl\/wp-json\/wp\/v2\/posts\/204419","targetHints":{"allow":["GET"]}}],"collection":[{"href":"https:\/\/www.europesays.com\/pl\/wp-json\/wp\/v2\/posts"}],"about":[{"href":"https:\/\/www.europesays.com\/pl\/wp-json\/wp\/v2\/types\/post"}],"author":[{"embeddable":true,"href":"https:\/\/www.europesays.com\/pl\/wp-json\/wp\/v2\/users\/2"}],"replies":[{"embeddable":true,"href":"https:\/\/www.europesays.com\/pl\/wp-json\/wp\/v2\/comments?post=204419"}],"version-history":[{"count":0,"href":"https:\/\/www.europesays.com\/pl\/wp-json\/wp\/v2\/posts\/204419\/revisions"}],"wp:featuredmedia":[{"embeddable":true,"href":"https:\/\/www.europesays.com\/pl\/wp-json\/wp\/v2\/media\/204420"}],"wp:attachment":[{"href":"https:\/\/www.europesays.com\/pl\/wp-json\/wp\/v2\/media?parent=204419"}],"wp:term":[{"taxonomy":"category","embeddable":true,"href":"https:\/\/www.europesays.com\/pl\/wp-json\/wp\/v2\/categories?post=204419"},{"taxonomy":"post_tag","embeddable":true,"href":"https:\/\/www.europesays.com\/pl\/wp-json\/wp\/v2\/tags?post=204419"}],"curies":[{"name":"wp","href":"https:\/\/api.w.org\/{rel}","templated":true}]}}