{"id":204425,"date":"2026-01-14T14:34:07","date_gmt":"2026-01-14T14:34:07","guid":{"rendered":"https:\/\/www.europesays.com\/pl\/204425\/"},"modified":"2026-01-14T14:34:07","modified_gmt":"2026-01-14T14:34:07","slug":"opowiedzial-o-podziale-majatku-sedzina-az-sie-poplakala","status":"publish","type":"post","link":"https:\/\/www.europesays.com\/pl\/204425\/","title":{"rendered":"Opowiedzia\u0142 o podziale maj\u0105tku. &#8222;S\u0119dzina a\u017c si\u0119 pop\u0142aka\u0142a&#8221;"},"content":{"rendered":"<p>Sprawy spadkowe bardzo cz\u0119sto s\u0105 trudnym tematem w\u00a0rodzinie. Czasem odczyt testamentu jest gorzki, innym razem &#8211;\u00a0jego brak jest r\u00f3wnoznaczny z\u00a0&#8222;ci\u0105ganiem si\u0119&#8221; po s\u0105dach. O\u00a0swoich do\u015bwiadczeniach w\u00a0jednym z\u00a0wywiad\u00f3w opowiedzia\u0142 Mieczys\u0142aw Hryniewicz. &#8211;\u00a0M\u00f3j ojciec zwyk\u0142 mawia\u0107, \u017ce spadkobierc\u00f3w nale\u017cy niszczy\u0107. Ale nie dotrzyma\u0142 s\u0142owa, co\u015b tam nam zostawi\u0142 &#8211;\u00a0wyjawi\u0142 aktor &#8222;Faktowi&#8221;.<\/p>\n<p>Mieczys\u0142aw Hryniewicz o\u00a0ogl\u0105daniu siebie na ekranie<\/p>\n<p>Jak przeczytamy w\u00a0&#8222;Fakcie&#8221;, rodzice Mieczys\u0142awa Hryniewicza ca\u0142y maj\u0105tek przepisali na siebie nawzajem. W\u00a0dokumencie nie by\u0142o \u017cadnych wzmianek o\u00a0dzieciach: aktorze oraz jego dw\u00f3ch siostrach. Testament z\u00a0podzia\u0142em dobytku w\u00a0og\u00f3le nie istnia\u0142. &#8211; M\u00f3j ojciec zwyk\u0142 mawia\u0107, \u017ce spadkobierc\u00f3w nale\u017cy niszczy\u0107. Ale nie dotrzyma\u0142 s\u0142owa, co\u015b tam nam zostawi\u0142. Jakie\u015b kilkaset metr\u00f3w dzia\u0142ki w\u00a0Poznaniu i\u00a0domek &#8211;\u00a0zaznaczy\u0142 Hryniewicz.<\/p>\n<p>Wiele os\u00f3b z\u00a0pewno\u015bci\u0105 by pomy\u015bla\u0142o, \u017ce po \u015bmierci rodzic\u00f3w, aktor wraz z\u00a0siostrami m\u00f3g\u0142by mie\u0107 k\u0142opoty dotycz\u0105ce podzia\u0142u maj\u0105tku &#8211;\u00a0nic bardziej mylnego. Hryniewicz dok\u0142adnie opisa\u0142 to, co sta\u0142o si\u0119 w\u00a0s\u0105dzie.<\/p>\n<p>W innym wywiadzie Mieczys\u0142aw Hryniewicz opowiedzia\u0142 nieco wi\u0119cej o\u00a0swojej relacji z\u00a0rodzicami. Jak podkre\u015bli\u0142, ani matka, ani ojciec nie powstrzymywali go przed wyborem szko\u0142y aktorskiej, cho\u0107 tata&#8230; niezbyt wierzy\u0142, \u017ce synowi uda si\u0119 na ni\u0105 dosta\u0107.<\/p>\n<p>Zapraszamy na grup\u0119 FB &#8211;\u00a0<a href=\"https:\/\/www.facebook.com\/groups\/126020819449720\" rel=\"noopener noreferrer nofollow\" target=\"_blank\">#Wszechmocne.<\/a> To tu b\u0119dziemy informowa\u0107 na bie\u017c\u0105co o\u00a0terminach webinar\u00f3w, wywiadach, nowych historiach.<\/p>\n","protected":false},"excerpt":{"rendered":"Sprawy spadkowe bardzo cz\u0119sto s\u0105 trudnym tematem w\u00a0rodzinie. Czasem odczyt testamentu jest gorzki, innym razem &#8211;\u00a0jego brak jest&hellip;\n","protected":false},"author":2,"featured_media":204426,"comment_status":"","ping_status":"","sticky":false,"template":"","format":"standard","meta":{"footnotes":""},"categories":[22],"tags":[122,42,38,40,39,41,123],"class_list":{"0":"post-204425","1":"post","2":"type-post","3":"status-publish","4":"format-standard","5":"has-post-thumbnail","7":"category-rozrywka","8":"tag-entertainment","9":"tag-pl","10":"tag-poland","11":"tag-polish","12":"tag-polska","13":"tag-polski","14":"tag-rozrywka"},"share_on_mastodon":{"url":"https:\/\/pubeurope.com\/@pl\/115893952010862341","error":""},"_links":{"self":[{"href":"https:\/\/www.europesays.com\/pl\/wp-json\/wp\/v2\/posts\/204425","targetHints":{"allow":["GET"]}}],"collection":[{"href":"https:\/\/www.europesays.com\/pl\/wp-json\/wp\/v2\/posts"}],"about":[{"href":"https:\/\/www.europesays.com\/pl\/wp-json\/wp\/v2\/types\/post"}],"author":[{"embeddable":true,"href":"https:\/\/www.europesays.com\/pl\/wp-json\/wp\/v2\/users\/2"}],"replies":[{"embeddable":true,"href":"https:\/\/www.europesays.com\/pl\/wp-json\/wp\/v2\/comments?post=204425"}],"version-history":[{"count":0,"href":"https:\/\/www.europesays.com\/pl\/wp-json\/wp\/v2\/posts\/204425\/revisions"}],"wp:featuredmedia":[{"embeddable":true,"href":"https:\/\/www.europesays.com\/pl\/wp-json\/wp\/v2\/media\/204426"}],"wp:attachment":[{"href":"https:\/\/www.europesays.com\/pl\/wp-json\/wp\/v2\/media?parent=204425"}],"wp:term":[{"taxonomy":"category","embeddable":true,"href":"https:\/\/www.europesays.com\/pl\/wp-json\/wp\/v2\/categories?post=204425"},{"taxonomy":"post_tag","embeddable":true,"href":"https:\/\/www.europesays.com\/pl\/wp-json\/wp\/v2\/tags?post=204425"}],"curies":[{"name":"wp","href":"https:\/\/api.w.org\/{rel}","templated":true}]}}