{"id":204427,"date":"2026-01-14T14:35:12","date_gmt":"2026-01-14T14:35:12","guid":{"rendered":"https:\/\/www.europesays.com\/pl\/204427\/"},"modified":"2026-01-14T14:35:12","modified_gmt":"2026-01-14T14:35:12","slug":"totalna-dominacja-ta-marka-sprzedala-w-2025-roku-najwiecej-smartfonow","status":"publish","type":"post","link":"https:\/\/www.europesays.com\/pl\/204427\/","title":{"rendered":"Totalna dominacja. Ta marka sprzeda\u0142a w 2025 roku najwi\u0119cej smartfon\u00f3w"},"content":{"rendered":"<p><img decoding=\"async\" src=\"https:\/\/std.wpcdn.pl\/images\/adv\/placeholder_wp.svg\" alt=\"\"\/><\/p>\n<p>\n                Apple zaliczy\u0142 w\u0142a\u015bnie sw\u00f3j pierwszy w\u00a0historii three-peat. Producent iPhone\u2019\u00f3w zdoby\u0142 tytu\u0142 najwi\u0119kszego dostawcy smartfon\u00f3w trzeci rok z\u00a0rz\u0119du.\n            <\/p>\n<p>Firma analityczna IDC <a href=\"https:\/\/www.idc.com\/resource-center\/press-releases\/q425mobilephonetop5\/\" rel=\"nofollow noopener\" target=\"_blank\">opublikowa\u0142a<\/a> wst\u0119pne szacunki dostaw smartfon\u00f3w\u00a0w 2025 roku. Wynika z\u00a0nich, \u017ce w\u00a0ci\u0105gu 12 miesi\u0119cy na rynek trafi\u0142o 1,26 miliarda urz\u0105dze\u0144, co oznacza wzrost o\u00a01,9 proc. rok do roku.\u00a0<\/p>\n<p>Zdaniem analityk\u00f3w, jedn\u0105 z\u00a0przyczyn stabilnego wzrostu jest kryzys na rynku pami\u0119ci. Wielu klient\u00f3w, spodziewaj\u0105c si\u0119 podwy\u017cek cen smartfon\u00f3w\u00a0w 2026 roku, mia\u0142o zdecydowa\u0107 si\u0119 na wcze\u015bniejsz\u0105 wymian\u0119 urz\u0105dzenia.\u00a0<\/p>\n<p><img loading=\"lazy\" decoding=\"async\" class=\"lazy\" src=\"https:\/\/www.europesays.com\/pl\/wp-content\/uploads\/2026\/01\/1768392129_280_sddefault.jpg\" alt=\"\" width=\"1050\" height=\"787\"\/><img decoding=\"async\" class=\"youtube-frame__play-img\" src=\"https:\/\/www.europesays.com\/pl\/wp-content\/uploads\/2025\/10\/1760695931_769_youtube-play.png\" alt=\"Uruchom wideo\" width=\"68\"\/>TOP 5 producent\u00f3w\u00a0smartfon\u00f3w\u00a0w 2025 roku<\/p>\n<p>Wed\u0142ug wspomnianego raportu, najwi\u0119cej smartfon\u00f3w\u00a0w 2025 roku dostarczy\u0142y kolejno marki:<\/p>\n<ul>\n<li>Apple &#8211; 247,8 mln (wzrost o\u00a06,8 proc.);<\/li>\n<li>Samsung &#8211; 241,2 mln (wzrost o\u00a07,9 mln);<\/li>\n<li>Xiaomi &#8211; 165,3 mln (spadek o\u00a01,9 proc.);<\/li>\n<li>vivo &#8211; 103,9 mln (wzrost o\u00a02,7 proc.);<\/li>\n<li>OPPO &#8211; 102 mln (spadek o\u00a01,3 proc.).<\/li>\n<\/ul>\n<p>Apple\u00a0utrzyma\u0142 pozycj\u0119 lidera trzeci rok z\u00a0rz\u0119du. Analitycy wskazuj\u0105, \u017ce to zas\u0142uga g\u0142\u00f3wnie sukcesu serii <a href=\"https:\/\/www.benchmark.pl\/testy_i_recenzje\/iphone-17-test-opinia-czy-warto-kupic.html\" title=\"iPhone 17 - test\" rel=\"nofollow noopener\" target=\"_blank\">iPhone 17<\/a>, kt\u00f3ra pozwoli\u0142a na odbicie sprzeda\u017cy w\u00a0Chinach i\u00a0wypracowanie rekordowych wynik\u00f3w\u00a0w czwartym kwartale.\u00a0Warto przy tym podkre\u015bli\u0107, \u017ce Apple jako jedyny w\u00a0TOP 5 nie ma w\u00a0swojej ofercie telefon\u00f3w\u00a0bud\u017cetowych, kt\u00f3rymi m\u00f3g\u0142by poprawia\u0107 wyniki ilo\u015bciowe kosztem ni\u017cszej mar\u017cy. Producent iPhone\u2019\u00f3w\u00a0sprzedaje du\u017co i\u00a0drogo, co jest marzeniem ka\u017cdego sprzedawcy.\u00a0<\/p>\n<p class=\" wideImage\"><a href=\"https:\/\/cdn.benchmark.pl\/uploads\/backend_img\/c\/newsy\/2026-01\/MN\/smartfony_2021-2025_idc.jpg\" rel=\"nofollow noopener\" target=\"_blank\"><img loading=\"lazy\" decoding=\"async\" src=\"https:\/\/www.europesays.com\/pl\/wp-content\/uploads\/2026\/01\/1768401312_852_330x0x1.jpg\" alt=\"\" class=\"lazy\" width=\"1201\" height=\"642\" data-\/><\/a>Dostawy smartfon\u00f3w\u00a0Apple&#8217;a, Samsunga i\u00a0Xiaomi w\u00a0milionach (\u017ar\u00f3d\u0142o: IDC)<\/p>\n<p>Cho\u0107 Samsung, kt\u00f3ry w\u00a0latach 2011-2022 utrzymywa\u0142 pozycj\u0119 lidera, po raz trzeci musi si\u0119 zadowoli\u0107 miejscem drugim, firma nie ma powod\u00f3w\u00a0do narzeka\u0144. Korea\u0144czycy odnotowali bowiem najwi\u0119kszy wzrost rok do roku, co ma by\u0107 zas\u0142ug\u0105 wyj\u0105tkowo dobrej sprzeda\u017cy sk\u0142adanych smartfon\u00f3w\u00a0<a href=\"https:\/\/www.benchmark.pl\/testy_i_recenzje\/samsung-galaxy-z-fold-7-test-recenzja-i-opinia.html\" title=\"Samsung Galaxy Z\u00a0Fold 7 - recenzja\" rel=\"nofollow noopener\" target=\"_blank\">Galaxy Z\u00a0Fold 7<\/a> i\u00a0ciep\u0142ego przyj\u0119cia serii Galaxy A.\u00a0<\/p>\n<p>Sytuacja chi\u0144skich marek Xiaomi, vivo i\u00a0OPPO prezentuje si\u0119 stabilnie. Warto jednak odnotowa\u0107, \u017ce na pocz\u0105tku 2026 roku <a href=\"https:\/\/www.benchmark.pl\/aktualnosci\/realme-oppo-przejecie.html\" title=\"OPPO przejmuje realme\" rel=\"nofollow noopener\" target=\"_blank\">OPPO oficjalnie wch\u0142on\u0119\u0142o mark\u0119 realme<\/a>, wi\u0119c w\u00a0kolejnych raportach wyniki sprzeda\u017cy obu brand\u00f3w\u00a0b\u0119d\u0105 sumowane. To potencjalnie mo\u017ce im pozwoli\u0107 na uzyskanie zauwa\u017calnej przewagi nad vivo.\u00a0<\/p>\n<p>Przed rynkiem smartfon\u00f3w\u00a0ci\u0119\u017cki rok<\/p>\n<p>Mimo optymistycznego zako\u0144czenia 2025 roku, analitycy IDC ostrzegaj\u0105 przed nadchodz\u0105cym spowolnieniem. Bran\u017ca stoi w\u00a0obliczu bezprecedensowego niedoboru pami\u0119ci, co jest uwa\u017cane za jedno z\u00a0najwi\u0119kszych wyzwa\u0144 zwi\u0105zanych z\u00a0\u0142a\u0144cuchem dostaw ostatnich lat.<\/p>\n<p>Przewiduje si\u0119, \u017ce w\u00a02026 roku rynek zanotuje spadki, a\u00a0konsumenci musz\u0105 przygotowa\u0107 si\u0119 na <a href=\"https:\/\/www.benchmark.pl\/aktualnosci\/smartfony-pamiec-ceny-2026-kryzys.html\" title=\"Wzrost cen smartfon\u00f3w w\u00a02026\" rel=\"nofollow noopener\" target=\"_blank\">zauwa\u017calny wzrost cen smartfon\u00f3w<\/a>, wymuszony przez rosn\u0105ce koszty produkcji.<\/p>\n<p><img decoding=\"async\" src=\"https:\/\/std.wpcdn.pl\/images\/adv\/placeholder_wp.svg\" alt=\"\"\/><\/p>\n","protected":false},"excerpt":{"rendered":"Apple zaliczy\u0142 w\u0142a\u015bnie sw\u00f3j pierwszy w\u00a0historii three-peat. Producent iPhone\u2019\u00f3w zdoby\u0142 tytu\u0142 najwi\u0119kszego dostawcy smartfon\u00f3w trzeci rok z\u00a0rz\u0119du. Firma&hellip;\n","protected":false},"author":2,"featured_media":204428,"comment_status":"","ping_status":"","sticky":false,"template":"","format":"standard","meta":{"footnotes":""},"categories":[20],"tags":[120,118,119,42,38,40,39,41,116,114,115,121,117],"class_list":{"0":"post-204427","1":"post","2":"type-post","3":"status-publish","4":"format-standard","5":"has-post-thumbnail","7":"category-nauka-i-technika","8":"tag-nauka","9":"tag-nauka-i-technika","10":"tag-naukatechnika","11":"tag-pl","12":"tag-poland","13":"tag-polish","14":"tag-polska","15":"tag-polski","16":"tag-science","17":"tag-science-and-technology","18":"tag-sciencetechnology","19":"tag-technika","20":"tag-technology"},"share_on_mastodon":{"url":"https:\/\/pubeurope.com\/@pl\/115893956088449860","error":""},"_links":{"self":[{"href":"https:\/\/www.europesays.com\/pl\/wp-json\/wp\/v2\/posts\/204427","targetHints":{"allow":["GET"]}}],"collection":[{"href":"https:\/\/www.europesays.com\/pl\/wp-json\/wp\/v2\/posts"}],"about":[{"href":"https:\/\/www.europesays.com\/pl\/wp-json\/wp\/v2\/types\/post"}],"author":[{"embeddable":true,"href":"https:\/\/www.europesays.com\/pl\/wp-json\/wp\/v2\/users\/2"}],"replies":[{"embeddable":true,"href":"https:\/\/www.europesays.com\/pl\/wp-json\/wp\/v2\/comments?post=204427"}],"version-history":[{"count":0,"href":"https:\/\/www.europesays.com\/pl\/wp-json\/wp\/v2\/posts\/204427\/revisions"}],"wp:featuredmedia":[{"embeddable":true,"href":"https:\/\/www.europesays.com\/pl\/wp-json\/wp\/v2\/media\/204428"}],"wp:attachment":[{"href":"https:\/\/www.europesays.com\/pl\/wp-json\/wp\/v2\/media?parent=204427"}],"wp:term":[{"taxonomy":"category","embeddable":true,"href":"https:\/\/www.europesays.com\/pl\/wp-json\/wp\/v2\/categories?post=204427"},{"taxonomy":"post_tag","embeddable":true,"href":"https:\/\/www.europesays.com\/pl\/wp-json\/wp\/v2\/tags?post=204427"}],"curies":[{"name":"wp","href":"https:\/\/api.w.org\/{rel}","templated":true}]}}