{"id":204443,"date":"2026-01-14T14:43:10","date_gmt":"2026-01-14T14:43:10","guid":{"rendered":"https:\/\/www.europesays.com\/pl\/204443\/"},"modified":"2026-01-14T14:43:10","modified_gmt":"2026-01-14T14:43:10","slug":"decyzja-rpp-ws-stop-procentowych-co-to-oznacza-dla-kredytobiorcow","status":"publish","type":"post","link":"https:\/\/www.europesays.com\/pl\/204443\/","title":{"rendered":"Decyzja RPP ws. st\u00f3p procentowych. Co to oznacza dla kredytobiorc\u00f3w?"},"content":{"rendered":"<p>Rada Polityki Pieni\u0119\u017cnej nie zmieni\u0142a w \u015brod\u0119 st\u00f3p procentowych, co oznacza, \u017ce stopa referencyjna, g\u0142\u00f3wna stopa procentowa Narodowego Banku Polskiego, nadal wynosi 4 proc. Nie zmienia to jednak faktu, \u017ce raty kredyt\u00f3w i tak mog\u0105 spa\u015b\u0107.<\/p>\n<p>                         &#13;<br \/>\n        &#13;<\/p>\n<p>                                        &#13;<br \/>\n                        &#13;<br \/>\n                            <img decoding=\"async\" src=\"https:\/\/www.europesays.com\/pl\/wp-content\/uploads\/2026\/01\/000M762BO26P13CG-C123-F4.jpg\" title=\"Co ze stopami procentowymi? RPP podj\u0119\u0142a decyzj\u0119\" alt=\"Co ze stopami procentowymi? RPP podj\u0119\u0142a decyzj\u0119\" class=\"img-responsive\"\/>&#13;<\/p>\n<p>                            &#13;<\/p>\n<p>      &#13;<br \/>\n                            Rada Polityki Pieni\u0119\u017cnej nie zmieni\u0142a w \u015brod\u0119 st\u00f3p procentowych (zdj\u0119cie ilustracyjne)&#13;<br \/>\n                                    \/Shutterstock  &#13;\n                                    <\/p>\n<p>&#13;<\/p>\n<ul class=\"bullet\">\n<li>Rada Polityki Pieni\u0119\u017cnej nie zmieni\u0142a st\u00f3p procentowych &#8211; stopa referencyjna NBP nadal wynosi 4 proc.<\/li>\n<li>Mimo braku zmian st\u00f3p procentowych, raty kredyt\u00f3w mog\u0105 spa\u015b\u0107, poniewa\u017c obni\u017cy\u0142 si\u0119 wska\u017anik WIBOR, kt\u00f3ry wp\u0142ywa na wysoko\u015b\u0107 rat.<\/li>\n<li>Eksperci prognozuj\u0105, \u017ce w najbli\u017cszych miesi\u0105cach mo\u017cliwe s\u0105 kolejne obni\u017cki st\u00f3p procentowych, by\u0107 mo\u017ce ju\u017c w marcu.<\/li>\n<li>Wi\u0119cej wa\u017cnych informacji z Polski i ze \u015bwiata znajdziesz na\u00a0<a href=\"https:\/\/www.rmf24.pl\/\" target=\"_blank\" rel=\"noreferrer noopener nofollow\">stronie g\u0142\u00f3wnej RMF24.pl<\/a>.<\/li>\n<\/ul>\n<p>Narodowy Bank Polski poinformowa\u0142, \u017ce na zako\u0144czonym w \u015brod\u0119 posiedzeniu Rada Polityki Pieni\u0119\u017cnej nie zmieni\u0142a st\u00f3p procentowych.<\/p>\n<p>Oznacza to, \u017ce stopa referencyjna, g\u0142\u00f3wna stopa procentowa NBP, nadal wynosi 4 proc. To kluczowy wska\u017anik okre\u015blaj\u0105cy minimalne oprocentowanie po\u017cyczek, jakie banki komercyjne mog\u0105 zaci\u0105ga\u0107 w banku centralnym, co wp\u0142ywa na oprocentowanie kredyt\u00f3w w ca\u0142ej gospodarce.<\/p>\n<p>Nie zmieni\u0142y si\u0119 r\u00f3wnie\u017c pozosta\u0142e stopy procentowe. I tak: stopa lombardowa wynosi nadal 4,5 proc., stopa depozytowa &#8211; 3,5 proc., stopa redyskontowa weksli &#8211; 4,05 proc., a stopa dyskontowa weksli &#8211; 4,1 proc.<\/p>\n<p>Jak zauwa\u017ca reporter RMF FM Igor Skrzypek, raty kredyt\u00f3w i tak mog\u0105 spa\u015b\u0107, mimo \u017ce Rada Polityki Pieni\u0119\u017cnej nie zdecydowa\u0142a si\u0119 na obni\u017ck\u0119 st\u00f3p procentowych. Dzieje si\u0119 tak dlatego, \u017ce banki nie\u015bmia\u0142o jednak oczekiwa\u0142y obni\u017cki i spad\u0142 wska\u017anik WIBOR, a to on bezpo\u015brednio wp\u0142ywa na wysoko\u015b\u0107 rat.<\/p>\n<p>Szczeg\u00f3lnie znacz\u0105cy spadek mo\u017ce pojawi\u0107 si\u0119 w przypadku kredyt\u00f3w z oprocentowaniem opartym o stawk\u0119\u00a0WIBOR 6M. B\u0119dzie tak dlatego, \u017ce aktualizacje w tym przypadku odbywaj\u0105 si\u0119 bardzo rzadko, raz na sze\u015b\u0107 miesi\u0119cy &#8211; wyja\u015bnia analityk portalu Rankomat.pl Rados\u0142aw Sadowski.<\/p>\n<p>Jak zauwa\u017ca, w wielu przypadkach kredytobiorcy mogli jeszcze nie odczu\u0107 poprzednich obni\u017cek st\u00f3p procentowych, a &#8211; przypomnijmy &#8211; w drugiej po\u0142owie ubieg\u0142ego roku by\u0142o ich a\u017c pi\u0119\u0107.<\/p>\n<p>Prognozy ekspert\u00f3w na kolejne miesi\u0105ce s\u0105 optymistyczne dla kredytobiorc\u00f3w. Rada Polityki Pieni\u0119\u017cnej pr\u0119dzej czy p\u00f3\u017aniej powinna wr\u00f3ci\u0107 do ci\u0119\u0107 st\u00f3p procentowych. Wiele analiz wskazuje marzec jako dobry moment na kolejne obni\u017cki.<\/p>\n<p>                    <a href=\"https:\/\/www.rmf24.pl\/fakty\/polska\/news-mieszkania-drozeja-tu-najszybciej-w-polsce-najnowsze-dane-gu,nId,8056172\" rel=\"nofollow noopener\" target=\"_blank\">Mieszkania dro\u017cej\u0105 tu najszybciej w Polsce. Najnowsze dane GUS<\/a><\/p>\n","protected":false},"excerpt":{"rendered":"Rada Polityki Pieni\u0119\u017cnej nie zmieni\u0142a w \u015brod\u0119 st\u00f3p procentowych, co oznacza, \u017ce stopa referencyjna, g\u0142\u00f3wna stopa procentowa Narodowego&hellip;\n","protected":false},"author":2,"featured_media":204444,"comment_status":"","ping_status":"","sticky":false,"template":"","format":"standard","meta":{"footnotes":""},"categories":[16],"tags":[113,112,42,38,40,39,41],"class_list":{"0":"post-204443","1":"post","2":"type-post","3":"status-publish","4":"format-standard","5":"has-post-thumbnail","7":"category-biznes","8":"tag-biznes","9":"tag-business","10":"tag-pl","11":"tag-poland","12":"tag-polish","13":"tag-polska","14":"tag-polski"},"share_on_mastodon":{"url":"https:\/\/pubeurope.com\/@pl\/115893987381268691","error":""},"_links":{"self":[{"href":"https:\/\/www.europesays.com\/pl\/wp-json\/wp\/v2\/posts\/204443","targetHints":{"allow":["GET"]}}],"collection":[{"href":"https:\/\/www.europesays.com\/pl\/wp-json\/wp\/v2\/posts"}],"about":[{"href":"https:\/\/www.europesays.com\/pl\/wp-json\/wp\/v2\/types\/post"}],"author":[{"embeddable":true,"href":"https:\/\/www.europesays.com\/pl\/wp-json\/wp\/v2\/users\/2"}],"replies":[{"embeddable":true,"href":"https:\/\/www.europesays.com\/pl\/wp-json\/wp\/v2\/comments?post=204443"}],"version-history":[{"count":0,"href":"https:\/\/www.europesays.com\/pl\/wp-json\/wp\/v2\/posts\/204443\/revisions"}],"wp:featuredmedia":[{"embeddable":true,"href":"https:\/\/www.europesays.com\/pl\/wp-json\/wp\/v2\/media\/204444"}],"wp:attachment":[{"href":"https:\/\/www.europesays.com\/pl\/wp-json\/wp\/v2\/media?parent=204443"}],"wp:term":[{"taxonomy":"category","embeddable":true,"href":"https:\/\/www.europesays.com\/pl\/wp-json\/wp\/v2\/categories?post=204443"},{"taxonomy":"post_tag","embeddable":true,"href":"https:\/\/www.europesays.com\/pl\/wp-json\/wp\/v2\/tags?post=204443"}],"curies":[{"name":"wp","href":"https:\/\/api.w.org\/{rel}","templated":true}]}}