{"id":204498,"date":"2026-01-14T15:13:07","date_gmt":"2026-01-14T15:13:07","guid":{"rendered":"https:\/\/www.europesays.com\/pl\/204498\/"},"modified":"2026-01-14T15:13:07","modified_gmt":"2026-01-14T15:13:07","slug":"nie-zyje-mateusz-kolonko-mial-37-lat-fala-pozegnan-przeglad-sportowy-onet","status":"publish","type":"post","link":"https:\/\/www.europesays.com\/pl\/204498\/","title":{"rendered":"Nie \u017cyje Mateusz Kolonko. Mia\u0142 37 lat. Fala po\u017cegna\u0144 &#8211; Przegl\u0105d Sportowy Onet"},"content":{"rendered":"<ol>\n<li><a href=\"https:\/\/news.google.com\/rss\/articles\/CBMipgFBVV95cUxPVTlhd1lvanRXLTBGQmRGRHNOaUY5WlNTUkNmSG5OWEhRMUFJNlR4Q2tVNFVnUTZORHEzU1RkYlhwUDVhU0RxaEFqNU1KeC15UklGVEVGaVBTWXZ1Z3pwNERxRFdkcEFMLUdUanVIUVJzVVNhREczU01zLWlPZGVXaU9fQW9lY2xBZFl2NGU0bmxXYW5CZlRKb2FHazlqQlRiYVYwaFlR?oc=5\" target=\"_blank\" rel=\"nofollow noopener\">Nie \u017cyje Mateusz Kolonko. Mia\u0142 37 lat. Fala po\u017cegna\u0144<\/a>&nbsp;&nbsp;Przegl\u0105d Sportowy Onet<\/li>\n<li><a href=\"https:\/\/news.google.com\/rss\/articles\/CBMipAFBVV95cUxNVnIwUkd5ME9zQXFhTC1BLVRKaDNwZG1UVEdURXE4RTExRnppMDlOOXN3R01VNVJRc3Qxak9ud2htcmZjRlUzWTVENlBlVTJnQzA3dnhjQmlsUjhBOGZtLTNBN042cWVRS1FDWExVYUZseFo1eUNYbkNZdXAtejBRTURXZmRBNEZCOFpRXzR1SFZOelVWNTdqNTEyRkdLWXFNbmtGcg?oc=5\" target=\"_blank\" rel=\"nofollow noopener\">Nie \u017cyje Mateusz Kolonko. Dzia\u0142acz sportowy mia\u0142 36 lat<\/a>&nbsp;&nbsp;SportoweFakty<\/li>\n<li><a href=\"https:\/\/news.google.com\/rss\/articles\/CBMirwFBVV95cUxNWjI2MEIyU1JVWFRJZTE5N0J2a0tpd1JsTVZ0elh2UzE2bEZxUkg4RTBUZUZKY1psZEc3aGNOaUVRVUw4emg2eHRsTzJPZ1VYWEFtUy1NempWUE1TaHRPN29NeHo5UnRaX1BIUkpDZDNZSk9uSHdSaEljY2pfX1ZHemtKa2VHa1p2Vk13YWd3RXhvTGlNNnF0MVdZcXRqNHd6TFNrbW9fRWJ5WWFyQzkw?oc=5\" target=\"_blank\" rel=\"nofollow noopener\">Zmar\u0142 Mateusz Kolonko \u2013 dzia\u0142acz i pi\u0142karz LKS Beskid Gilowice-Rychwa\u0142d<\/a>&nbsp;&nbsp;Radio BIELSKO<\/li>\n<li><a href=\"https:\/\/news.google.com\/rss\/articles\/CBMiX0FVX3lxTE1BeTBvSWRzTXpiOFF2Q25rS0gxR2NMQmd4eTQ0YU05cnV5Q3JnSlF1ZUg2X0lUQ0xqZWk2dEZ2UENrQ3RiZnNaX3JKUHN3Sm9xSTdsQmc4LU5UZkI3X0gw?oc=5\" target=\"_blank\" rel=\"nofollow noopener\">Zmar\u0142 radny gminy Gilowice<\/a>&nbsp;&nbsp;Beskidzka24.pl<\/li>\n<li><a href=\"https:\/\/news.google.com\/rss\/articles\/CBMiW0FVX3lxTE5oak5HNnNVOXF6ZVVfUnFWWTdzRjBJMGhnaHUyVjFPWHg2Z3J6RTJkUnRfU2lTc2dXMkdsRUViUTVjejVUM1RqT21hcThHNjVvckI0dFcwaGoyTk0?oc=5\" target=\"_blank\" rel=\"nofollow noopener\">Nie \u017cyje Mateusz Kolonko \u2013 \u017bywiecInfo \u2013 miasto \u2013 historia \u2013 kultura<\/a>&nbsp;&nbsp;\u017bywiecInfo<\/li>\n<\/ol>\n","protected":false},"excerpt":{"rendered":"Nie \u017cyje Mateusz Kolonko. Mia\u0142 37 lat. Fala po\u017cegna\u0144&nbsp;&nbsp;Przegl\u0105d Sportowy Onet Nie \u017cyje Mateusz Kolonko. Dzia\u0142acz sportowy mia\u0142&hellip;\n","protected":false},"author":2,"featured_media":204499,"comment_status":"","ping_status":"","sticky":false,"template":"","format":"standard","meta":{"footnotes":"","_share_on_mastodon":"0"},"categories":[12],"tags":[32,33,36,37,39372,27,67,34,35,28,31,25,15773,948,42,38,40,39,41,136,128,47,135,4562,29,30,26,130],"class_list":["post-204498","post","type-post","status-publish","format-standard","has-post-thumbnail","category-polska","tag-breaking-news","tag-breakingnews","tag-featured-news","tag-featurednews","tag-gilowice","tag-headlines","tag-intextvideo_splayer","tag-latest-news","tag-latestnews","tag-naglowki","tag-najwazniejsze-artykuly","tag-news","tag-nie_zyje","tag-pilka_nozna","tag-pl","tag-poland","tag-polish","tag-polska","tag-polski","tag-ps_detal_new","tag-psv2","tag-screening_general","tag-sport_sport","tag-tka","tag-top-stories","tag-topstories","tag-wiadomosci","tag-wiadomosci_sportowe"],"share_on_mastodon":{"url":"https:\/\/pubeurope.com\/@pl\/115894105154550042","error":""},"_links":{"self":[{"href":"https:\/\/www.europesays.com\/pl\/wp-json\/wp\/v2\/posts\/204498","targetHints":{"allow":["GET"]}}],"collection":[{"href":"https:\/\/www.europesays.com\/pl\/wp-json\/wp\/v2\/posts"}],"about":[{"href":"https:\/\/www.europesays.com\/pl\/wp-json\/wp\/v2\/types\/post"}],"author":[{"embeddable":true,"href":"https:\/\/www.europesays.com\/pl\/wp-json\/wp\/v2\/users\/2"}],"replies":[{"embeddable":true,"href":"https:\/\/www.europesays.com\/pl\/wp-json\/wp\/v2\/comments?post=204498"}],"version-history":[{"count":0,"href":"https:\/\/www.europesays.com\/pl\/wp-json\/wp\/v2\/posts\/204498\/revisions"}],"wp:featuredmedia":[{"embeddable":true,"href":"https:\/\/www.europesays.com\/pl\/wp-json\/wp\/v2\/media\/204499"}],"wp:attachment":[{"href":"https:\/\/www.europesays.com\/pl\/wp-json\/wp\/v2\/media?parent=204498"}],"wp:term":[{"taxonomy":"category","embeddable":true,"href":"https:\/\/www.europesays.com\/pl\/wp-json\/wp\/v2\/categories?post=204498"},{"taxonomy":"post_tag","embeddable":true,"href":"https:\/\/www.europesays.com\/pl\/wp-json\/wp\/v2\/tags?post=204498"}],"curies":[{"name":"wp","href":"https:\/\/api.w.org\/{rel}","templated":true}]}}