{"id":204621,"date":"2026-01-14T16:25:08","date_gmt":"2026-01-14T16:25:08","guid":{"rendered":"https:\/\/www.europesays.com\/pl\/204621\/"},"modified":"2026-01-14T16:25:08","modified_gmt":"2026-01-14T16:25:08","slug":"dwudniowy-mecz-raducanu-wykorzystala-problemy-polki","status":"publish","type":"post","link":"https:\/\/www.europesays.com\/pl\/204621\/","title":{"rendered":"Dwudniowy mecz Raducanu. Wykorzysta\u0142a problemy Polki"},"content":{"rendered":"\n<p class=\"contentpart contentpart--default contentpart--text\" data-position=\"0\">We wtorek najwy\u017cej rozstawiona\u00a0<a href=\"https:\/\/sportowefakty.wp.pl\/tenis\/emma-raducanu\" rel=\"nofollow noopener\" target=\"_blank\">Emma Raducanu<\/a>\u00a0nie doko\u0144czy\u0142a swojego inauguracyjnego pojedynku w ramach zawod\u00f3w Hobart International 2026. Brytyjka i\u00a0<a href=\"https:\/\/sportowefakty.wp.pl\/tenis\/maria-camila-osorio-serrano\" rel=\"nofollow noopener\" target=\"_blank\">Camila Osorio<\/a>\u00a0zesz\u0142y z kortu przy stanie 6:3, 2:4 dla faworytki. Spotkanie wznowiono w \u015brod\u0119, a mistrzyni US Open 2021 odwr\u00f3ci\u0142a losy drugiego seta i zwyci\u0119\u017cy\u0142a ostatecznie Kolumbijk\u0119 6:3, 7:6(2).<\/p>\n<p class=\"contentpart contentpart--default contentpart--text\" data-position=\"1\">Do meczu II rundy Raducanu nie przyst\u0105pi\u0142a. Ju\u017c we wtorek og\u0142oszono, \u017ce\u00a0<a href=\"https:\/\/sportowefakty.wp.pl\/tenis\/magdalena-frech\" rel=\"nofollow noopener\" target=\"_blank\">Magdalena Fr\u0119ch<\/a>\u00a0zrezygnowa\u0142a z dalszej gry w Hobart. \u0141odzianka zg\u0142osi\u0142a kontuzj\u0119 i wycofa\u0142a si\u0119 z rywalizacji. Tym samym Brytyjka otrzyma\u0142a walkowera do \u0107wier\u0107fina\u0142u.<\/p>\n<p>  <img decoding=\"async\" src=\"https:\/\/v.wpimg.pl\/X3dwLnN2d1IFFTpdYUl6R0ZNbgcnEHQREVV2TGEGbUtRT2MdOlZ2RBQUKABgQjQcDRotCStBd1IAAWMeIlM7VgwYIAorQAdEFFk_GCkQJQ\" alt=\"\" width=\"45\" height=\"58\" loading=\"lazy\"\/>  <\/p>\n<p class=\"contentpart contentpart--default contentpart--text\" data-position=\"2\">ZOBACZ WIDEO: Tak nasza ekipa \u015bwi\u0119towa\u0142a zwyci\u0119stwo w United Cup!<\/p>\n<p class=\"contentpart contentpart--default contentpart--text\" data-position=\"4\">W czwartek na drodze Raducanu stanie\u00a0<a href=\"https:\/\/sportowefakty.wp.pl\/tenis\/taylah-preston\" rel=\"nofollow noopener\" target=\"_blank\">Taylah Preston<\/a>. Nagrodzona dzik\u0105 kart\u0105 Australijka wygra\u0142a sw\u00f3j drugi pojedynek. Tym razem pokona\u0142a S\u0142owaczk\u0119\u00a0<a href=\"https:\/\/sportowefakty.wp.pl\/tenis\/rebecca-sramkova\" rel=\"nofollow noopener\" target=\"_blank\">Rebecc\u0119 Sramkov\u0105<\/a>\u00a06:4, 6:1. W g\u00f3rnej cz\u0119\u015bci drabinki pozosta\u0142y zatem trzy rozstawione tenisistki. Jedna z nich na pewno wyst\u0105pi w p\u00f3\u0142finale, bowiem w bezpo\u015brednim starciu zmierz\u0105 si\u0119 ze sob\u0105\u00a0<a href=\"https:\/\/sportowefakty.wp.pl\/tenis\/iva-jovic\" rel=\"nofollow noopener\" target=\"_blank\">Iva Jovi\u0107<\/a>\u00a0(numer 3) i\u00a0<a href=\"https:\/\/sportowefakty.wp.pl\/tenis\/magdalena-linette\" rel=\"nofollow noopener\" target=\"_blank\">Magda Linette<\/a>\u00a0(numer 8).<\/p>\n<p class=\"contentpart contentpart--default contentpart--text\" data-position=\"5\">Natomiast w dolnej po\u0142\u00f3wce nie ma ju\u017c ani jednej rozstawionej zawodniczki. Oznaczona czwartym numerem\u00a0<a href=\"https:\/\/sportowefakty.wp.pl\/tenis\/ann-li\" rel=\"nofollow noopener\" target=\"_blank\">Ann Li<\/a>\u00a0by\u0142a o krok od \u0107wier\u0107fina\u0142u, lecz w pojedynku z\u00a0<a href=\"https:\/\/sportowefakty.wp.pl\/tenis\/elisabetta-cocciaretto\" rel=\"nofollow noopener\" target=\"_blank\">Elisabett\u0105 Cocciaretto<\/a>\u00a0nie wykorzysta\u0142a przewagi prze\u0142amania w drugim i trzecim secie. W\u0142oszka wygra\u0142a ostatecznie z Amerykank\u0105 1:6, 7:5, 7:5. W czwartek jej przeciwniczk\u0105 b\u0119dzie W\u0119gierka\u00a0<a href=\"https:\/\/sportowefakty.wp.pl\/tenis\/anna-bondar\" rel=\"nofollow noopener\" target=\"_blank\">Anna Bondar<\/a>, kt\u00f3ra pokona\u0142a oznaczon\u0105 &#8222;sz\u00f3stk\u0105&#8221; Niemk\u0119\u00a0<a href=\"https:\/\/sportowefakty.wp.pl\/tenis\/tatjana-malek\" rel=\"nofollow noopener\" target=\"_blank\">Tatjan\u0119 Mari\u0119<\/a>\u00a07:6(7), 7:5.<\/p>\n<p class=\"contentpart contentpart--default contentpart--text\" data-position=\"6\">W \u0107wier\u0107finale dojdzie r\u00f3wnie\u017c do serbsko-chorwackiego spotkania.\u00a0<a href=\"https:\/\/sportowefakty.wp.pl\/tenis\/olga-danilovic\" rel=\"nofollow noopener\" target=\"_blank\">Olga Danilovi\u0107<\/a>\u00a0wygra\u0142a w II rundzie z niewygodn\u0105 Amerykank\u0105\u00a0<a href=\"https:\/\/sportowefakty.wp.pl\/tenis\/peyton-stearns\" rel=\"nofollow noopener\" target=\"_blank\">Peyton Stearns<\/a>\u00a07:6(2), 6:1. Jej rywalk\u0105 b\u0119dzie\u00a0<a href=\"https:\/\/sportowefakty.wp.pl\/tenis\/antonia-ruzic\" rel=\"nofollow noopener\" target=\"_blank\">Antonia Ruzi\u0107<\/a>, kt\u00f3ra zwyci\u0119\u017cy\u0142a Argentynk\u0119\u00a0<a href=\"https:\/\/sportowefakty.wp.pl\/tenis\/solana-sierra\" rel=\"nofollow noopener\" target=\"_blank\">Solan\u0119 Sierr\u0119<\/a>\u00a07:5, 6:4.<\/p>\n<p>  <img decoding=\"async\" src=\"https:\/\/v.wpimg.pl\/X3dwLnN2d1IFFTpdYUl6R0ZNbgcnEHQREVV2TGEGbUtRT2MdOlZ2RBQUKABgQjQcDRotCStBd1IAAWMeIlM7VgwYIAorQAdEFFk_GCkQJQ\" alt=\"\" width=\"45\" height=\"58\" loading=\"lazy\"\/>  <\/p>\n<p class=\"contentpart contentpart--default contentpart--text\" data-position=\"7\">Zmagania w g\u0142\u00f3wnej drabince zawod\u00f3w Hobart International 2026 potrwaj\u0105 do soboty (17 stycznia). Zwyci\u0119\u017cczyni otrzyma 250 punkt\u00f3w do rankingu WTA oraz czek na sum\u0119 37,3 tys. dolar\u00f3w.<\/p>\n<p class=\"contentpart contentpart--default contentpart--text\" data-position=\"8\"><a href=\"https:\/\/sportowefakty.wp.pl\/tenis\/wta-hobart\" rel=\"nofollow noopener\" target=\"_blank\">Hobart International<\/a>, Hobart (Australia)<br \/>WTA 250, kort twardy, pula nagr\u00f3d 283,3 tys. dolar\u00f3w<br \/>\u015broda, 14 stycznia<\/p>\n<p class=\"contentpart contentpart--default contentpart--text\" data-position=\"9\">II runda gry pojedynczej:<\/p>\n<p class=\"contentpart contentpart--default contentpart--text\" data-position=\"10\">Emma Raducanu (Wielka Brytania, 1) &#8211; Magdalena Fr\u0119ch (Polska) walkower<br \/>Taylah Preston (Australia, WC) &#8211; Rebecca Sramkova (S\u0142owacja) 6:4, 6:1<br \/>Anna Bondar (W\u0119gry) &#8211; Tatjana Maria (Niemcy, 6) 7:6(7), 7:5<br \/>Elisabetta Cocciaretto (W\u0142ochy, Q) &#8211; Ann Li (USA, 4) 1:6, 7:5, 7:5<br \/>Antonia Ruzi\u0107 (Chorwacja) &#8211; Solana Sierra (Argentyna) 7:5, 6:4<br \/>Olga Danilovi\u0107 (Serbia) &#8211; Peyton Stearns (USA) 7:6(2), 6:1<\/p>\n<p>  <img decoding=\"async\" src=\"https:\/\/v.wpimg.pl\/X3dwLnN2d1IFFTpdYUl6R0ZNbgcnEHQREVV2TGEGbUtRT2MdOlZ2RBQUKABgQjQcDRotCStBd1IAAWMeIlM7VgwYIAorQAdEFFk_GCkQJQ\" alt=\"\" width=\"45\" height=\"58\" loading=\"lazy\"\/>  <\/p>\n<p class=\"contentpart contentpart--default contentpart--text\" data-position=\"11\">I runda gry pojedynczej:<\/p>\n<p class=\"contentpart contentpart--default contentpart--text\" data-position=\"12\">Emma Raducanu (Wielka Brytania, 1) &#8211; Camila Osorio (Kolumbia, WC) 6:3, 7:6(2)<\/p>\n","protected":false},"excerpt":{"rendered":"We wtorek najwy\u017cej rozstawiona\u00a0Emma Raducanu\u00a0nie doko\u0144czy\u0142a swojego inauguracyjnego pojedynku w ramach zawod\u00f3w Hobart International 2026. Brytyjka i\u00a0Camila Osorio\u00a0zesz\u0142y&hellip;\n","protected":false},"author":2,"featured_media":204622,"comment_status":"","ping_status":"","sticky":false,"template":"","format":"standard","meta":{"footnotes":""},"categories":[24],"tags":[17597,39388,6083,995,6775,37087,6461,39305,3874,39386,39385,42,38,40,39,41,9214,36193,127,126,39387,39389,156,157,39242],"class_list":{"0":"post-204621","1":"post","2":"type-post","3":"status-publish","4":"format-standard","5":"has-post-thumbnail","7":"category-sport","8":"tag-ann-li","9":"tag-anna-bondar","10":"tag-antonia-ruzic","11":"tag-australia","12":"tag-camila-osorio","13":"tag-elisabetta-cocciaretto","14":"tag-emma-raducanu","15":"tag-hobart","16":"tag-magdalena-frech","17":"tag-olga-danilovic","18":"tag-peyton-stearns","19":"tag-pl","20":"tag-poland","21":"tag-polish","22":"tag-polska","23":"tag-polski","24":"tag-rebecca-sramkova","25":"tag-solana-sierra","26":"tag-sport","27":"tag-sports","28":"tag-tatjana-maria","29":"tag-taylah-preston","30":"tag-tenis","31":"tag-wta","32":"tag-wta-hobart"},"share_on_mastodon":{"url":"https:\/\/pubeurope.com\/@pl\/115894388390605385","error":""},"_links":{"self":[{"href":"https:\/\/www.europesays.com\/pl\/wp-json\/wp\/v2\/posts\/204621","targetHints":{"allow":["GET"]}}],"collection":[{"href":"https:\/\/www.europesays.com\/pl\/wp-json\/wp\/v2\/posts"}],"about":[{"href":"https:\/\/www.europesays.com\/pl\/wp-json\/wp\/v2\/types\/post"}],"author":[{"embeddable":true,"href":"https:\/\/www.europesays.com\/pl\/wp-json\/wp\/v2\/users\/2"}],"replies":[{"embeddable":true,"href":"https:\/\/www.europesays.com\/pl\/wp-json\/wp\/v2\/comments?post=204621"}],"version-history":[{"count":0,"href":"https:\/\/www.europesays.com\/pl\/wp-json\/wp\/v2\/posts\/204621\/revisions"}],"wp:featuredmedia":[{"embeddable":true,"href":"https:\/\/www.europesays.com\/pl\/wp-json\/wp\/v2\/media\/204622"}],"wp:attachment":[{"href":"https:\/\/www.europesays.com\/pl\/wp-json\/wp\/v2\/media?parent=204621"}],"wp:term":[{"taxonomy":"category","embeddable":true,"href":"https:\/\/www.europesays.com\/pl\/wp-json\/wp\/v2\/categories?post=204621"},{"taxonomy":"post_tag","embeddable":true,"href":"https:\/\/www.europesays.com\/pl\/wp-json\/wp\/v2\/tags?post=204621"}],"curies":[{"name":"wp","href":"https:\/\/api.w.org\/{rel}","templated":true}]}}