{"id":204661,"date":"2026-01-14T16:49:11","date_gmt":"2026-01-14T16:49:11","guid":{"rendered":"https:\/\/www.europesays.com\/pl\/204661\/"},"modified":"2026-01-14T16:49:11","modified_gmt":"2026-01-14T16:49:11","slug":"rekordowe-ceny-zlota-i-srebra-inwestorzy-graja-pod-obnizki-stop-w-usa-puls-biznesu","status":"publish","type":"post","link":"https:\/\/www.europesays.com\/pl\/204661\/","title":{"rendered":"Rekordowe ceny z\u0142ota i srebra. Inwestorzy graj\u0105 pod obni\u017cki st\u00f3p w USA &#8211; Puls Biznesu"},"content":{"rendered":"<p data-block-key=\"b3fuo\">W \u015brod\u0119 rano cena z\u0142ota na rynku spot osi\u0105gn\u0119\u0142a rekordowy poziom 4639,42 USD za uncj\u0119. R\u00f3wnie\u017c kontrakty terminowe na z\u0142oto z opcj\u0105 realizacji w lutym w Stanach Zjednoczonych kontynuowa\u0142y wzrosty, dro\u017cej\u0105c o 0,8 proc. do 4640,90 USD\/u.<\/p>\n<p data-block-key=\"3c03o\">Rosn\u0105ce zainteresowanie z\u0142otem jest efektem po\u0142\u0105czenia oczekiwa\u0144 na \u0142agodniejsz\u0105 polityk\u0119 monetarn\u0105 w USA oraz obaw o stabilno\u015b\u0107 instytucjonaln\u0105 i geopolityczn\u0105. Analitycy podkre\u015blaj\u0105, \u017ce w takich warunkach inwestorzy tradycyjnie zwi\u0119kszaj\u0105 zaanga\u017cowanie w bezpieczne aktywa.<\/p>\n<p>Srebro przekracza historyczn\u0105 barier\u0119<\/p>\n<p data-block-key=\"fmgu5\">Jeszcze silniejsze wzrosty odnotowa\u0142o srebro. Cena spot tego metalu wzros\u0142a o 4,2 proc. do 90,59 USD za uncj\u0119, po raz pierwszy w historii przekraczaj\u0105c granic\u0119 90 dolar\u00f3w. Od pocz\u0105tku roku notowania srebra wzros\u0142y ju\u017c o blisko 27 proc., co czyni je jednym z najlepiej radz\u0105cych sobie aktyw\u00f3w na rynku surowc\u00f3w.<\/p>\n<p data-block-key=\"5507l\">Zdaniem analityk\u00f3w kolejnym psychologicznym celem dla rynku srebra jest poziom 100 dolar\u00f3w za uncj\u0119. Eksperci wskazuj\u0105, \u017ce w 2026 roku mo\u017cliwe s\u0105 dalsze dwucyfrowe wzrosty cen tego metalu, wspierane zar\u00f3wno przez popyt inwestycyjny, jak i przemys\u0142owy.<\/p>\n<p>Dane o inflacji w USA wspieraj\u0105 metale szlachetne<\/p>\n<p data-block-key=\"9jpmu\">Kluczowym impulsem dla wzrost\u00f3w by\u0142y najnowsze dane inflacyjne z USA. Bazowy wska\u017anik cen konsumpcyjnych wzr\u00f3s\u0142 w grudniu o 0,2 proc. miesi\u0105c do miesi\u0105ca i o 2,6 proc. rok do roku. Odczyt okaza\u0142 si\u0119 ni\u017cszy od prognoz, kt\u00f3re zak\u0142ada\u0142y wzrost odpowiednio o 0,3 proc. i 2,7 proc.<\/p>\n<p data-block-key=\"eq3c7\">Zdaniem ekonomist\u00f3w \u0142agodniejsza dynamika inflacji zwi\u0119ksza szanse na dalsze \u0142agodzenie polityki pieni\u0119\u017cnej przez Rezerw\u0119 Federaln\u0105. Inwestorzy licz\u0105 tak\u017ce na podobnie umiarkowany odczyt bazowego wska\u017anika cen producenta, kt\u00f3ry ma zosta\u0107 opublikowany p\u00f3\u017aniej w ci\u0105gu dnia.<\/p>\n<p data-block-key=\"14uu8\">Rynek zak\u0142ada, \u017ce w 2026 roku dojdzie do dw\u00f3ch obni\u017cek st\u00f3p procentowych w USA o 25 punkt\u00f3w bazowych, a pierwsza z nich mo\u017ce nast\u0105pi\u0107 ju\u017c w czerwcu.<\/p>\n","protected":false},"excerpt":{"rendered":"W \u015brod\u0119 rano cena z\u0142ota na rynku spot osi\u0105gn\u0119\u0142a rekordowy poziom 4639,42 USD za uncj\u0119. R\u00f3wnie\u017c kontrakty terminowe&hellip;\n","protected":false},"author":2,"featured_media":204662,"comment_status":"","ping_status":"","sticky":false,"template":"","format":"standard","meta":{"footnotes":""},"categories":[16],"tags":[113,112,42,38,40,39,41],"class_list":{"0":"post-204661","1":"post","2":"type-post","3":"status-publish","4":"format-standard","5":"has-post-thumbnail","7":"category-biznes","8":"tag-biznes","9":"tag-business","10":"tag-pl","11":"tag-poland","12":"tag-polish","13":"tag-polska","14":"tag-polski"},"share_on_mastodon":{"url":"https:\/\/pubeurope.com\/@pl\/115894482548111593","error":""},"_links":{"self":[{"href":"https:\/\/www.europesays.com\/pl\/wp-json\/wp\/v2\/posts\/204661","targetHints":{"allow":["GET"]}}],"collection":[{"href":"https:\/\/www.europesays.com\/pl\/wp-json\/wp\/v2\/posts"}],"about":[{"href":"https:\/\/www.europesays.com\/pl\/wp-json\/wp\/v2\/types\/post"}],"author":[{"embeddable":true,"href":"https:\/\/www.europesays.com\/pl\/wp-json\/wp\/v2\/users\/2"}],"replies":[{"embeddable":true,"href":"https:\/\/www.europesays.com\/pl\/wp-json\/wp\/v2\/comments?post=204661"}],"version-history":[{"count":0,"href":"https:\/\/www.europesays.com\/pl\/wp-json\/wp\/v2\/posts\/204661\/revisions"}],"wp:featuredmedia":[{"embeddable":true,"href":"https:\/\/www.europesays.com\/pl\/wp-json\/wp\/v2\/media\/204662"}],"wp:attachment":[{"href":"https:\/\/www.europesays.com\/pl\/wp-json\/wp\/v2\/media?parent=204661"}],"wp:term":[{"taxonomy":"category","embeddable":true,"href":"https:\/\/www.europesays.com\/pl\/wp-json\/wp\/v2\/categories?post=204661"},{"taxonomy":"post_tag","embeddable":true,"href":"https:\/\/www.europesays.com\/pl\/wp-json\/wp\/v2\/tags?post=204661"}],"curies":[{"name":"wp","href":"https:\/\/api.w.org\/{rel}","templated":true}]}}