{"id":204687,"date":"2026-01-14T17:05:08","date_gmt":"2026-01-14T17:05:08","guid":{"rendered":"https:\/\/www.europesays.com\/pl\/204687\/"},"modified":"2026-01-14T17:05:08","modified_gmt":"2026-01-14T17:05:08","slug":"afera-o-krzyz-w-smietniku-to-tragifarsa-o-guzynski-nauczycielce-funduja-jesien-sredniowiecza","status":"publish","type":"post","link":"https:\/\/www.europesays.com\/pl\/204687\/","title":{"rendered":"Afera o krzy\u017c w \u015bmietniku to tragifarsa. O. Gu\u017cy\u0144ski: Nauczycielce funduj\u0105 jesie\u0144 \u015bredniowiecza"},"content":{"rendered":"<p>Do Rzecznika Praw Obywatelskich wp\u0142yn\u0105\u0142 wniosek w sprawie nauczycielki z Kielna. Oskar\u017ca si\u0119 j\u0105 o wyrzucenie do kosza na \u015bmieci krzy\u017ca.<br \/>\n<a href=\"https:\/\/www.tokfm.pl\/polska\/pomorskie\/afera-z-krzyzem-w-szkolnym-smietniku-nauczycielka-tlumaczy-to-byl-gadzet-nad-klatka-z-chomikiem\" target=\"_self\" rel=\"dofollow noopener\">Jak si\u0119 okaza\u0142o, by\u0142 to jedynie plastikowy element przebrania halloweenowego, kt\u00f3ry zosta\u0142 przez uczni\u00f3w zawieszony nad klatk\u0105 z chomikiem.<\/a> Autorzy wniosku do RPO zwracaj\u0105 uwag\u0119 na medialn\u0105 nagonk\u0119, naciski polityk\u00f3w i zagro\u017cenie dla bezpiecze\u0144stwa szko\u0142y, przed kt\u00f3r\u0105 zorganizowano pikiet\u0119. W prote\u015bcie &#8222;W obronie krzy\u017ca&#8221; uczestniczy\u0142 m.in. Robert B\u0105kiewicz, lider skrajnie prawicowego Ruchu Obrony Granic. Nauczycielka jest obiektem hejtu, zawieszono j\u0105 w pracy, a zawiadomienie do Prokuratury Rejonowej\u00a0w Wejherowie w sprawie obrazy uczu\u0107 religijnych z\u0142o\u017cy\u0142 w\u00f3jt gminy Szemud.<\/p>\n<p><a name=\"eztoc31791211_0_6\" id=\"eztoc31791211_0_6\"\/>Krzy\u017c w szkolnym \u015bmietniku. Atrapa, a nie obiekt sakralny<\/p>\n<p>&#8211; W tej &#8222;aferze&#8221; nie mamy de facto do czynienia z symbolem religijnym we w\u0142a\u015bciwym tego s\u0142owa znaczeniu. Mamy tu za\u015b sytuacj\u0119 kontekstow\u0105 &#8211; wyja\u015bni\u0142 dominikanin o. Pawe\u0142 Gu\u017cy\u0144ski. Duchowny w rozmowie z tokfm.pl stwierdzi\u0142, \u017ce ca\u0142y &#8222;skandal&#8221; mo\u017cna by\u0142o wyja\u015bni\u0107 w 5 minut. W jego opinii nauczycielka mog\u0142a zachowa\u0107 si\u0119 nieco delikatniej, ale reakcja na jej zachowanie to &#8222;tragifarsa&#8221;.<\/p>\n<p>Fakt, \u017ce mowa o atrapie, a nie obiekcie kultu religijnego, potwierdza r\u00f3wnie\u017c prof. Arkadiusz Stempin, historyk i\u00a0watykanista z\u00a0Uczelni Janusza Korczaka w\u00a0Warszawie oraz Albert-Ludwigs-Universitat we Fryburgu. &#8211; Krzy\u017c, kt\u00f3ry nie jest po\u015bwi\u0119cony, nie mo\u017ce by\u0107 desakralizowany &#8211; wyt\u0142umaczy\u0142 w rozmowie z tokfm.pl.<\/p>\n<p>W opinii prof. Stempina krzy\u017c jest &#8222;nadu\u017cywany&#8221; w znaczeniu kulturowym. &#8211; To jest nieszcz\u0119\u015bcie polskiego Ko\u015bcio\u0142a hierarchicznego, \u017ce godzi si\u0119 na przesuni\u0119cie znaczenia religii z przekazu ewangelicznego na przekaz kulturowy &#8211; argumentowa\u0142 historyk. &#8211; Wed\u0142ug mnie profanacj\u0105 by\u0142o najpierw samo zawieszenie gad\u017cetu, kt\u00f3ry nie mia\u0142 sankcji religijnej &#8211; skomentowa\u0142 watykanista.<\/p>\n<p>        <a name=\"eztoc31791211_0_7\" id=\"eztoc31791211_0_7\"\/>Nagonka na nauczycielk\u0119. &#8222;Kpina z rozumu i przyzwoito\u015bci&#8221;<\/p>\n<p>&#8211; Nagonka na nauczycielk\u0119 ma wyra\u017ane pod\u0142o\u017ce polityczne. Przedstawiciele PiS, pan B\u0105kiewicz, braunowcy, czyhaj\u0105 na takie okazje jak na tani cukier w dyskoncie &#8211; oceni\u0142 o. Gu\u017cy\u0144ski. &#8211; Pami\u0119taj\u0105c o tym, \u017ce takich politycznych harcownik\u00f3w mamy wok\u00f3\u0142 mn\u00f3stwo, tym bardziej powinni\u015bmy by\u0107 uwa\u017cni przy podejmowaniu decyzji wywo\u0142uj\u0105cych konsekwencje w sferze publicznej &#8211; stwierdzi\u0142 dominikanin, odwo\u0142uj\u0105c si\u0119 do swojego do\u015bwiadczenia w roli duszpasterza m\u0142odzie\u017cy i katechety. &#8211; M\u0142odzie\u017c w swojej radosnej tw\u00f3rczo\u015bci, bez z\u0142ych intencji, ma sk\u0142onno\u015b\u0107 do robienia \u017cart\u00f3w i prowokacyjnych happening\u00f3w. Trzeba si\u0119 w tym sprytnie i rozs\u0105dnie odnale\u017a\u0107 &#8211; uzna\u0142 duchowny.<\/p>\n<p>Wed\u0142ug o. Paw\u0142a Gu\u017cy\u0144skiego krucjata przeciw nauczycielce z Kielna to przejaw za\u015bciankowej walki politycznej. &#8211; Funduj\u0105 jej &#8222;jesie\u0144 \u015bredniowiecza&#8221; w przewidywalny i prymitywny spos\u00f3b. Podnoszenie tego incydentu do rangi skandalu to kpina z rozumu i przyzwoito\u015bci &#8211; oceni\u0142 dominikanin. Afera w Kielnie to &#8211; jak stwierdzi\u0142 kaznodzieja &#8211; kolejny element &#8222;polskiej wojny wszystkich ze wszystkimi&#8221;. &#8211; T\u0119 wojn\u0119 \u015bwiatopogl\u0105dow\u0105 podsyca si\u0119 wy\u0142\u0105cznie w celu osi\u0105gni\u0119cia politycznego uzysku. Zarazem \u015bmieszy mnie i przera\u017ca, \u017ce ludzie, kt\u00f3rzy organizuj\u0105 pikiety pod szko\u0142\u0105, maj\u0105 tak ma\u0142o szacunku dla w\u0142asnej rozumno\u015bci &#8211; przyzna\u0142 o. Gu\u017cy\u0144ski.<\/p>\n<p>    <a name=\"eztoc31791211_0_8\" id=\"eztoc31791211_0_8\"\/>Ko\u015bci\u00f3\u0142 z twarz\u0105 B\u0105kiewicza. Afery szkodz\u0105 chrze\u015bcijanom<\/p>\n<p>Zar\u00f3wno protesty, jak i hejt skierowany wobec nauczycielki nie sprzyjaj\u0105 &#8211; co zaznaczy\u0142 o. Gu\u017cy\u0144ski &#8211; wizerunkowi Ko\u015bcio\u0142a. &#8211; Takie skandale wi\u0105\u017c\u0105 Ko\u015bci\u00f3\u0142 z konkretn\u0105 afiliacj\u0105 polityczn\u0105. To w \u017cadnej mierze nie s\u0142u\u017cy chrze\u015bcija\u0144stwu &#8211; przestrzeg\u0142 dominikanin. &#8211; To s\u0105 malutkie krople, kt\u00f3re dr\u0105\u017c\u0105 ska\u0142\u0119: ka\u017cda taka nast\u0119pna sytuacja sprawia, \u017ce na chrze\u015bcijan ludzie zaczynaj\u0105 patrze\u0107 coraz bardziej stereotypowo. Na s\u0142owo &#8222;Ko\u015bci\u00f3\u0142&#8221; widz\u0105 np. twarz pana B\u0105kiewicza &#8211; podkre\u015bli\u0142 duchowny.<\/p>\n<p>O. Pawe\u0142 Gu\u017cy\u0144ski skrytykowa\u0142 zachowanie polityk\u00f3w, przypominaj\u0105c np. zesz\u0142oroczne wigilie urz\u0105dzane w Sejmie. &#8211; \u015apiewanie &#8222;Barki&#8221; przez pijanych pos\u0142\u00f3w ma du\u017co wi\u0119kszy potencja\u0142 profanacyjny ni\u017c to, co zdarzy\u0142o si\u0119 w szkole w Kielnie &#8211; oceni\u0142 duchowny.<\/p>\n<p>Prof. Stempin stwierdzi\u0142, \u017ce nie tylko szko\u0142a, ale r\u00f3wnie\u017c szpitale i Sejm powinny by\u0107 &#8222;wolne od krzy\u017ca&#8221;. &#8211; Firmowanie dzia\u0142alno\u015bci pa\u0144stwa religi\u0105 powinno by\u0107 roz\u0142\u0105czone z wielu powod\u00f3w. Nie tylko dlatego, \u017ce nie wszyscy ludzie religijni identyfikuj\u0105 si\u0119 z katolicyzmem. Szko\u0142a powinna by\u0107 neutralna \u015bwiatopogl\u0105dowo &#8211; stwierdzi\u0142 watykanista, zaznaczaj\u0105c, \u017ce nie wyklucza to indywidualnego wykorzystania symbol\u00f3w religijnych.<\/p>\n<p>Innego zdania jest o. Gu\u017cy\u0144ski, kt\u00f3ry powiedzia\u0142, \u017ce\u00a0nie da si\u0119 rozgraniczy\u0107 sfery sacrum i profanum. &#8211; Musimy nauczy\u0107 si\u0119 funkcjonowa\u0107 w z\u0142o\u017conej przestrzeni, bo przecie\u017c \u017cycie nie jest bia\u0142o-czarne. Pr\u00f3ba ostrej separacji si\u0119 nie uda &#8211; podkre\u015bli\u0142 dominikanin.<\/p>\n<p><a name=\"eztoc31791211_0_9\" id=\"eztoc31791211_0_9\"\/>Pseudoobrona chrze\u015bcija\u0144stwa. &#8222;Politycy r\u0119ce precz od Ko\u015bcio\u0142a&#8221;<\/p>\n<p>Wed\u0142ug o. Gu\u017cy\u0144skiego w tej aferze zabrak\u0142o m\u0105drego g\u0142osu ze strony biskup\u00f3w. W takich sytuacjach w stosownej formie warto wys\u0142a\u0107 politykom sygna\u0142: &#8222;r\u0119ce precz od Ko\u015bcio\u0142a, nie \u017cyczymy sobie pseudoobrony chrze\u015bcija\u0144stwa&#8221;. Dominikanin zaapelowa\u0142by r\u00f3wnie\u017c, by zaprzesta\u0107 atak\u00f3w na anglistk\u0119, kt\u00f3r\u0105 powinno si\u0119 przywr\u00f3ci\u0107 do pracy.<\/p>\n<p>Na temat afery w Kielnie<br \/>\n<a href=\"https:\/\/wiadomosci.wp.pl\/miala-wyrzucic-krzyz-do-kosza-kard-rys-o-sprawie-nauczycielki-7241591305026528a\" target=\"_self\" rel=\"dofollow noopener\">wypowiedzia\u0142 si\u0119 m.in. metropolita krakowski i\u00a0przewodnicz\u0105cy Komitetu KEP ds. Dialogu z\u00a0Judaizmem kard. Grzegorz Ry\u015b<\/a>.\u00a0&#8211; Nie znam tej osoby i\u00a0nie znam powod\u00f3w, ale takich rzeczy robi\u0107 nie wolno &#8211;\u00a0podkre\u015bli\u0142 kard. Ry\u015b w rozmowie z PAP.<\/p>\n<p>O\u015bwiadczenie w\u00a0tej sprawie w\u00a0pi\u0105tek wyda\u0142a tak\u017ce\u00a0Komisja Wychowania Katolickiego Konferencji Episkopatu Polski, wyra\u017caj\u0105c oburzenie faktem, \u017ce &#8222;dochodzi do tego rodzaju akt\u00f3w wymierzonych przeciwko chrze\u015bcija\u0144stwu\u00a0oraz prawu dzieci do wychowania zgodnego ze \u015bwiatopogl\u0105dem ich rodzic\u00f3w&#8221;. &#8222;Komisja Wychowania Katolickiego oczekuje od instytucji pa\u0144stwowych zdecydowanych dzia\u0142a\u0144 na rzecz zagwarantowania szacunku do symbolu krzy\u017ca,\u00a0by incydent, do kt\u00f3rego dosz\u0142o w\u00a0szkole w\u00a0Kielnie, nie powt\u00f3rzy\u0142 si\u0119 wi\u0119cej&#8221; &#8211; dodano.<\/p>\n<p><a name=\"eztoc31791211_0_10\" id=\"eztoc31791211_0_10\"\/>Wniosek do RPO ws. nauczycielki z Kielna<\/p>\n<p>Organizacje praw obywatelskich licz\u0105 na interwencj\u0119 RPO, by zapewni\u0107 nauczycielce z Kielna bezpiecze\u0144stwo i ochron\u0119 przed publicznym pot\u0119pieniem. Informacje o nagonce na nauczycielk\u0119 potwierdza tak\u017ce jej pe\u0142nomocnik. Spraw\u0105 zajmuje si\u0119 te\u017c ju\u017c kuratorium i prokuratura.\u00a0&#8211; W\u0142adza ustawodawcza chce wej\u015b\u0107 w rol\u0119 s\u0105du i wydawa\u0107 wyroki &#8211; m\u00f3wi\u0142a w rozmowie z Szymonem K\u0119pk\u0105 Anna Schmidt-Fic z Inicjatywy Wolna Szko\u0142a, liderka Protestu z Wykrzyknikiem, wsp\u00f3\u0142autorka wniosku do RPO.<\/p>\n<p>Z kolei prof. Danuta Plecka z Uniwersytetu Gda\u0144skiego w sobotnim &#8222;Poranku TOK FM&#8221; zwr\u00f3ci\u0142a uwag\u0119, \u017ce takie kontrowersyjne sprawy s\u0105 wykorzystywane do bie\u017c\u0105cej walki politycznej. &#8211; Po to, \u017ceby zintegrowa\u0107 twardy elektorat i by\u0107 mo\u017ce p\u00f3\u0142 punktu procentowego zyska\u0107 od wyborc\u00f3w Grzegorza Brauna. To s\u0105 tematy zast\u0119pcze, pozycjonuj\u0105ce partie na scenie politycznej. Tematy, kt\u00f3re odwracaj\u0105 uwag\u0119 opinii publicznej od sytuacji, w jakiej jest Polska, od problem\u00f3w na arenie mi\u0119dzynarodowej &#8211; stwierdzi\u0142a politolo\u017cka.<\/p>\n<p>Prokuratura wszcz\u0119\u0142a dochodzenie w\u00a0sprawie obrazy uczu\u0107 religijnych uczni\u00f3w szko\u0142y w\u00a0Kielnie (woj. pomorskie).\u00a0Do czasu wyja\u015bnienia sprawy nauczycielka zosta\u0142a zawieszona w\u00a0obowi\u0105zkach.<\/p>\n<p>\u0179r\u00f3d\u0142o: tokfm.pl; PAP<\/p>\n","protected":false},"excerpt":{"rendered":"Do Rzecznika Praw Obywatelskich wp\u0142yn\u0105\u0142 wniosek w sprawie nauczycielki z Kielna. Oskar\u017ca si\u0119 j\u0105 o wyrzucenie do kosza&hellip;\n","protected":false},"author":2,"featured_media":204688,"comment_status":"","ping_status":"","sticky":false,"template":"","format":"standard","meta":{"footnotes":""},"categories":[12],"tags":[32,33,36,37,27,2707,13928,17711,34,35,28,31,17123,25,39393,42,38,40,39,41,20210,29,30,26],"class_list":{"0":"post-204687","1":"post","2":"type-post","3":"status-publish","4":"format-standard","5":"has-post-thumbnail","7":"category-polska","8":"tag-breaking-news","9":"tag-breakingnews","10":"tag-featured-news","11":"tag-featurednews","12":"tag-headlines","13":"tag-kosciol","14":"tag-kosciol-katolicki","15":"tag-krzyz","16":"tag-latest-news","17":"tag-latestnews","18":"tag-naglowki","19":"tag-najwazniejsze-artykuly","20":"tag-nauczyciele","21":"tag-news","22":"tag-pawel-guzynski","23":"tag-pl","24":"tag-poland","25":"tag-polish","26":"tag-polska","27":"tag-polski","28":"tag-rpo","29":"tag-top-stories","30":"tag-topstories","31":"tag-wiadomosci"},"share_on_mastodon":{"url":"https:\/\/pubeurope.com\/@pl\/115894547590282549","error":""},"_links":{"self":[{"href":"https:\/\/www.europesays.com\/pl\/wp-json\/wp\/v2\/posts\/204687","targetHints":{"allow":["GET"]}}],"collection":[{"href":"https:\/\/www.europesays.com\/pl\/wp-json\/wp\/v2\/posts"}],"about":[{"href":"https:\/\/www.europesays.com\/pl\/wp-json\/wp\/v2\/types\/post"}],"author":[{"embeddable":true,"href":"https:\/\/www.europesays.com\/pl\/wp-json\/wp\/v2\/users\/2"}],"replies":[{"embeddable":true,"href":"https:\/\/www.europesays.com\/pl\/wp-json\/wp\/v2\/comments?post=204687"}],"version-history":[{"count":0,"href":"https:\/\/www.europesays.com\/pl\/wp-json\/wp\/v2\/posts\/204687\/revisions"}],"wp:featuredmedia":[{"embeddable":true,"href":"https:\/\/www.europesays.com\/pl\/wp-json\/wp\/v2\/media\/204688"}],"wp:attachment":[{"href":"https:\/\/www.europesays.com\/pl\/wp-json\/wp\/v2\/media?parent=204687"}],"wp:term":[{"taxonomy":"category","embeddable":true,"href":"https:\/\/www.europesays.com\/pl\/wp-json\/wp\/v2\/categories?post=204687"},{"taxonomy":"post_tag","embeddable":true,"href":"https:\/\/www.europesays.com\/pl\/wp-json\/wp\/v2\/tags?post=204687"}],"curies":[{"name":"wp","href":"https:\/\/api.w.org\/{rel}","templated":true}]}}