{"id":204709,"date":"2026-01-14T17:18:07","date_gmt":"2026-01-14T17:18:07","guid":{"rendered":"https:\/\/www.europesays.com\/pl\/204709\/"},"modified":"2026-01-14T17:18:07","modified_gmt":"2026-01-14T17:18:07","slug":"szwecja-wesprze-danie-wysle-wojsko-na-grenlandie","status":"publish","type":"post","link":"https:\/\/www.europesays.com\/pl\/204709\/","title":{"rendered":"Szwecja wesprze Dani\u0119. Wy\u015ble wojsko na Grenlandi\u0119"},"content":{"rendered":"<p class=\"ods-c-paragraph \">&#8222;Kilku oficer\u00f3w szwedzkich si\u0142 zbrojnych przybywa dzi\u015b na Grenlandi\u0119, s\u0105 cz\u0119\u015bci\u0105 grupy z kilku kraj\u00f3w sojuszniczych&#8221; \u2014 napisa\u0142 Ulf Kristersson na platformie X.<\/p>\n<p> Dalszy ci\u0105g artyku\u0142u pod materia\u0142em wideo    <\/p>\n<p> Jakie dzia\u0142ania podejmuje Szwecja na Grenlandii? <\/p>\n<p> Kiedy szwedzkie wojsko przyby\u0142o na Grenlandi\u0119? <\/p>\n<p> Co planuje Dania na Grenlandii? <\/p>\n<p> Jakie s\u0105 reakcje w\u0142adz Grenlandii na plany USA? <\/p>\n<p class=\"ods-c-paragraph \">Szef rz\u0105du Szwecji doda\u0142, \u017ce grupa ta &#8222;wsp\u00f3lnie przygotowuje kolejne dzia\u0142ania w ramach du\u0144skich \u0107wicze\u0144 Operation Arctic Endurance&#8221;.<\/p>\n<p class=\"ods-c-paragraph \">Wcze\u015bniej w \u015brod\u0119 du\u0144skie ministerstwo obrony, a tak\u017ce grenlandzkie ministerstwo spraw zagranicznych o\u015bwiadczy\u0142y, \u017ce wojska Danii oraz pa\u0144stw NATO zwi\u0119kszaj\u0105 obecno\u015b\u0107 na Grenlandii. Wed\u0142ug komunikatu realizuje si\u0119 to &#8222;poprzez \u0107wiczenia w \u015bcis\u0142ej wsp\u00f3\u0142pracy z sojusznikami z NATO&#8221;.<\/p>\n<p>Zapowiedzi Trumpa w sprawie Grenlandii<\/p>\n<p class=\"ods-c-paragraph \">Decyzja Szwecji zapad\u0142a w czasie, w kt\u00f3rym ameryka\u0144ski prezydent Donald Trump zwi\u0119ksza nacisk na Grenlandi\u0119, kt\u00f3r\u0105 chcia\u0142by przej\u0105\u0107. W \u015brod\u0119 w Waszyngtonie odbywa si\u0119 spotkanie ameryka\u0144skiego sekretarza stanu Marca Rubio z przedstawicielami w\u0142adz Danii i Grenlandii. Tematem rozm\u00f3w ma by\u0107 przysz\u0142o\u015b\u0107 wyspy. Szef du\u0144skiej dyplomacji Lars Lokke Rasmussen zapowiedzia\u0142, \u017ce w spotkaniu we\u017amie te\u017c udzia\u0142 wiceprezydent Stan\u00f3w Zjednoczonych J.D. Vance.<\/p>\n<p class=\"ods-c-paragraph \">Grenlandia jest terytorium autonomicznym Danii. Przedstawiciele w\u0142adz wyspy, a tak\u017ce rz\u0105du w Kopenhadze konsekwentnie i stanowczo sprzeciwiaj\u0105 si\u0119 przej\u0119ciu Grenlandii przez USA.<\/p>\n","protected":false},"excerpt":{"rendered":"&#8222;Kilku oficer\u00f3w szwedzkich si\u0142 zbrojnych przybywa dzi\u015b na Grenlandi\u0119, s\u0105 cz\u0119\u015bci\u0105 grupy z kilku kraj\u00f3w sojuszniczych&#8221; \u2014 napisa\u0142&hellip;\n","protected":false},"author":2,"featured_media":23878,"comment_status":"","ping_status":"","sticky":false,"template":"","format":"standard","meta":{"footnotes":""},"categories":[14],"tags":[32,33,2787,9796,27,34,35,28,31,48,160,25,46,40,41,47,80,547,29,30,8606,26,82,83,84],"class_list":{"0":"post-204709","1":"post","2":"type-post","3":"status-publish","4":"format-standard","5":"has-post-thumbnail","7":"category-swiat","8":"tag-breaking-news","9":"tag-breakingnews","10":"tag-dania","11":"tag-grenlandia","12":"tag-headlines","13":"tag-latest-news","14":"tag-latestnews","15":"tag-naglowki","16":"tag-najwazniejsze-artykuly","17":"tag-nat_styl","18":"tag-nato","19":"tag-news","20":"tag-omp","21":"tag-polish","22":"tag-polski","23":"tag-screening_general","24":"tag-swiat","25":"tag-szwecja","26":"tag-top-stories","27":"tag-topstories","28":"tag-ulf_kristersson","29":"tag-wiadomosci","30":"tag-world","31":"tag-world-news","32":"tag-worldnews"},"share_on_mastodon":{"url":"https:\/\/pubeurope.com\/@pl\/115894596696628188","error":""},"_links":{"self":[{"href":"https:\/\/www.europesays.com\/pl\/wp-json\/wp\/v2\/posts\/204709","targetHints":{"allow":["GET"]}}],"collection":[{"href":"https:\/\/www.europesays.com\/pl\/wp-json\/wp\/v2\/posts"}],"about":[{"href":"https:\/\/www.europesays.com\/pl\/wp-json\/wp\/v2\/types\/post"}],"author":[{"embeddable":true,"href":"https:\/\/www.europesays.com\/pl\/wp-json\/wp\/v2\/users\/2"}],"replies":[{"embeddable":true,"href":"https:\/\/www.europesays.com\/pl\/wp-json\/wp\/v2\/comments?post=204709"}],"version-history":[{"count":0,"href":"https:\/\/www.europesays.com\/pl\/wp-json\/wp\/v2\/posts\/204709\/revisions"}],"wp:featuredmedia":[{"embeddable":true,"href":"https:\/\/www.europesays.com\/pl\/wp-json\/wp\/v2\/media\/23878"}],"wp:attachment":[{"href":"https:\/\/www.europesays.com\/pl\/wp-json\/wp\/v2\/media?parent=204709"}],"wp:term":[{"taxonomy":"category","embeddable":true,"href":"https:\/\/www.europesays.com\/pl\/wp-json\/wp\/v2\/categories?post=204709"},{"taxonomy":"post_tag","embeddable":true,"href":"https:\/\/www.europesays.com\/pl\/wp-json\/wp\/v2\/tags?post=204709"}],"curies":[{"name":"wp","href":"https:\/\/api.w.org\/{rel}","templated":true}]}}