{"id":204712,"date":"2026-01-14T17:20:11","date_gmt":"2026-01-14T17:20:11","guid":{"rendered":"https:\/\/www.europesays.com\/pl\/204712\/"},"modified":"2026-01-14T17:20:11","modified_gmt":"2026-01-14T17:20:11","slug":"budzetowka-bez-podwyzek-domanski-ostrzega-przed-skierowaniem-budzetu-do-tk","status":"publish","type":"post","link":"https:\/\/www.europesays.com\/pl\/204712\/","title":{"rendered":"Bud\u017cet\u00f3wka bez podwy\u017cek? Doma\u0144ski ostrzega przed skierowaniem bud\u017cetu do TK"},"content":{"rendered":"<p>   <a href=\"https:\/\/infosecurity24.pl\/strona-autora\/dominik-mikolajczyk\" target=\"_self\" class=\"article-author__wrap\" rel=\"nofollow noopener\"><img loading=\"lazy\" decoding=\"async\" src=\"https:\/\/www.europesays.com\/pl\/wp-content\/uploads\/2026\/01\/tygtilujfem3fxuju5i06yexlt9hjntq7xhllngg.bts1.jpg\" alt=\"\"  width=\"100\" height=\"100\" author=\"R. Suchy\/Defence24\" caption=\"\" class=\"img article-author__avatar img-avatar\"\/><br \/>\n          Dominik Miko\u0142ajczyk<br \/>\n        <\/a>  <\/p>\n<p>Minister finans\u00f3w i gospodarki Andrzej Doma\u0144ski ostrzega przed konsekwencjami ewentualnego skierowania ustawy bud\u017cetowej na 2026 rok do Trybuna\u0142u Konstytucyjnego. Taki ruch ze strony prezydenta Karola Nawrockiego oznacza\u0142by nie tylko wstrzymanie podwy\u017cek dla sfery bud\u017cetowej, ale tak\u017ce brak dodatkowych \u015brodk\u00f3w przeznaczonych dla Agencji Bezpiecze\u0144stwa Wewn\u0119trznego oraz Agencji Wywiadu, jakie do bud\u017cetu wpisano na etapie prac w Sejmie.<\/p>\n<p>  <img decoding=\"async\" src=\"https:\/\/www.europesays.com\/pl\/wp-content\/uploads\/2026\/01\/IWJTPCSo0mY9UBiHzeLxYwoOD8fqB7QqVSjVASES.bprn.jpg\" alt=\"Polska zap\u0142aci gigantyczn\u0105 kar\u0119\"  width=\"800\" height=\"450\" author=\"Pixabay\" fetchpriority=\"high\" class=\"img image-with-caption__image\"\/><br \/>\n        Autor. Pixabay<\/p>\n<p class=\"paragraph-module\">Ustawa bud\u017cetowa na 2026 rok, po przyj\u0119ciu przez Sejm poprawek Senatu, trafi\u0142a we wtorek na biurko prezydenta. Poinformowa\u0142 o tym szef Kancelarii Prezydenta Zbigniew Bogucki. \u201eJest to jedyna ustawa, wobec kt\u00f3rej w my\u015bl zapis\u00f3w Konstytucji, nie przys\u0142uguje Prezydentowi RP prawo weta\u201d \u2013 napisa\u0142 na platformie X Bogucki.<\/p>\n<blockquote class=\"twitter-tweet\">\n<p lang=\"pl\" dir=\"ltr\">Do Kancelarii Prezydenta RP wp\u0142yn\u0119\u0142a dzisiaj ustawa bud\u017cetowa.<\/p>\n<p>Jest to jedyna ustawa, wobec kt\u00f3rej w my\u015bl zapis\u00f3w Konstytucji, nie przys\u0142uguje Prezydentowi RP prawo weta.<\/p>\n<p>Prezydent Karol Nawrocki zgodnie z prawem w ci\u0105gu 7 dni podejmie decyzj\u0119 w sprawie bud\u017cetu. Prezydent RP\u2026<\/p>\n<p>\u2014 Zbigniew Bogucki\ud83c\uddf5\ud83c\uddf1 (@BoguckiZbigniew) <a href=\"https:\/\/twitter.com\/BoguckiZbigniew\/status\/2011109293769044327?ref_src=twsrc%5Etfw\" rel=\"nofollow noopener\" target=\"_blank\">January 13, 2026<\/a><\/p><\/blockquote>\n<p class=\"paragraph-module\">G\u0142owa pa\u0144stwa ma teraz 7 dni na podj\u0119cie decyzji. Cho\u0107 prezydent nie mo\u017ce zawetowa\u0107 bud\u017cetu, ma prawo skierowa\u0107 go do Trybuna\u0142u Konstytucyjnego przed podpisaniem.<\/p>\n<p>  Rz\u0105dy na &#8222;projekcie&#8221; \u2013 co to oznacza w praktyce?  <\/p>\n<p class=\"paragraph-module\">W przypadku odes\u0142ania ustawy do TK rz\u0105d zmuszony b\u0119dzie prowadzi\u0107 gospodark\u0119 finansow\u0105 na podstawie projektu ustawy z\u0142o\u017conego pierwotnie do Sejmu, a nie wersji ostatecznie uchwalonej przez parlament. Minister finans\u00f3w i gospodarki Andrzej Doma\u0144ski wyja\u015bni\u0142 na antenie Polsat News oraz podczas konferencji w \u0141odzi, \u017ce taka sytuacja rodzi konkretne skutki prawne i finansowe. \u201eBrak podpisu pod ustaw\u0105 bud\u017cetow\u0105 i odes\u0142anie jej do Trybuna\u0142u Konstytucyjnego oznacza, \u017ce dzia\u0142amy na projekcie ustawy\u201d \u2013 podkre\u015bli\u0142 szef resortu finans\u00f3w i gospodarki.<\/p>\n<p class=\"paragraph-module\">Zgodnie z Konstytucj\u0105, Trybuna\u0142 ma maksymalnie 2 miesi\u0105ce na orzeczenie w sprawie zgodno\u015bci bud\u017cetu z ustaw\u0105 zasadnicz\u0105. Do momentu opublikowania ostatecznej ustawy, wszelkie nowe wydatki zaplanowane w toku prac parlamentarnych pozostaj\u0105 zamro\u017cone.<\/p>\n<p>  Pieni\u0105dze wstrzymane  <\/p>\n<p class=\"paragraph-module\">Dla s\u0142u\u017cb specjalnych najistotniejsz\u0105 informacj\u0105 jest wstrzymanie dodatkowego finansowania, kt\u00f3re wywalczono na etapie prac sejmowych. Chodzi o \u015brodki, jakie dopisano do bud\u017cetu Agencji Bezpiecze\u0144stwa Wewn\u0119trznego oraz Agencji Wywiadu, a kt\u00f3rych w pierwotnym rz\u0105dowym projekcie nie uj\u0119to.<\/p>\n<p class=\"paragraph-module\">Na\u00a0Agencj\u0119 Wywiadu\u00a0pierwotnie planowano przeznaczy\u0107 442 mln z\u0142otych, jednak po korektach wprowadzonych w trakcie prac w Sejmie, bud\u017cet AW wyniesie prawie\u00a0497 mln z\u0142otych.\u00a0Agencja Bezpiecze\u0144stwa Wewn\u0119trznego\u00a0\u2013 najwi\u0119ksza spec\u0142u\u017cba w Polsce \u2013 w 2026 roku otrzyma \u015brodki w wysoko\u015bci niemal\u00a01,17 mld z\u0142otych\u00a0(pierwotnie rz\u0105d planowa\u0142 na ABW przeznaczy\u0107 niewiele ponad 1 mld z\u0142otych).<\/p>\n<blockquote class=\"twitter-tweet\">\n<p lang=\"pl\" dir=\"ltr\">Sejm przyj\u0105\u0142 senackie poprawki do ustawy bud\u017cetowej, kt\u00f3ra zgodnie z deklaracj\u0105 <a href=\"https:\/\/twitter.com\/wlodekczarzasty?ref_src=twsrc%5Etfw\" rel=\"nofollow noopener\" target=\"_blank\">@wlodekczarzasty<\/a> natychmiast trafi na biurko Prezydenta. Nie ma co zwleka\u0107 z podpisem pod ustaw\u0105, w kt\u00f3rej uj\u0119to rekordowe nak\u0142ady na obron\u0119, inwestycje i \u015bwiadczenia spo\u0142eczne.<\/p>\n<p>\u2014 Andrzej Doma\u0144ski (@Domanski_Andrz) <a href=\"https:\/\/twitter.com\/Domanski_Andrz\/status\/2009743561059680514?ref_src=twsrc%5Etfw\" rel=\"nofollow noopener\" target=\"_blank\">January 9, 2026<\/a><\/p><\/blockquote>\n<p class=\"paragraph-module\">To jednak nie wszystko. Cho\u0107 tegoroczna waloryzacja uposa\u017ce\u0144 jest znacznie mniejsza od tej, postulowanej przez mundurowych, je\u015bli ustaw\u0105 bud\u017cetow\u0105 zajmie si\u0119 Trybuna\u0142 Konstytucyjny, mo\u017ce si\u0119 okaza\u0107, \u017ce wyp\u0142ata 3-proc. podwy\u017cek stanie si\u0119 niemo\u017cliwa. Jak podkre\u015bla szef resortu finans\u00f3w, do czasu opublikowania ustawy bud\u017cetowej w Dzienniku Ustaw, niemo\u017cliwe b\u0119dzie wprowadzenie podwy\u017cek wynagrodze\u0144 w sferze bud\u017cetowej.<\/p>\n<p>  Sp\u00f3r o kondycj\u0119 finans\u00f3w  <\/p>\n<p class=\"paragraph-module\">Prezydent Karol Nawrocki sugerowa\u0142 w\u0105tpliwo\u015bci wok\u00f3\u0142 bud\u017cetu, krytykuj\u0105c stan finans\u00f3w publicznych i zarzucaj\u0105c ministrowi Doma\u0144skiemu \u201eniedoskona\u0142\u0105 prac\u0119\u201d. Minister finans\u00f3w ripostowa\u0142, twierdz\u0105c, \u017ce nie ma merytorycznych podstaw do kwestionowania konstytucyjno\u015bci ustawy. \u201eJestem jednak wi\u0119kszym optymist\u0105 ni\u017c wielu analityk\u00f3w, poniewa\u017c uwa\u017cam, \u017ce ta ustawa bud\u017cetowa nie powinna rodzi\u0107 \u017cadnych w\u0105tpliwo\u015bci\u201d \u2013 stwierdzi\u0142 Doma\u0144ski, dodaj\u0105c jednocze\u015bnie, \u017ce wcze\u015bniejsze weta prezydenta (dotycz\u0105ce op\u0142aty cukrowej i akcyzy na alkohol) uszczupli\u0142y wp\u0142ywy do bud\u017cetu o 3 mld z\u0142.<\/p>\n<p class=\"paragraph-module\">Je\u015bli prezydent zdecyduje si\u0119 na skierowanie ustawy bud\u017cetowej \u2013 bez jej podpisania \u2013 do Trybuna\u0142u Konstytucyjnego, funkcjonariusze s\u0142u\u017cb specjalnych oraz pracownicy bud\u017cet\u00f3wki b\u0119d\u0105 musieli uzbroi\u0107 si\u0119 w cierpliwo\u015b\u0107 w oczekiwaniu na obiecane \u015brodki.<\/p>\n<p>    <script async src=\"https:\/\/platform.twitter.com\/widgets.js\" charset=\"utf-8\"><\/script><\/p>\n","protected":false},"excerpt":{"rendered":"Dominik Miko\u0142ajczyk Minister finans\u00f3w i gospodarki Andrzej Doma\u0144ski ostrzega przed konsekwencjami ewentualnego skierowania ustawy bud\u017cetowej na 2026 rok&hellip;\n","protected":false},"author":2,"featured_media":204713,"comment_status":"","ping_status":"","sticky":false,"template":"","format":"standard","meta":{"footnotes":""},"categories":[5],"tags":[31362,32,33,28023,36,37,27,34,35,24035,1891,28,31,25,28018,504,42,32047,38,414,40,39,41,11213,39415,11208,28019,11207,4348,29,30,28021,26],"class_list":{"0":"post-204712","1":"post","2":"type-post","3":"status-publish","4":"format-standard","5":"has-post-thumbnail","7":"category-naglowki","8":"tag-andrzej-domanski","9":"tag-breaking-news","10":"tag-breakingnews","11":"tag-budzet-2026","12":"tag-featured-news","13":"tag-featurednews","14":"tag-headlines","15":"tag-latest-news","16":"tag-latestnews","17":"tag-ministerstwo-spraw-wewnetrznych-i-administracji","18":"tag-mswia","19":"tag-naglowki","20":"tag-najwazniejsze-artykuly","21":"tag-news","22":"tag-panstwowa-straz-pozarna","23":"tag-pieniadze","24":"tag-pl","25":"tag-podwyzki-2026","26":"tag-poland","27":"tag-policja","28":"tag-polish","29":"tag-polska","30":"tag-polski","31":"tag-prezydent-karol-nawrocki","32":"tag-sluzba-celno-skarbowa","33":"tag-sluzba-ochrony-panstwa","34":"tag-sluzba-wiezienna","35":"tag-sluzby-mundurowe","36":"tag-straz-graniczna","37":"tag-top-stories","38":"tag-topstories","39":"tag-waloryzacja-uposazen","40":"tag-wiadomosci"},"share_on_mastodon":{"url":"","error":"Validation failed: Text character limit of 500 exceeded"},"_links":{"self":[{"href":"https:\/\/www.europesays.com\/pl\/wp-json\/wp\/v2\/posts\/204712","targetHints":{"allow":["GET"]}}],"collection":[{"href":"https:\/\/www.europesays.com\/pl\/wp-json\/wp\/v2\/posts"}],"about":[{"href":"https:\/\/www.europesays.com\/pl\/wp-json\/wp\/v2\/types\/post"}],"author":[{"embeddable":true,"href":"https:\/\/www.europesays.com\/pl\/wp-json\/wp\/v2\/users\/2"}],"replies":[{"embeddable":true,"href":"https:\/\/www.europesays.com\/pl\/wp-json\/wp\/v2\/comments?post=204712"}],"version-history":[{"count":0,"href":"https:\/\/www.europesays.com\/pl\/wp-json\/wp\/v2\/posts\/204712\/revisions"}],"wp:featuredmedia":[{"embeddable":true,"href":"https:\/\/www.europesays.com\/pl\/wp-json\/wp\/v2\/media\/204713"}],"wp:attachment":[{"href":"https:\/\/www.europesays.com\/pl\/wp-json\/wp\/v2\/media?parent=204712"}],"wp:term":[{"taxonomy":"category","embeddable":true,"href":"https:\/\/www.europesays.com\/pl\/wp-json\/wp\/v2\/categories?post=204712"},{"taxonomy":"post_tag","embeddable":true,"href":"https:\/\/www.europesays.com\/pl\/wp-json\/wp\/v2\/tags?post=204712"}],"curies":[{"name":"wp","href":"https:\/\/api.w.org\/{rel}","templated":true}]}}