{"id":204714,"date":"2026-01-14T17:21:07","date_gmt":"2026-01-14T17:21:07","guid":{"rendered":"https:\/\/www.europesays.com\/pl\/204714\/"},"modified":"2026-01-14T17:21:07","modified_gmt":"2026-01-14T17:21:07","slug":"tak-wloska-legenda-nazwala-piotra-zielinskiego","status":"publish","type":"post","link":"https:\/\/www.europesays.com\/pl\/204714\/","title":{"rendered":"Tak w\u0142oska legenda nazwa\u0142a Piotra Zieli\u0144skiego"},"content":{"rendered":"<p class=\"art_paragraph\"><a href=\"https:\/\/www.sport.pl\/pilka\/7,64946,32506127,byla-39-minuta-zielinski-nawet-sie-nie-zastanawial.html#anchorLink\" rel=\"nofollow noopener\" target=\"_blank\">Piotr Zieli\u0144ski<\/a> do ko\u0144ca listopada rzadko rozpoczyna\u0142 mecze w wyj\u015bciowym zestawieniu. W mi\u0119dzyczasie przypl\u0105ta\u0142a si\u0119 <a href=\"https:\/\/www.sport.pl\/kontuzje#anchorLink\" rel=\"nofollow noopener\" target=\"_blank\">kontuzja<\/a>, kt\u00f3ra wykluczy\u0142a go z udzia\u0142u w trzech meczach, a po niej potrzebowa\u0142 czasu, by doj\u015b\u0107 do siebie. W grudniu wszed\u0142 na zdecydowanie wy\u017csze obroty i zyska\u0142 uznanie trenera Cristiana Chivu. Mo\u017ce nie ma osza\u0142amiaj\u0105cych liczb &#8211; to tylko trzy gole i dwie asysty &#8211; ale jest nieoceniony w konstrukcji akcji i coraz lepiej radzi sobie w defensywie. W ostatnim starciu z Napoli imponowa\u0142 przede wszystkim odbiorami i przechwytami.<\/p>\n<p>\n    Zobacz wideo Jak zagra Legia na wiosn\u0119? Papszun: B\u0119dziemy walczy\u0107 o \u017cycie\n  <\/p>\n<p> Cassano chwali Zieli\u0144skiego. I to jak!<\/p>\n<p class=\"art_paragraph\">Sytuacja Polaka zmieni\u0142a si\u0119 30 listopada, po wygranym spotkaniu z Pis\u0105. &#8211; Zmiennicy kompletnie zmienili obraz gry w drugiej po\u0142owie. Zieli\u0144ski zapewni\u0142 nam wi\u0119cej jako\u015bci pi\u0142karskiej, Esposito z kolei pom\u00f3g\u0142 w starciach fizycznych. Pokazali\u015bmy te\u017c wi\u0119cej zaanga\u017cowania, by osi\u0105gn\u0105\u0107 po\u017c\u0105dany rezultat &#8211; <a href=\"https:\/\/www.sport.pl\/pilka\/7,64946,32436770,oto-co-trener-interu-powiedzial-o-zielinskim-alez-slowa.html\" class=\"art_link\" rel=\"dofollow noopener\" target=\"_blank\">chwali\u0142 swoich podopiecznych rumu\u0144ski szkoleniowiec &#8222;Nerazzurrich&#8221;<\/a>.<\/p>\n<p class=\"art_paragraph\">Od tamtego czasu 31-latek tylko raz nie znalaz\u0142 si\u0119 w podstawowym sk\u0142adzie Interu na mecz ligowy. &#8222;Zielu&#8221; wreszcie jest najlepsz\u0105 wersj\u0105 siebie. Jego postawa robi wra\u017cenie nie tylko na trenerze, ale tak\u017ce na ekspertach i legendach w\u0142oskiego futbolu. Do entuzjast\u00f3w talentu reprezentanta bia\u0142o-czerwonych nale\u017cy m.in. by\u0142y gracz <a href=\"https:\/\/www.sport.pl\/real-madryt#anchorLink\" rel=\"nofollow noopener\" target=\"_blank\">Realu Madryt<\/a> i AS Romy Antonio Cassano.<\/p>\n<p class=\"art_paragraph\">&#8211; Zieli\u0144ski to s\u0142absza wersja <a href=\"https:\/\/www.sport.pl\/kevin-de-bruyne#anchorLink\" rel=\"nofollow noopener\" target=\"_blank\">Kevina De Bruyne<\/a>\u2019a. Umie gra\u0107 obiema nogami, wie jak strzela\u0107 gole i zalicza\u0107 asysty. Ma ogromn\u0105 jako\u015b\u0107. Stawia\u0142bym na niego obok Sucicia i Calhanoglu. Zieli\u0144ski jest bardzo dobry &#8211; oceni\u0142 w audycji &#8222;Viva El Futbol&#8221;.<\/p>\n<p class=\"art_paragraph\">Inter Mediolan jest obecnie liderem Serie A. W weekend straci\u0142 nieco ze swojej przewagi nad Milanem, ale wci\u0105\u017c ma trzy punkty wi\u0119cej od lokalnego przeciwnika. W \u015brod\u0119 14 stycznia rywalem &#8222;Nerazzurrich&#8221; b\u0119dzie Lecce.<\/p>\n","protected":false},"excerpt":{"rendered":"Piotr Zieli\u0144ski do ko\u0144ca listopada rzadko rozpoczyna\u0142 mecze w wyj\u015bciowym zestawieniu. W mi\u0119dzyczasie przypl\u0105ta\u0142a si\u0119 kontuzja, kt\u00f3ra wykluczy\u0142a&hellip;\n","protected":false},"author":2,"featured_media":204715,"comment_status":"","ping_status":"","sticky":false,"template":"","format":"standard","meta":{"footnotes":""},"categories":[24],"tags":[42,38,40,39,41,127,126],"class_list":{"0":"post-204714","1":"post","2":"type-post","3":"status-publish","4":"format-standard","5":"has-post-thumbnail","7":"category-sport","8":"tag-pl","9":"tag-poland","10":"tag-polish","11":"tag-polska","12":"tag-polski","13":"tag-sport","14":"tag-sports"},"share_on_mastodon":{"url":"https:\/\/pubeurope.com\/@pl\/115894608658279059","error":""},"_links":{"self":[{"href":"https:\/\/www.europesays.com\/pl\/wp-json\/wp\/v2\/posts\/204714","targetHints":{"allow":["GET"]}}],"collection":[{"href":"https:\/\/www.europesays.com\/pl\/wp-json\/wp\/v2\/posts"}],"about":[{"href":"https:\/\/www.europesays.com\/pl\/wp-json\/wp\/v2\/types\/post"}],"author":[{"embeddable":true,"href":"https:\/\/www.europesays.com\/pl\/wp-json\/wp\/v2\/users\/2"}],"replies":[{"embeddable":true,"href":"https:\/\/www.europesays.com\/pl\/wp-json\/wp\/v2\/comments?post=204714"}],"version-history":[{"count":0,"href":"https:\/\/www.europesays.com\/pl\/wp-json\/wp\/v2\/posts\/204714\/revisions"}],"wp:featuredmedia":[{"embeddable":true,"href":"https:\/\/www.europesays.com\/pl\/wp-json\/wp\/v2\/media\/204715"}],"wp:attachment":[{"href":"https:\/\/www.europesays.com\/pl\/wp-json\/wp\/v2\/media?parent=204714"}],"wp:term":[{"taxonomy":"category","embeddable":true,"href":"https:\/\/www.europesays.com\/pl\/wp-json\/wp\/v2\/categories?post=204714"},{"taxonomy":"post_tag","embeddable":true,"href":"https:\/\/www.europesays.com\/pl\/wp-json\/wp\/v2\/tags?post=204714"}],"curies":[{"name":"wp","href":"https:\/\/api.w.org\/{rel}","templated":true}]}}