{"id":204755,"date":"2026-01-14T17:43:16","date_gmt":"2026-01-14T17:43:16","guid":{"rendered":"https:\/\/www.europesays.com\/pl\/204755\/"},"modified":"2026-01-14T17:43:16","modified_gmt":"2026-01-14T17:43:16","slug":"lokal-z-kuchennych-rewolucji-nagle-oglosil-zamkniecie-decyzja-zapadla-rmf-fm","status":"publish","type":"post","link":"https:\/\/www.europesays.com\/pl\/204755\/","title":{"rendered":"Lokal z \u201eKuchennych rewolucji\u201d nagle og\u0142osi\u0142 zamkni\u0119cie. Decyzja zapad\u0142a :: RMF FM"},"content":{"rendered":"<p>Restauracja znana z programu \u201eKuchenne rewolucje\u201d zamyka si\u0119 dla klient\u00f3w. W\u0142a\u015bciciele og\u0142osili takie wie\u015bci w specjalnym komunikacie. Wiadomo, kiedy lokal ko\u0144czy dzia\u0142alno\u015b\u0107. <\/p>\n<p><img decoding=\"async\" alt=\"\" src=\"https:\/\/www.europesays.com\/pl\/wp-content\/uploads\/2026\/01\/e88323c43f5b197761b95d77786a1bd5.jpg\" class=\"w-100\"\/><\/p>\n<p>Magda Gessler w programie  \u201eKuchenne rewolucje\u201d. Fot. AKPA\/Instagram @restauracja_zlota_swinka<\/p>\n<p>&#13;<br \/>\n\t\u201e<a href=\"https:\/\/www.rmf.fm\/magazyn\/tag,Kuchenne%20rewolucje.html\" rel=\"nofollow noopener\" target=\"_blank\">Kuchenne rewolucje<\/a>\u201d w Kamionkach. Restauracja \u201eZ\u0142ota \u015awinka\u201d og\u0142asza zamkni\u0119cie<\/p>\n<p>&#13;<br \/>\n\t\u201eKuchenne rewolucje\u201d niezmiennie ciesz\u0105 si\u0119 ogromnym uznaniem widz\u00f3w. Program z Magd\u0105 Gessler w roli prowadz\u0105cej trafi\u0142 na anten\u0119 stacji TVN w 2010 roku i od tamtej pory szybko \u201ezadomowi\u0142 si\u0119\u201d w programie telewizyjnym. Odcinki s\u0105 te\u017c dost\u0119pne online \u2013 na platformie Player.pl.<\/p>\n<p>&#13;<br \/>\n\tW jednym z epizod\u00f3w \u201eKuchennych rewolucji\u201d (Sezon 25, odcinek 6) <a href=\"https:\/\/www.rmf.fm\/magazyn\/tag,Magda%20Gessler.html\" rel=\"nofollow noopener\" target=\"_blank\">Magda Gessler<\/a> go\u015bci\u0142a w Kamionkach, gdzie znajdowa\u0142a si\u0119 restauracja \u201eFyrtel Smak\u00f3w\u201d. Po przemianie lokal zyska\u0142 now\u0105 nazw\u0119: \u201eZ\u0142ota \u015awinka\u201d. Teraz wiele wskazuje na to, \u017ce wspomniane miejsce szykuje si\u0119 do zamkni\u0119cia. Poinformowali o tym w\u0142a\u015bciciele, publikuj\u0105c w mediach spo\u0142eczno\u015bciowych specjalny komunikat.<\/p>\n<p style=\"text-align: center;\">&#13;\n\t<\/p>\n<p>&#13;<br \/>\n\t\u201eKuchenne rewolucje\u201d. \u201eFyrtel Smak\u00f3w\u201d w Kamionkach zamieniony na \u201eZ\u0142ot\u0105 \u015awink\u0119\u201d<\/p>\n<p>&#13;<br \/>\n\tW 2022 roku Magda Gessler przeprowadzi\u0142a metamorfoz\u0119 lokalu w Kamionkach, kt\u00f3ry od tamtej pory funkcjonowa\u0142 jako \u201eZ\u0142ota \u015awinka\u201d. Jak wynika z og\u0142oszenia zamieszczonego w mediach spo\u0142eczno\u015bciowych, 1 lutego 2026 roku restauracja zostanie zamkni\u0119ta.<\/p>\n<p>&#13;<br \/>\n\t\u201eNadszed\u0142 stycze\u0144, kolejny rok ju\u017c za nami. Rok pe\u0142en rado\u015bci, ci\u0119\u017ckiej pracy i podj\u0119tych decyzji. U\u015bwiadomili\u015bmy sobie, \u017ce stworzyli\u015bmy wsp\u00f3lnie ciep\u0142y dom. Dzi\u0119kujemy za wszystkie odwiedziny. Nasza kuchnia p\u0142on\u0119\u0142a nieraz. Za mi\u0142e s\u0142owa, ka\u017cdy u\u015bmiech, opinie, wsp\u00f3lny czas dzi\u0119kujemy. Magdzie Gessler oraz \u2018Kuchennym rewolucjom\u2019: wielkie uk\u0142ony. Nie ma s\u0142\u00f3w, jakie mog\u0105 wyrazi\u0107 nasz\u0105 wdzi\u0119czno\u015b\u0107\u201d \u2013 napisano w specjalnym komunikacie.<\/p>\n<blockquote><p>&#13;<\/p>\n<p>&#13;<br \/>\n\t\tZ dniem 1.02.2026 ko\u0144czymy dzia\u0142alno\u015b\u0107 \u201eZ\u0142otej \u015awinki\u201d w Kamionkach. Znikamy, zabieraj\u0105c wszystko, co stworzyli\u015bmy ze sob\u0105. Nikt nie b\u0119dzie kontynuowa\u0142 i prowadzi\u0142 naszej restauracji.<\/p>\n<p>&#13;\n<\/p><\/blockquote>\n<p>&#13;<br \/>\n\t\u201e\u2019Z\u0142ota \u015awinka\u2019 jest i b\u0119dzie tylko jedna i na zawsze tak pozostanie. Niech to b\u0119dzie dla was pi\u0119kny rok. A my m\u00f3wimy&#8230; do pysznego zobaczenia\u201d.<\/p>\n<p>&#13;<br \/>\n\tWiadomo\u015b\u0107 o zamkni\u0119ciu lokalu znanego z \u201eKuchennych rewolucji\u201d mocno zaskoczy\u0142a klient\u00f3w restauracji. Ci pisali w komentarzach:<\/p>\n<p>&#13;<br \/>\n\t\u201eJak dla mnie ko\u0144cz\u0105 dzia\u0142alno\u015b\u0107 w Kamionkach, ale nie ko\u0144cz\u0105 dzia\u0142alno\u015bci kulinarnej. My\u015bl\u0119, \u017ce b\u0119dzie wi\u0119kszy lokal, ten by\u0142 stanowczo za ma\u0142y. Do zobaczenia!\u201d<\/p>\n<p>&#13;<br \/>\n\t\u201eOjej smutno mi bardzo. Jeste\u015bmy sta\u0142ymi klientami od lat. Gdzie tak\u0105 zjem dobr\u0105 czernin\u0119, ch\u0142odnik, zawja\u0144ca i przepyszn\u0105 bez\u0119? Koniecznie napiszcie, czy b\u0119dzie nowa lokalizacja i gdzie. Brak mi s\u0142\u00f3w. Tego si\u0119 nie spodziewali\u015bmy.\u201d<\/p>\n<p>&#13;<br \/>\n\t\u201eBardzo mi przykro, tak lubili\u015bmy do Was przyje\u017cd\u017ca\u0107 i smakowa\u0107 pyszne dani. Czekam za informacj\u0105 o nowej lokalizacji, \u017ceby znowu korzysta\u0107 z tej pysznej kuchni. \u017bycz\u0119 Wam powodzenia i czekam na info, \u017ceby od wiosny ju\u017c korzysta\u0107.\u201d<\/p>\n<p>&#13;<br \/>\n\tJak dot\u0105d zapytania o now\u0105 lokalizacj\u0119 pozosta\u0142y bez odpowiedzi.<\/p>\n<blockquote class=\"instagram-media\" data-instgrm-captioned=\"\" data-instgrm-permalink=\"https:\/\/www.instagram.com\/p\/CkVAt6lMPlQ\/?utm_source=ig_embed&amp;utm_campaign=loading\" data-instgrm-version=\"14\" style=\" background:#FFF; border:0; border-radius:3px; box-shadow:0 0 1px 0 rgba(0,0,0,0.5),0 1px 10px 0 rgba(0,0,0,0.15); margin: 1px; max-width:540px; min-width:326px; padding:0; width:99.375%; width:-webkit-calc(100% - 2px); width:calc(100% - 2px);\"\/>\n<p>\t\t\t\t\t\t<script async src=\"\/\/www.instagram.com\/embed.js\"><\/script><\/p>\n","protected":false},"excerpt":{"rendered":"Restauracja znana z programu \u201eKuchenne rewolucje\u201d zamyka si\u0119 dla klient\u00f3w. W\u0142a\u015bciciele og\u0142osili takie wie\u015bci w specjalnym komunikacie. Wiadomo,&hellip;\n","protected":false},"author":2,"featured_media":204756,"comment_status":"","ping_status":"","sticky":false,"template":"","format":"standard","meta":{"footnotes":""},"categories":[22],"tags":[122,22593,22594,42,38,40,39,41,123],"class_list":{"0":"post-204755","1":"post","2":"type-post","3":"status-publish","4":"format-standard","5":"has-post-thumbnail","7":"category-rozrywka","8":"tag-entertainment","9":"tag-kuchenne-rewolucje","10":"tag-magda-gessler","11":"tag-pl","12":"tag-poland","13":"tag-polish","14":"tag-polska","15":"tag-polski","16":"tag-rozrywka"},"share_on_mastodon":{"url":"https:\/\/pubeurope.com\/@pl\/115894695285768459","error":""},"_links":{"self":[{"href":"https:\/\/www.europesays.com\/pl\/wp-json\/wp\/v2\/posts\/204755","targetHints":{"allow":["GET"]}}],"collection":[{"href":"https:\/\/www.europesays.com\/pl\/wp-json\/wp\/v2\/posts"}],"about":[{"href":"https:\/\/www.europesays.com\/pl\/wp-json\/wp\/v2\/types\/post"}],"author":[{"embeddable":true,"href":"https:\/\/www.europesays.com\/pl\/wp-json\/wp\/v2\/users\/2"}],"replies":[{"embeddable":true,"href":"https:\/\/www.europesays.com\/pl\/wp-json\/wp\/v2\/comments?post=204755"}],"version-history":[{"count":0,"href":"https:\/\/www.europesays.com\/pl\/wp-json\/wp\/v2\/posts\/204755\/revisions"}],"wp:featuredmedia":[{"embeddable":true,"href":"https:\/\/www.europesays.com\/pl\/wp-json\/wp\/v2\/media\/204756"}],"wp:attachment":[{"href":"https:\/\/www.europesays.com\/pl\/wp-json\/wp\/v2\/media?parent=204755"}],"wp:term":[{"taxonomy":"category","embeddable":true,"href":"https:\/\/www.europesays.com\/pl\/wp-json\/wp\/v2\/categories?post=204755"},{"taxonomy":"post_tag","embeddable":true,"href":"https:\/\/www.europesays.com\/pl\/wp-json\/wp\/v2\/tags?post=204755"}],"curies":[{"name":"wp","href":"https:\/\/api.w.org\/{rel}","templated":true}]}}