{"id":204771,"date":"2026-01-14T17:51:07","date_gmt":"2026-01-14T17:51:07","guid":{"rendered":"https:\/\/www.europesays.com\/pl\/204771\/"},"modified":"2026-01-14T17:51:07","modified_gmt":"2026-01-14T17:51:07","slug":"nasa-traci-kontakt-z-sonda-maven-mozliwe-ze-to-koniec-misji","status":"publish","type":"post","link":"https:\/\/www.europesays.com\/pl\/204771\/","title":{"rendered":"NASA traci kontakt z sond\u0105 MAVEN. Mo\u017cliwe, \u017ce to koniec misji"},"content":{"rendered":"<p>Sonda MAVEN, kt\u00f3ra od ponad dekady analizuje g\u00f3rne warstwy atmosfery Marsa, od 6\u00a0grudnia nie wysy\u0142a \u017cadnych sygna\u0142\u00f3w na Ziemi\u0119. Urz\u0105dzenie powinno przekazywa\u0107 telemetri\u0119 do centrum NASA za po\u015brednictwem sieci anten Deep Space Network, jednak od tego feralnego dnia nie pojawi\u0142y si\u0119 \u017cadne nowe dane.<\/p>\n<p>Jak ujawnia agencja, pierwsze informacje sugerowa\u0142y, \u017ce MAVEN po ponownym wyj\u015bciu z\u00a0cienia Marsa obraca\u0142a si\u0119 w\u00a0spos\u00f3b nietypowy. NASA przyzna\u0142a r\u00f3wnie\u017c, \u017ce ju\u017c kilka dni po znikni\u0119ciu kontaktu szanse na odzyskanie kontaktu z\u00a0sond\u0105 istotnie si\u0119 zmniejszy\u0142y.<\/p>\n<p>23 grudnia pojawi\u0142o si\u0119 ostatnie oficjalne o\u015bwiadczenie NASA, gdzie zapewniono, \u017ce trwaj\u0105 pr\u00f3by ponownego nawi\u0105zania \u0142\u0105czno\u015bci z\u00a0urz\u0105dzeniem. Eksperci analizowali fragmenty danych \u015bledzenia z\u00a06\u00a0grudnia oraz tworzyli o\u015b czasu mog\u0105cych wyst\u0105pi\u0107 zdarze\u0144 prowadz\u0105cych do utraty kontaktu.<\/p>\n<p>Louise Prockter, dyrektor dzia\u0142u planetarnego NASA, podczas wtorkowego spotkania potwierdzi\u0142a, \u017ce szanse na uratowanie misji s\u0105 obecnie &#8222;bardzo niewielkie&#8221;. Mimo to zesp\u00f3\u0142 NASA nie rezygnuje z\u00a0pr\u00f3b, licz\u0105c na koniec koniunkcji Marsa i\u00a0S\u0142o\u0144ca, kt\u00f3ra blokuje komunikacj\u0119 i\u00a0zako\u0144czy si\u0119 16 stycznia.<\/p>\n<p>W poszukiwaniach MAVEN naukowcy wykorzystali tak\u017ce instrument Mastcam umieszczony na szczycie masztu \u0142azika Curiosity. Zdj\u0119cie mia\u0142o pom\u00f3c w\u00a0zlokalizowaniu zaginionej sondy, ale nie uda\u0142o si\u0119 jej zarejestrowa\u0107.<\/p>\n<p>Mimo trudnej sytuacji NASA nadal pozostaje w\u00a0kontakcie z\u00a0innymi urz\u0105dzeniami na orbicie i\u00a0na powierzchni Marsa. Je\u017celi jednak kontaktu z\u00a0MAVEN nie uda si\u0119 odzyska\u0107, ilo\u015b\u0107 danych przesy\u0142anych z\u00a0Marsa na Ziemi\u0119 zostanie znacz\u0105co ograniczona.<\/p>\n","protected":false},"excerpt":{"rendered":"Sonda MAVEN, kt\u00f3ra od ponad dekady analizuje g\u00f3rne warstwy atmosfery Marsa, od 6\u00a0grudnia nie wysy\u0142a \u017cadnych sygna\u0142\u00f3w na&hellip;\n","protected":false},"author":2,"featured_media":204772,"comment_status":"","ping_status":"","sticky":false,"template":"","format":"standard","meta":{"footnotes":""},"categories":[20],"tags":[120,118,119,42,38,40,39,41,116,114,115,121,117],"class_list":{"0":"post-204771","1":"post","2":"type-post","3":"status-publish","4":"format-standard","5":"has-post-thumbnail","7":"category-nauka-i-technika","8":"tag-nauka","9":"tag-nauka-i-technika","10":"tag-naukatechnika","11":"tag-pl","12":"tag-poland","13":"tag-polish","14":"tag-polska","15":"tag-polski","16":"tag-science","17":"tag-science-and-technology","18":"tag-sciencetechnology","19":"tag-technika","20":"tag-technology"},"share_on_mastodon":{"url":"https:\/\/pubeurope.com\/@pl\/115894726477696283","error":""},"_links":{"self":[{"href":"https:\/\/www.europesays.com\/pl\/wp-json\/wp\/v2\/posts\/204771","targetHints":{"allow":["GET"]}}],"collection":[{"href":"https:\/\/www.europesays.com\/pl\/wp-json\/wp\/v2\/posts"}],"about":[{"href":"https:\/\/www.europesays.com\/pl\/wp-json\/wp\/v2\/types\/post"}],"author":[{"embeddable":true,"href":"https:\/\/www.europesays.com\/pl\/wp-json\/wp\/v2\/users\/2"}],"replies":[{"embeddable":true,"href":"https:\/\/www.europesays.com\/pl\/wp-json\/wp\/v2\/comments?post=204771"}],"version-history":[{"count":0,"href":"https:\/\/www.europesays.com\/pl\/wp-json\/wp\/v2\/posts\/204771\/revisions"}],"wp:featuredmedia":[{"embeddable":true,"href":"https:\/\/www.europesays.com\/pl\/wp-json\/wp\/v2\/media\/204772"}],"wp:attachment":[{"href":"https:\/\/www.europesays.com\/pl\/wp-json\/wp\/v2\/media?parent=204771"}],"wp:term":[{"taxonomy":"category","embeddable":true,"href":"https:\/\/www.europesays.com\/pl\/wp-json\/wp\/v2\/categories?post=204771"},{"taxonomy":"post_tag","embeddable":true,"href":"https:\/\/www.europesays.com\/pl\/wp-json\/wp\/v2\/tags?post=204771"}],"curies":[{"name":"wp","href":"https:\/\/api.w.org\/{rel}","templated":true}]}}