{"id":204799,"date":"2026-01-14T18:05:08","date_gmt":"2026-01-14T18:05:08","guid":{"rendered":"https:\/\/www.europesays.com\/pl\/204799\/"},"modified":"2026-01-14T18:05:08","modified_gmt":"2026-01-14T18:05:08","slug":"duzy-monitor-8k-od-hkc-z-podswietleniem-mini-led-wysoka-polka-do-zadan-kreatywnych-jeszcze-z-targow-ces-2026","status":"publish","type":"post","link":"https:\/\/www.europesays.com\/pl\/204799\/","title":{"rendered":"Du\u017cy monitor 8K od HKC z pod\u015bwietleniem Mini LED. Wysoka p\u00f3\u0142ka do zada\u0144 kreatywnych jeszcze z targ\u00f3w CES 2026"},"content":{"rendered":"<p><img decoding=\"async\" class=\"teaserfoto\" src=\"https:\/\/www.europesays.com\/pl\/wp-content\/uploads\/2026\/01\/49546.png\" alt=\"Du\u017cy monitor 8K od HKC z pod\u015bwietleniem Mini LED. Wysoka p\u00f3\u0142ka do zada\u0144 kreatywnych jeszcze z targ\u00f3w CES 2026\"\/>Mimo \u017ce targi CES 2026 s\u0105 ju\u017c za nami, to o pewnych urz\u0105dzeniach, kt\u00f3re zagin\u0119\u0142y w g\u0105szczu nowo\u015bci, nadal warto napisa\u0107. Do takich nale\u017cy produkt od chi\u0144skiej marki HKC, jakim jest naprawd\u0119 spory monitor, oferuj\u0105cy pod\u015bwietlenie Mini LED. Natomiast wyr\u00f3\u017cnia go r\u00f3wnie\u017c bardzo wysoka rozdzielczo\u015b\u0107, kt\u00f3ra nadal nie jest zbyt cz\u0119sto spotykana. Mo\u017cna liczy\u0107 nie tylko na \u015bwietn\u0105 ostro\u015b\u0107, ale tak\u017ce na wysok\u0105 jasno\u015b\u0107 maksymaln\u0105, dobry kontrast i redukcj\u0119 tzw. efektu halo.<\/p>\n<p>Chi\u0144ska marka HKC przedstawi\u0142a na CES 2026 wiele nowo\u015bci, a jedn\u0105 z nich jest blisko 37-calowy monitor, kt\u00f3ry wyr\u00f3\u017cnia si\u0119 pod\u015bwietleniem Mini LED, a tak\u017ce bardzo wysok\u0105 rozdzielczo\u015bci\u0105 i \u015bwietn\u0105 jasno\u015bci\u0105 maksymaln\u0105.<\/p>\n<p><a class=\"colorbox\" href=\"https:\/\/www.purepc.pl\/image\/news\/2026\/01\/14_duzy_monitor_8k_od_hkc_z_podswietleniem_mini_led_wysoka_polka_do_zadan_kreatywnych_jeszcze_z_targow_ces_2026_1_b.jpg\" rel=\"nofollow noopener\" target=\"_blank\"><img decoding=\"async\" src=\"https:\/\/www.europesays.com\/pl\/wp-content\/uploads\/2026\/01\/14_duzy_monitor_8k_od_hkc_z_podswietleniem_mini_led_wysoka_polka_do_zadan_kreatywnych_jeszcze_z_targ.jpeg\" alt=\"Du\u017cy monitor 8K od HKC z pod\u015bwietleniem Mini LED. Wysoka p\u00f3\u0142ka do zada\u0144 kreatywnych jeszcze z targ\u00f3w CES 2026 [1]\"\/><\/a><\/p>\n<p><a title=\"HKC M10 Ultra to monitor 4K z RGB-Mini LED. Chi\u0144ska nowo\u015b\u0107, kt\u00f3ra oferuje niezwykle wysok\u0105 jasno\u015b\u0107 i wspiera tryb HDR\" href=\"https:\/\/www.purepc.pl\/monitor-rgb-mini-led-hkc-m10-ultra-4k-specyfikacja\" rel=\"nofollow noopener\" target=\"_blank\">HKC M10 Ultra to monitor 4K z RGB-Mini LED. Chi\u0144ska nowo\u015b\u0107, kt\u00f3ra oferuje niezwykle wysok\u0105 jasno\u015b\u0107 i wspiera tryb HDR<\/a><\/p>\n<p>W kr\u00f3tkich opisach od HKC, kt\u00f3re dotyczy\u0142y nowo\u015bci na CES 2026, nie podano dok\u0142adnego modelu, wi\u0119c tytu\u0142owy monitor mo\u017cemy traktowa\u0107 na ten moment jako ciekawostk\u0119. Opiera si\u0119 on na 36,5-calowej matrycy o rozdzielczo\u015bci 8K, kt\u00f3ra mo\u017ce skorzysta\u0107 z pod\u015bwietlenia <a href=\"https:\/\/www.purepc.pl\/tagi\/mini-led\" rel=\"nofollow noopener\" target=\"_blank\">Mini LED<\/a>. W przypadku tego ostatniego mo\u017cemy liczy\u0107 na ponad 2000 stref wygaszania. W po\u0142\u0105czeniu z odpowiednimi algorytmami efekt halo, czyli innymi s\u0142owy &#8222;wycieki \u015bwiat\u0142a&#8221;, powinny zosta\u0107 mocno zredukowane. Na uwag\u0119 zas\u0142uguje te\u017c jasno\u015b\u0107 maksymalna, kt\u00f3rej warto\u015b\u0107 wynosi a\u017c 1800 nit\u00f3w. Wiadomo r\u00f3wnie\u017c, \u017ce <a href=\"https:\/\/www.purepc.pl\/artykuly\/monitory\" rel=\"nofollow noopener\" target=\"_blank\">monitor<\/a> w 100% pokrywa palet\u0119 DCI-P3. Tak naprawd\u0119, to o omawianej nowo\u015bci nie wiemy aktualnie nic wi\u0119cej.<\/p>\n<p><a class=\"colorbox\" href=\"https:\/\/www.purepc.pl\/image\/news\/2026\/01\/14_duzy_monitor_8k_od_hkc_z_podswietleniem_mini_led_wysoka_polka_do_zadan_kreatywnych_jeszcze_z_targow_ces_2026_0_b.jpg\" rel=\"nofollow noopener\" target=\"_blank\"><img decoding=\"async\" src=\"https:\/\/www.europesays.com\/pl\/wp-content\/uploads\/2026\/01\/1768413908_162_14_duzy_monitor_8k_od_hkc_z_podswietleniem_mini_led_wysoka_polka_do_zadan_kreatywnych_jeszcze_z_targ.jpeg\" alt=\"Du\u017cy monitor 8K od HKC z pod\u015bwietleniem Mini LED. Wysoka p\u00f3\u0142ka do zada\u0144 kreatywnych jeszcze z targ\u00f3w CES 2026 [2]\"\/><\/a><\/p>\n<p><a title=\"TCL X11L - seria Smart TV, kt\u00f3ra wprowadza technologi\u0119 SQD-Mini LED. System Google TV, FreeSync Premium Pro i ekrany 4K 144 Hz\" href=\"https:\/\/www.purepc.pl\/smart-tv-tcl0x11l-sqd-mini-led-freesync-premium-specyfikacja-ceny\" rel=\"nofollow noopener\" target=\"_blank\">TCL X11L &#8211; seria Smart TV, kt\u00f3ra wprowadza technologi\u0119 SQD-Mini LED. System Google TV, FreeSync Premium Pro i ekrany 4K 144 Hz<\/a><\/p>\n<p>Powstaje natomiast pytanie, czy tak wysoka rozdzielczo\u015b\u0107 oka\u017ce si\u0119 jakkolwiek przydatna? W przypadku wymagaj\u0105cych gier odpowied\u017a mo\u017ce by\u0107 przecz\u0105ca, aczkolwiek bior\u0105c pod uwag\u0119 kwesti\u0119 pracy i zada\u0144 kreatywnych, sytuacja mo\u017ce wygl\u0105da\u0107 ju\u017c nieco inaczej. Tym bardziej, \u017ce je\u015bli rozdzielczo\u015b\u0107 w omawianym monitorze wynosi 7680 x 4320 pikseli, to zag\u0119szczenie pikseli na cal plasowa\u0107 si\u0119 b\u0119dzie na poziomie 241, z kolei w modelach stworzonych do zada\u0144 profesjonalnych, takich jak <a href=\"https:\/\/www.purepc.pl\/lg-ultrafine-evo-6k-thunderbolt-5-6k-nano-ips\" rel=\"nofollow noopener\" target=\"_blank\">ostatnio omawiany LG UltraFine evo<\/a> (31,5&#8243;, 6K &#8211; 6144 x 3456 px), warto\u015b\u0107 ta jest ni\u017csza (224 PPI). Na wi\u0119cej szczeg\u00f3\u0142\u00f3w trzeba jednak poczeka\u0107. Oficjalny wpis, kt\u00f3ra omawia nowo\u015bci z targ\u00f3w CES 2026 od HKC, znajdziemy <a href=\"https:\/\/mp.weixin.qq.com\/s\/leNUl9YQO5lQGvdO69PX1Q\" rel=\"nofollow noopener\" target=\"_blank\">pod tym adresem<\/a>.<\/p>\n<p>\u0179r\u00f3d\u0142o: WCCFTech, T\u0142umacz Google, Calculator Soup, Aranagraphics\/Flaticon; Niloy T, Alex Shuper\/Unsplash<\/p>\n","protected":false},"excerpt":{"rendered":"Mimo \u017ce targi CES 2026 s\u0105 ju\u017c za nami, to o pewnych urz\u0105dzeniach, kt\u00f3re zagin\u0119\u0142y w g\u0105szczu nowo\u015bci,&hellip;\n","protected":false},"author":2,"featured_media":204800,"comment_status":"","ping_status":"","sticky":false,"template":"","format":"standard","meta":{"footnotes":""},"categories":[20],"tags":[39423,22153,35118,2773,2376,11246,120,118,119,42,38,40,39,41,116,114,115,121,117],"class_list":{"0":"post-204799","1":"post","2":"type-post","3":"status-publish","4":"format-standard","5":"has-post-thumbnail","7":"category-nauka-i-technika","8":"tag-8k","9":"tag-ces-2026","10":"tag-hkc","11":"tag-mini-led","12":"tag-monitor","13":"tag-monitor-do-pracy","14":"tag-nauka","15":"tag-nauka-i-technika","16":"tag-naukatechnika","17":"tag-pl","18":"tag-poland","19":"tag-polish","20":"tag-polska","21":"tag-polski","22":"tag-science","23":"tag-science-and-technology","24":"tag-sciencetechnology","25":"tag-technika","26":"tag-technology"},"share_on_mastodon":{"url":"https:\/\/pubeurope.com\/@pl\/115894781605409749","error":""},"_links":{"self":[{"href":"https:\/\/www.europesays.com\/pl\/wp-json\/wp\/v2\/posts\/204799","targetHints":{"allow":["GET"]}}],"collection":[{"href":"https:\/\/www.europesays.com\/pl\/wp-json\/wp\/v2\/posts"}],"about":[{"href":"https:\/\/www.europesays.com\/pl\/wp-json\/wp\/v2\/types\/post"}],"author":[{"embeddable":true,"href":"https:\/\/www.europesays.com\/pl\/wp-json\/wp\/v2\/users\/2"}],"replies":[{"embeddable":true,"href":"https:\/\/www.europesays.com\/pl\/wp-json\/wp\/v2\/comments?post=204799"}],"version-history":[{"count":0,"href":"https:\/\/www.europesays.com\/pl\/wp-json\/wp\/v2\/posts\/204799\/revisions"}],"wp:featuredmedia":[{"embeddable":true,"href":"https:\/\/www.europesays.com\/pl\/wp-json\/wp\/v2\/media\/204800"}],"wp:attachment":[{"href":"https:\/\/www.europesays.com\/pl\/wp-json\/wp\/v2\/media?parent=204799"}],"wp:term":[{"taxonomy":"category","embeddable":true,"href":"https:\/\/www.europesays.com\/pl\/wp-json\/wp\/v2\/categories?post=204799"},{"taxonomy":"post_tag","embeddable":true,"href":"https:\/\/www.europesays.com\/pl\/wp-json\/wp\/v2\/tags?post=204799"}],"curies":[{"name":"wp","href":"https:\/\/api.w.org\/{rel}","templated":true}]}}