{"id":204811,"date":"2026-01-14T18:11:16","date_gmt":"2026-01-14T18:11:16","guid":{"rendered":"https:\/\/www.europesays.com\/pl\/204811\/"},"modified":"2026-01-14T18:11:16","modified_gmt":"2026-01-14T18:11:16","slug":"kolejny-powrot-do-tanca-z-gwiazdami-zwyciezca-zatanczy-z-topowa-aktorka-onet","status":"publish","type":"post","link":"https:\/\/www.europesays.com\/pl\/204811\/","title":{"rendered":"Kolejny powr\u00f3t do &quot;Ta\u0144ca z gwiazdami&quot;. Zwyci\u0119zca zata\u0144czy z topow\u0105 aktork\u0105 &#8211; Onet"},"content":{"rendered":"<ol>\n<li><a href=\"https:\/\/news.google.com\/rss\/articles\/CBMixgFBVV95cUxObUJCYmxhMFVnQnFzaFV1ZUNFWHk1cDhBOHQtZ3RCZWhNLTdBVTdrdTh3R20yU0s0VUZaOEhBQkt0QVJ1RlVWbnpjMmZhTWpta2JwdGJKZ3RiN0FYZm5qWjg4MXEyVl9PTURja2FkMEthMHFxSFNOZTZXdnpaNzMzcV9MZTZ1aGFGLWJCYUJkVHJOdnd2V3QtWU9hYy0yOVFPdnRYN2I4Q0xPU2hhYnRwU0NtNmZNcUNVYjVUSkhDLXFTWjBBQ2c?oc=5\" target=\"_blank\" rel=\"nofollow noopener\">Kolejny powr\u00f3t do &#8222;Ta\u0144ca z gwiazdami&#8221;. Zwyci\u0119zca zata\u0144czy z topow\u0105 aktork\u0105<\/a>&nbsp;&nbsp;Onet<\/li>\n<li><a href=\"https:\/\/news.google.com\/rss\/articles\/CBMimwFBVV95cUxNUUh0aG1kdVQ1T0V0YmFnTXVxNXlmR2ZkemhySTcxeDBUaFhiODR1UUlHWjVGb3NkRE9KZlFuS2VGbk1hY2diN0hvX2dpQ0ZiYU5tbUFhX1Fkb2NGRjF0dFdHbmtRYXFmeUNXRV9zOGlBUXBwUTRVMXc3SlBKM3pUTXNUM0lZTGpKbFdmQUNleDZuQ0F1eDNGX0dhbw?oc=5\" target=\"_blank\" rel=\"nofollow noopener\">Piotr K\u0119dzierski ma odmieni\u0107 &#8222;Taniec z gwiazdami&#8221;. &#8222;Poka\u017ce dystans&#8221;<\/a>&nbsp;&nbsp;Plejada<\/li>\n<li><a href=\"https:\/\/news.google.com\/rss\/articles\/CBMirgFBVV95cUxQRHhONURPOHA4YmdrUzRTMDFUWHU3Tm1VYXp5NGczN2JjT3k4NWxHYnZRV0k1aHlJUmRZWms4WGNKZXNNTHlidWl0d1BLSUFUSFp3TGhuc19VUE5JbzJOZWhyQ3h1WUptUlpaN2pOMEVWRWRNdmxTemk1Y2JTbTk3SzBoTVNUa0c3SDJuV1FNTG9TMFJwZ044U3BlRTI4eDdBcGw4YWNZNDZBOC1yR0E?oc=5\" target=\"_blank\" rel=\"nofollow noopener\">Lista uczestnik\u00f3w nowego sezonu &#8222;TzG&#8221; rozgrzewa wyobra\u017ani\u0119. Prowadz\u0105cy uchylili r\u0105bka tajemnicy<\/a>&nbsp;&nbsp;Pomponik.pl<\/li>\n<li><a href=\"https:\/\/news.google.com\/rss\/articles\/CBMirwFBVV95cUxOSXBwU1F1Nkc0OTRYcEtqY1RfX2RBZHVud19kUmZ6Qi03MHFoWENWTm9STDRSWVFrYTVxQkxlRFBGbXVQVEExU2Y2RElNdUhHZGRSTXBKVzRUemVNNDcya1hxU3BoVEhIUkdfUWEtYUVWNjllYmNmY05KQURxaFBmSXFwbXBLNzFGOG9rTDhFUElLR2NqbTFfZTU4WEdGT1gxci11M2lCZmhEamJnejlZ?oc=5\" target=\"_blank\" rel=\"nofollow noopener\">Tego po Potockiej nie spodziewa\u0142 si\u0119 nikt, wyzna\u0142a na \u017cywo. B\u0119dzie &#8222;czarnym koniem&#8221; w &#8222;TzG&#8221;?<\/a>&nbsp;&nbsp;halo tu polsat<\/li>\n<li><a href=\"https:\/\/news.google.com\/rss\/articles\/CBMivgFBVV95cUxOaktzZE1CajRXMzF6dW00VDZxbXJreWJOU0lTUm9yLXVrbXRaVEhXNnU4c1AtMjJRZlpBamllUDJybU9ub1BwcnFFVm03YzRiRXNkbXZRQzV2Y2NBQktiVlhkVUhGckZsTktWdDNrQnQ4V0duYWgzSENCZl9aUzFrUFdDVVZvWDJuQVB0SGQycVRLYS00REVlcEJ1VEhma21fVUFiR0pld3ptbGFZdVNoUU9qbnBLWW8zRUZ0Y3FR0gG8AUFVX3lxTE9Gc1paRjFpSVl0OHBUOTRURXJPcTNXN18yTVdnNEJMSzVvcDB5VjFYcXl0S2N5aTY4dWotSnJ6Ulgzd0E2YVZJemtxMko2azVDY2w2UnY5WVRsUWU4Y2t1MVJPMWM0anM3dzJGNmZZUmxfY1pkQ3hPb1N5OC1sVTVhYTVpV1ViQ0xJWFZ0Mk5oaXZIbUZLb1NZemNQOURQTnBiZVhXY3NKdTRhdUZua3ZDMHg5U1ljQlRybGJw?oc=5\" target=\"_blank\" rel=\"nofollow noopener\">Wielki powr\u00f3t do \u201eTa\u0144ca z gwiazdami\u201d. Zwrot tu\u017c przed startem edycji<\/a>&nbsp;&nbsp;RMF FM<\/li>\n<\/ol>\n","protected":false},"excerpt":{"rendered":"Kolejny powr\u00f3t do &#8222;Ta\u0144ca z gwiazdami&#8221;. Zwyci\u0119zca zata\u0144czy z topow\u0105 aktork\u0105&nbsp;&nbsp;Onet Piotr K\u0119dzierski ma odmieni\u0107 &#8222;Taniec z gwiazdami&#8221;.&hellip;\n","protected":false},"author":2,"featured_media":204812,"comment_status":"","ping_status":"","sticky":false,"template":"","format":"standard","meta":{"footnotes":""},"categories":[22],"tags":[122,67,25736,261,53,52,68,51,55,42,38,40,39,41,123,47,9325,1863,341,338,65,50],"class_list":{"0":"post-204811","1":"post","2":"type-post","3":"status-publish","4":"format-standard","5":"has-post-thumbnail","7":"category-rozrywka","8":"tag-entertainment","9":"tag-intextvideo_splayer","10":"tag-jacek_jeschke","11":"tag-kultura","12":"tag-new_header","13":"tag-onet3","14":"tag-onet3d","15":"tag-onet3d_2i","16":"tag-phx","17":"tag-pl","18":"tag-poland","19":"tag-polish","20":"tag-polska","21":"tag-polski","22":"tag-rozrywka","23":"tag-screening_general","24":"tag-stefano_terrazzino","25":"tag-taniec_z_gwiazdami_program_tv","26":"tag-tylko_w_onecie","27":"tag-tylko_w_plejadzie","28":"tag-update_me","29":"tag-v2021"},"share_on_mastodon":{"url":"https:\/\/pubeurope.com\/@pl\/115894804946957128","error":""},"_links":{"self":[{"href":"https:\/\/www.europesays.com\/pl\/wp-json\/wp\/v2\/posts\/204811","targetHints":{"allow":["GET"]}}],"collection":[{"href":"https:\/\/www.europesays.com\/pl\/wp-json\/wp\/v2\/posts"}],"about":[{"href":"https:\/\/www.europesays.com\/pl\/wp-json\/wp\/v2\/types\/post"}],"author":[{"embeddable":true,"href":"https:\/\/www.europesays.com\/pl\/wp-json\/wp\/v2\/users\/2"}],"replies":[{"embeddable":true,"href":"https:\/\/www.europesays.com\/pl\/wp-json\/wp\/v2\/comments?post=204811"}],"version-history":[{"count":0,"href":"https:\/\/www.europesays.com\/pl\/wp-json\/wp\/v2\/posts\/204811\/revisions"}],"wp:featuredmedia":[{"embeddable":true,"href":"https:\/\/www.europesays.com\/pl\/wp-json\/wp\/v2\/media\/204812"}],"wp:attachment":[{"href":"https:\/\/www.europesays.com\/pl\/wp-json\/wp\/v2\/media?parent=204811"}],"wp:term":[{"taxonomy":"category","embeddable":true,"href":"https:\/\/www.europesays.com\/pl\/wp-json\/wp\/v2\/categories?post=204811"},{"taxonomy":"post_tag","embeddable":true,"href":"https:\/\/www.europesays.com\/pl\/wp-json\/wp\/v2\/tags?post=204811"}],"curies":[{"name":"wp","href":"https:\/\/api.w.org\/{rel}","templated":true}]}}