{"id":204920,"date":"2026-01-14T19:23:07","date_gmt":"2026-01-14T19:23:07","guid":{"rendered":"https:\/\/www.europesays.com\/pl\/204920\/"},"modified":"2026-01-14T19:23:07","modified_gmt":"2026-01-14T19:23:07","slug":"rewolucyjna-zmiana-w-podatkach-chca-skasowac-pit-i-zastapic-go-inna-danina","status":"publish","type":"post","link":"https:\/\/www.europesays.com\/pl\/204920\/","title":{"rendered":"Rewolucyjna zmiana w podatkach? Chc\u0105 skasowa\u0107 PIT i zast\u0105pi\u0107 go inn\u0105 danin\u0105"},"content":{"rendered":"\n<p>&#13;<br \/>\nTrwa rz\u0105dowy sp\u00f3r o\u00a0wzmocnienie uprawnie\u0144 Pa\u0144stwowej Inspekcji Pracy. Cho\u0107 projekt by\u0142 ju\u017c gotowy, premier Donald Tusk w\u00a0ostatniej chwili og\u0142osi\u0142 wycofanie propozycji. Zdecydowa\u0142, \u017ce\u00a0<a href=\"https:\/\/dorzeczy.pl\/opinie\/831047\/zanderg-uderza-w-tuska-poszlo-o-wazna-reforme.html\" title=\"Zandberg uderza w\u00a0Tuska. \u201eZ\u00a0kim si\u0119 spotka\u0142 pan premier?\u201d\" rel=\"nofollow noopener\" target=\"_blank\">do prac nad now\u0105 wersj\u0105 zaanga\u017cowany zostanie minister sprawiedliwo\u015bci<\/a>. Wzmocnienie PIP to\u00a0jeden z\u00a0tzw. kamieni milowych w\u00a0KPO, wynegocjowanych z\u00a0KE przez obecny rz\u0105d (zast\u0105pi\u0142 &#8222;kamie\u0144&#8221; przygotowany przez rz\u0105d Mateusza Morawieckiego, kt\u00f3ry zak\u0142ada\u0142 osk\u0142adowanie wszystkich um\u00f3w cywilnoprawnych). &#13;\n<\/p>\n<p>&#13;<br \/>\nJak informuje portal money.pl, pojawi\u0142 si\u0119 apel do\u00a0ministr\u00f3w rodziny, finans\u00f3w i\u00a0funduszy o\u00a0zmian\u0119 kamienia milowego w\u00a0KPO. &#13;\n<\/p>\n<p>&#13;<br \/>\n&#8222;Autorzy listu do\u00a0szef\u00f3w resort\u00f3w rodziny, pracy i\u00a0polityki spo\u0142ecznej, finans\u00f3w i\u00a0gospodarki oraz\u00a0funduszy i\u00a0polityki regionalnej proponuj\u0105 wywr\u00f3cenie stolika w\u00a0tej kwestii. Zamiast sporu o\u00a0to, czy\u00a0inspektor pracy ma\u00a0wydawa\u0107 decyzj\u0119 tak\u0105 czy\u00a0inn\u0105, proponuj\u0105 gruntown\u0105 zmian\u0119 systemow\u0105&#8221; \u2013\u00a0czytamy. &#13;\n<\/p>\n<p>&#13;<br \/>\n&#8222;Cel ten mo\u017cna osi\u0105gn\u0105\u0107 poprzez przeprowadzenie kompleksowej reformy systemu podatkowo-sk\u0142adkowego w\u00a0kierunku modelu tzw. jednolitej daniny. Kierunek ten od\u00a0lat jest postulowany przez rozmaite \u015brodowiska eksperckie. Najnowsz\u0105 propozycj\u0119 kszta\u0142tu takiej reformy przedstawiono we\u00a0wrze\u015bniu ubieg\u0142ego roku w\u00a0raporcie 'Okie\u0142zna\u0107 podatkowy chaos. Propozycja reformy w\u00a0duchu jednolitej daniny&#8221; \u2013\u00a0wskazano w\u00a0li\u015bcie. Jak podkre\u015blaj\u0105 eksperci, g\u0142\u00f3wnym celem reformy jest integracja podatk\u00f3w i\u00a0sk\u0142adek w\u00a0jeden sp\u00f3jny mechanizm, kt\u00f3ry upraszcza system, likwiduje r\u00f3wnoleg\u0142e re\u017cimy i\u00a0zapewnia bardziej przejrzyste rozliczenia dla\u00a0obywateli. &#13;\n<\/p>\n<p>Szczeg\u00f3\u0142y propozycji<\/p>\n<p>&#13;<br \/>\nAutor ostatniej wersji tego pomys\u0142u, Artur Krawczyk, by\u0142y urz\u0119dnik MF, wyja\u015bnia, \u017ce\u00a0propozycja polega na\u00a0gruntownej zmianie obecnego systemu, w\u00a0kt\u00f3rym osobno s\u0105 liczone sk\u0142adki, a\u00a0osobno podatki. Zast\u0105pi\u0142aby go\u00a0danina, w\u00a0kt\u00f3rej ubezpieczony p\u0142aci\u0142by najpierw sk\u0142adki, kt\u00f3re mia\u0142yby charakter liniowy, a\u00a0potem podatek, kt\u00f3ry by\u0142by progresywny. Stawka ros\u0142aby wraz z\u00a0dochodem. &#13;\n<\/p>\n<p>&#13;<br \/>\n\u2013 Chodzi o\u00a0to, \u017ceby ludzie mieli zabezpieczenie, kt\u00f3re uzyskuj\u0105 dzi\u0119ki p\u0142aceniu sk\u0142adek emerytalnych czy\u00a0rentowych. W\u00a0dalszej kolejno\u015bci zarobione pieni\u0105dze p\u0142yn\u0119\u0142yby do\u00a0bud\u017cetu \u2013\u00a0podkre\u015bla Artur Krawczyk. &#13;\n<\/p>\n<p>&#13;<br \/>\nCzytaj te\u017c:<br \/><a href=\"https:\/\/dorzeczy.pl\/ekonomia\/831557\/kasowy-pit-okazal-sie-fiaskiem-rzad-tuska-wprowadzil-ulge-z-ktorej-malo-kto-korzysta.html\" rel=\"follow nofollow noopener\" data-schema=\"DORZECZY\" data-image=\"https:\/\/img.dorzeczy.pl\/_thumb\/7f\/af\/e1e7f31827aeb8eeb5c21718de23.jpeg\" target=\"_blank\">Klapa nowej ulgi. Polacy nie\u00a0korzystaj\u0105 z\u00a0pomys\u0142u Tuska<\/a>&#13;<\/p>\n","protected":false},"excerpt":{"rendered":"&#13; Trwa rz\u0105dowy sp\u00f3r o\u00a0wzmocnienie uprawnie\u0144 Pa\u0144stwowej Inspekcji Pracy. Cho\u0107 projekt by\u0142 ju\u017c gotowy, premier Donald Tusk w\u00a0ostatniej&hellip;\n","protected":false},"author":2,"featured_media":202109,"comment_status":"","ping_status":"","sticky":false,"template":"","format":"standard","meta":{"footnotes":""},"categories":[16],"tags":[113,112,98,105,3948,49,10910,42,1310,38,40,39,41,380],"class_list":{"0":"post-204920","1":"post","2":"type-post","3":"status-publish","4":"format-standard","5":"has-post-thumbnail","7":"category-biznes","8":"tag-biznes","9":"tag-business","10":"tag-dorzeczy","11":"tag-ekonomia","12":"tag-kpo","13":"tag-kraj","14":"tag-pit","15":"tag-pl","16":"tag-podatek","17":"tag-poland","18":"tag-polish","19":"tag-polska","20":"tag-polski","21":"tag-rzad"},"share_on_mastodon":{"url":"https:\/\/pubeurope.com\/@pl\/115895088229242801","error":""},"_links":{"self":[{"href":"https:\/\/www.europesays.com\/pl\/wp-json\/wp\/v2\/posts\/204920","targetHints":{"allow":["GET"]}}],"collection":[{"href":"https:\/\/www.europesays.com\/pl\/wp-json\/wp\/v2\/posts"}],"about":[{"href":"https:\/\/www.europesays.com\/pl\/wp-json\/wp\/v2\/types\/post"}],"author":[{"embeddable":true,"href":"https:\/\/www.europesays.com\/pl\/wp-json\/wp\/v2\/users\/2"}],"replies":[{"embeddable":true,"href":"https:\/\/www.europesays.com\/pl\/wp-json\/wp\/v2\/comments?post=204920"}],"version-history":[{"count":0,"href":"https:\/\/www.europesays.com\/pl\/wp-json\/wp\/v2\/posts\/204920\/revisions"}],"wp:featuredmedia":[{"embeddable":true,"href":"https:\/\/www.europesays.com\/pl\/wp-json\/wp\/v2\/media\/202109"}],"wp:attachment":[{"href":"https:\/\/www.europesays.com\/pl\/wp-json\/wp\/v2\/media?parent=204920"}],"wp:term":[{"taxonomy":"category","embeddable":true,"href":"https:\/\/www.europesays.com\/pl\/wp-json\/wp\/v2\/categories?post=204920"},{"taxonomy":"post_tag","embeddable":true,"href":"https:\/\/www.europesays.com\/pl\/wp-json\/wp\/v2\/tags?post=204920"}],"curies":[{"name":"wp","href":"https:\/\/api.w.org\/{rel}","templated":true}]}}