{"id":204921,"date":"2026-01-14T19:24:06","date_gmt":"2026-01-14T19:24:06","guid":{"rendered":"https:\/\/www.europesays.com\/pl\/204921\/"},"modified":"2026-01-14T19:24:06","modified_gmt":"2026-01-14T19:24:06","slug":"to-jest-tragedia-mojego-zycia","status":"publish","type":"post","link":"https:\/\/www.europesays.com\/pl\/204921\/","title":{"rendered":"to jest tragedia mojego \u017cycia"},"content":{"rendered":"<p class=\"ods-c-paragraph \">Prokuratura szwajcarskiego kantonu Valais wszcz\u0119\u0142a \u015bledztwo przeciwko w\u0142a\u015bcicielom baru &#8222;Le Constellation&#8221;. Szwajcarskie media informowa\u0142y o licznych zaniedbaniach po stornie lokalu, w kt\u00f3rym dosz\u0142o do tragicznego po\u017caru.<\/p>\n<p> Jakie wydarzenie mia\u0142o miejsce w barze 'Le Constellation&#8217;? <\/p>\n<p> Kto zosta\u0142 aresztowany po po\u017carze w Crans-Montanie? <\/p>\n<p> Jak zareagowa\u0142a Jessica Moretti na po\u017car? <\/p>\n<p> Ile os\u00f3b zgin\u0119\u0142o w po\u017carze w 'Le Constellation&#8217;? <\/p>\n<p class=\"ods-c-paragraph \">W\u0142a\u015bciciel lokalu, Jacques Moretti zosta\u0142 aresztowany w pi\u0105tek na wniosek prokuratury. Jego \u017cona, wsp\u00f3\u0142w\u0142a\u015bcicielka lokalu, Jessica, zosta\u0142a umieszczona w areszcie domowym, poniewa\u017c ma 10-miesi\u0119czne dziecko.<\/p>\n<p class=\"ods-c-paragraph \">W rozmowie z mediami Jessica Moretti publicznie przeprosi\u0142a, za to, co si\u0119 wydarzy\u0142o w sylwestrow\u0105 noc w barze &#8222;Le Constellation&#8221;. &#8222;To wydarzy\u0142o si\u0119 w naszej restauracji i chcia\u0142abym przeprosi\u0107&#8221; \u2014 powiedzia\u0142a Jessica w rozmowie z radiem RTS po wtorkowym przes\u0142uchaniu przed organami s\u0105dowymi Valais.<\/p>\n<p class=\"ods-c-paragraph \">Jak podaje szwajcarska gazeta &#8222;Blick&#8221;, wed\u0142ug Jessiki i Jacques&#8217;a Morettich, wiecz\u00f3r w &#8222;Le Constellation&#8221; rozpocz\u0105\u0142 si\u0119 spokojnie. W\u0142a\u015bcicielka pojawi\u0142a si\u0119 w barze o godz. 22.30. &#8222;O p\u00f3\u0142nocy by\u0142o bardzo cicho&#8221; \u2014 podkre\u015bli\u0142a i doda\u0142a, \u017ce p\u00f3\u017aniej w klubie pojawi\u0142o si\u0119 oko\u0142o 100 go\u015bci. Kobieta by\u0142a w budynku w chwili wybuchu po\u017caru. <\/p>\n<blockquote class=\"ods-o-quota\">\n<p class=\"ods-o-quota__paragraph\">&#8222;Nagle poczu\u0142am ruch w t\u0142umie. Zobaczy\u0142am pomara\u0144czowe \u015bwiat\u0142o w rogu baru. Natychmiast krzykn\u0119\u0142am: wszyscy na zewn\u0105trz! I powiadomi\u0142am stra\u017c po\u017carn\u0105&#8221; <\/p>\n<\/blockquote>\n<p class=\"ods-c-paragraph \">\u2014 relacjonuje.<\/p>\n<p class=\"ods-c-paragraph \">Jessica mia\u0142a powiadomi\u0107 swojego m\u0119\u017ca o tym, co si\u0119 sta\u0142o oko\u0142o godz. 1.30. Kiedy Jacques dotar\u0142 na miejsce, ogie\u0144 trawi\u0142 ju\u017c budynek. Wej\u015bcie by\u0142o zablokowane, a tylne drzwi zamkni\u0119te od \u015brodka. W\u0142a\u015bciciel wraz z dwiema innymi osobami mia\u0142 wywa\u017cy\u0107 drzwi, pod kt\u00f3rymi le\u017ca\u0142o kilka nieprzytomnych os\u00f3b. Ma\u0142\u017ce\u0144stwo twierdzi, \u017ce w\u015br\u00f3d ofiar by\u0142a ich synowa.<\/p>\n<p class=\"ods-c-paragraph \">W po\u017carze zgin\u0119\u0142a r\u00f3wnie\u017c 24-letnia kelnerka Cyane Panine. Jessica w rozmowie z mediami stwierdzi\u0142a, \u017ce by\u0142y sobie bliskie. <a href=\"https:\/\/podroze.onet.pl\/aktualnosci\/czy-jessika-moretti-ukrywa-prawde-o-kelnerce-z-klubu-nocnego\/xwflwd7\" id=\"8e69f88e-5cbd-43f7-9a83-2a618698b665\" rel=\"nofollow noopener\" target=\"_blank\">Rodzice ofiary zaprzeczaj\u0105 jednak tym informacjom.<\/a><\/p>\n<blockquote class=\"ods-o-quota\">\n<p class=\"ods-o-quota__paragraph\">&#8222;Cyane by\u0142a dla mnie jak m\u0142odsza siostra. Sp\u0119dzi\u0142a z nami Bo\u017ce Narodzenie. Jestem zdruzgotana. To jest tragedia mojego \u017cycia&#8221; <\/p>\n<\/blockquote>\n<p class=\"ods-c-paragraph \">\u2014 powiedzia\u0142a w\u0142a\u015bcicielka baru. &#8222;Moje my\u015bli s\u0105 nieustannie z ofiarami&#8221; \u2014 doda\u0142a.<\/p>\n","protected":false},"excerpt":{"rendered":"Prokuratura szwajcarskiego kantonu Valais wszcz\u0119\u0142a \u015bledztwo przeciwko w\u0142a\u015bcicielom baru &#8222;Le Constellation&#8221;. Szwajcarskie media informowa\u0142y o licznych zaniedbaniach po&hellip;\n","protected":false},"author":2,"featured_media":204922,"comment_status":"","ping_status":"","sticky":false,"template":"","format":"standard","meta":{"footnotes":""},"categories":[14],"tags":[210,32,33,27,34,35,28,31,48,25,46,40,41,2148,47,80,2238,29,30,26,82,83,84],"class_list":{"0":"post-204921","1":"post","2":"type-post","3":"status-publish","4":"format-standard","5":"has-post-thumbnail","7":"category-swiat","8":"tag-aktualnosci","9":"tag-breaking-news","10":"tag-breakingnews","11":"tag-headlines","12":"tag-latest-news","13":"tag-latestnews","14":"tag-naglowki","15":"tag-najwazniejsze-artykuly","16":"tag-nat_styl","17":"tag-news","18":"tag-omp","19":"tag-polish","20":"tag-polski","21":"tag-pozar","22":"tag-screening_general","23":"tag-swiat","24":"tag-szwajcaria","25":"tag-top-stories","26":"tag-topstories","27":"tag-wiadomosci","28":"tag-world","29":"tag-world-news","30":"tag-worldnews"},"share_on_mastodon":{"url":"https:\/\/pubeurope.com\/@pl\/115895092127420919","error":""},"_links":{"self":[{"href":"https:\/\/www.europesays.com\/pl\/wp-json\/wp\/v2\/posts\/204921","targetHints":{"allow":["GET"]}}],"collection":[{"href":"https:\/\/www.europesays.com\/pl\/wp-json\/wp\/v2\/posts"}],"about":[{"href":"https:\/\/www.europesays.com\/pl\/wp-json\/wp\/v2\/types\/post"}],"author":[{"embeddable":true,"href":"https:\/\/www.europesays.com\/pl\/wp-json\/wp\/v2\/users\/2"}],"replies":[{"embeddable":true,"href":"https:\/\/www.europesays.com\/pl\/wp-json\/wp\/v2\/comments?post=204921"}],"version-history":[{"count":0,"href":"https:\/\/www.europesays.com\/pl\/wp-json\/wp\/v2\/posts\/204921\/revisions"}],"wp:featuredmedia":[{"embeddable":true,"href":"https:\/\/www.europesays.com\/pl\/wp-json\/wp\/v2\/media\/204922"}],"wp:attachment":[{"href":"https:\/\/www.europesays.com\/pl\/wp-json\/wp\/v2\/media?parent=204921"}],"wp:term":[{"taxonomy":"category","embeddable":true,"href":"https:\/\/www.europesays.com\/pl\/wp-json\/wp\/v2\/categories?post=204921"},{"taxonomy":"post_tag","embeddable":true,"href":"https:\/\/www.europesays.com\/pl\/wp-json\/wp\/v2\/tags?post=204921"}],"curies":[{"name":"wp","href":"https:\/\/api.w.org\/{rel}","templated":true}]}}