{"id":204925,"date":"2026-01-14T19:26:15","date_gmt":"2026-01-14T19:26:15","guid":{"rendered":"https:\/\/www.europesays.com\/pl\/204925\/"},"modified":"2026-01-14T19:26:15","modified_gmt":"2026-01-14T19:26:15","slug":"swieradow-zdroj-zima-kameralne-uzdrowisko-z-trasami-narciarskimi-termami-i-atrakcjami-dla-rodziny","status":"publish","type":"post","link":"https:\/\/www.europesays.com\/pl\/204925\/","title":{"rendered":"\u015awierad\u00f3w-Zdr\u00f3j zim\u0105 &#8211; kameralne uzdrowisko z trasami narciarskimi, termami i atrakcjami dla rodziny"},"content":{"rendered":"<p class=\"typography ids-typeset-body ids-typeset-body--preset-large link paragraph ids-paragraph ids-paragraph--default\">\u015awierad\u00f3w\u2011Zdr\u00f3j to niewielkie uzdrowisko na Dolnym \u015al\u0105sku, kt\u00f3re zim\u0105 zamienia si\u0119 w prawdziw\u0105 krain\u0119 \u015bniegu. G\u00f3ry, lasy i \u015bnie\u017cne szlaki sprawiaj\u0105, \u017ce miasto wygl\u0105da jak wyj\u0119te z poczt\u00f3wki, a jednocze\u015bnie zachowuje kameralny charakter. To miejsce idealne dla rodzin, par i os\u00f3b szukaj\u0105cych spokoju oraz kontaktu z natur\u0105. Nic dziwnego, \u017ce w rolkach na TikToku czy Instagramie \u015awierad\u00f3w zdobywa coraz wi\u0119ksz\u0105 popularno\u015b\u0107 &#8211; pojawiaj\u0105 si\u0119 komentarze, \u017ce to lepszy wyb\u00f3r na ferie ni\u017c zat\u0142oczone i drogie Zakopane. Spokojniejsze trasy, kameralna atmosfera i bogata oferta atrakcji sprawiaj\u0105, \u017ce zim\u0105 to miasteczko staje si\u0119 hitem dla os\u00f3b szukaj\u0105cych aktywno\u015bci, relaksu i malowniczych widok\u00f3w.<\/p>\n<p>Dlaczego warto wybra\u0107 \u015awierad\u00f3w-Zdr\u00f3j zim\u0105?<\/p>\n<p class=\"typography ids-typeset-body ids-typeset-body--preset-large link paragraph ids-paragraph ids-paragraph--default\">\u015awierad\u00f3w-Zdr\u00f3j, cho\u0107 niewielki, ma ca\u0142kiem bogat\u0105 ofert\u0119 noclegow\u0105 i gastronomiczn\u0105. Do wyboru s\u0105 komfortowe hotele o r\u00f3\u017cnym standardzie (nocleg ju\u017c od 160-200 z\u0142otych), przytulne pensjonaty (ju\u017c od 130 -200 z\u0142otych) prowadzone przez lokalnych w\u0142a\u015bcicieli oraz prywatne kwatery (od 80 z\u0142otych) i apartamenty, kt\u00f3re \u015bwietnie sprawdz\u0105 si\u0119 dla rodzin lub grup przyjaci\u00f3\u0142. Dzi\u0119ki temu ka\u017cdy mo\u017ce znale\u017a\u0107 co\u015b dla siebie &#8211; od kameralnego zakwaterowania w centrum miasta, po spokojniejsze miejsce w pobli\u017cu lasu i stok\u00f3w narciarskich.<\/p>\n<p class=\"typography ids-typeset-body ids-typeset-body--preset-large link paragraph ids-paragraph ids-paragraph--default\">Pod wzgl\u0119dem kulinarnym \u015awierad\u00f3w r\u00f3wnie\u017c nie zawodzi. W mie\u015bcie dzia\u0142a wiele restauracji i karczm oferuj\u0105cych lokaln\u0105 kuchni\u0119, ale te\u017c menu mi\u0119dzynarodowe. Mo\u017cna tu spr\u00f3bowa\u0107 regionalnych przysmak\u00f3w po g\u00f3ralsku, a jednocze\u015bnie znale\u017a\u0107 lekkie, szybkie posi\u0142ki lub smaczne desery. Kameralna atmosfera lokali sprawia, \u017ce posi\u0142ek staje si\u0119 przyjemno\u015bci\u0105 &#8211; zar\u00f3wno po dniu sp\u0119dzonym na stoku, jak i podczas spokojnego spaceru po \u015bnie\u017cnym mie\u015bcie.<\/p>\n<p class=\"typography ids-typeset-body ids-typeset-body--preset-large link paragraph ids-paragraph ids-paragraph--default\">A je\u015bli chcesz chcesz zatrzyma\u0107 si\u0119 w wi\u0119kszym mie\u015bcie, a r\u00f3wnocze\u015bnie korzysta\u0107 z urok\u00f3w i atrakcji \u015awieradowa, polecamy Szklarsk\u0105 Por\u0119b\u0119.<\/p>\n<p>Atrakcje dla ca\u0142ej rodziny<\/p>\n<p class=\"typography ids-typeset-body ids-typeset-body--preset-large link paragraph ids-paragraph ids-paragraph--default\">\u015awierad\u00f3w\u2011Zdr\u00f3j zim\u0105 zachwyca zar\u00f3wno malowniczymi krajobrazami, jak i bogat\u0105 ofert\u0105 dla ca\u0142ej rodziny. Stoki dla pocz\u0105tkuj\u0105cych i d\u0142u\u017csze trasy dla bardziej do\u015bwiadczonych narciarzy pozwalaj\u0105 ka\u017cdemu znale\u017a\u0107 co\u015b dla siebie, a wygodne wyci\u0105gi i gondole u\u0142atwiaj\u0105 dost\u0119p na szczyt. Z wy\u017cszych punkt\u00f3w rozci\u0105gaj\u0105 si\u0119 widoki jak z bajki, kt\u00f3re zim\u0105 wygl\u0105daj\u0105 szczeg\u00f3lnie magicznie.<\/p>\n<p><img decoding=\"async\" class=\"ids-image-holder__img\" loading=\"lazy\" alt=\"Gdzie na narty w Polsce? \u015awierad\u00f3w Zdr\u00f3j jest prawdziwym hitem \" title=\"\" width=\"6720\" height=\"4480\" src=\"https:\/\/www.europesays.com\/pl\/wp-content\/uploads\/2026\/01\/000M751VEWE7VSDI-C323-F4.webp.webp\"\/><\/p>\n<p>Gdzie na narty w Polsce? \u015awierad\u00f3w Zdr\u00f3j jest prawdziwym hitem 123RF\/PICSEL<\/p>\n<p class=\"typography ids-typeset-body ids-typeset-body--preset-large link paragraph ids-paragraph ids-paragraph--default\">Dla os\u00f3b, kt\u00f3re wol\u0105 aktywno\u015bci bez nart, wie\u017ca widokowa oferuje &#8222;spacer w chmurach&#8221; z bezpieczn\u0105 platform\u0105 oraz dodatkowe atrakcje dla najm\u0142odszych i doros\u0142ych. Spacer po zimowych uliczkach i promenadzie uzdrowiskowej daje poczucie spokoju i kameralno\u015bci, a kuligi, ogniska, zabawy na \u015bniegu, saneczki i szk\u00f3\u0142ki narciarskie zapewniaj\u0105 rozrywk\u0119 najm\u0142odszym &#8211; i nie tylko.<\/p>\n<p><img decoding=\"async\" class=\"ids-image-holder__img\" loading=\"lazy\" alt=\"\u015awierad\u00f3w Zdr\u00f3j to raj dla fan\u00f3w zimowego szale\u0144stwa\" title=\"\" width=\"6240\" height=\"4160\" src=\"https:\/\/www.europesays.com\/pl\/wp-content\/uploads\/2026\/01\/000M756EDQMYYYXT-C323-F4.webp.webp\"\/><\/p>\n<p>\u015awierad\u00f3w Zdr\u00f3j to raj dla fan\u00f3w zimowego szale\u0144stwa123RF\/PICSEL<\/p>\n<p class=\"typography ids-typeset-body ids-typeset-body--preset-large link paragraph ids-paragraph ids-paragraph--default\">To tak\u017ce raj dla mi\u0142o\u015bnik\u00f3w spacer\u00f3w i pi\u0119knych widok\u00f3w. W \u015awieradowie-Zdroju zimowe krajobrazy zapieraj\u0105 dech w piersiach. To doskona\u0142e miejsce dla os\u00f3b, kt\u00f3re chc\u0105 po\u0142\u0105czy\u0107 aktywny wypoczynek z mo\u017cliwo\u015bci\u0105 wyciszenia si\u0119 w pi\u0119knym otoczeniu.<\/p>\n<p><img decoding=\"async\" class=\"ids-image-holder__img\" loading=\"lazy\" alt=\"Gdzie na ferie w Polsce?\" title=\"\" width=\"5184\" height=\"3456\" src=\"https:\/\/www.europesays.com\/pl\/wp-content\/uploads\/2026\/01\/000M756JQU2RNYVI-C323-F4.webp.webp\"\/><\/p>\n<p>Gdzie na ferie w Polsce?123RF\/PICSEL<\/p>\n<p class=\"typography ids-typeset-body ids-typeset-body--preset-large link paragraph ids-paragraph ids-paragraph--default\">Po dniu pe\u0142nym wra\u017ce\u0144 warto odpocz\u0105\u0107 w strefach wellness, kt\u00f3re oferuj\u0105 baseny, jacuzzi i sauny &#8211; to doskona\u0142y spos\u00f3b na rozgrzanie cia\u0142a i regeneracj\u0119.<\/p>\n<p>Jak zaplanowa\u0107 pobyt w \u015awieradowie-Zdroju?<\/p>\n<p class=\"typography ids-typeset-body ids-typeset-body--preset-large link paragraph ids-paragraph ids-paragraph--default\">Planuj\u0105c wyjazd, warto wybra\u0107 nocleg w centrum miasta lub w pobli\u017cu wyci\u0105g\u00f3w narciarskich. Zim\u0105 najlepiej sprawdza si\u0119 pobyt 3-7 dni, aby mie\u0107 czas zar\u00f3wno na szusowanie po stokach, jak i na spacery po malowniczych trasach biegowych. Nie zapomnij o termach &#8211; relaks w ciep\u0142ej wodzie to obowi\u0105zkowy punkt zimowego programu.<\/p>\n<p>Masz sugestie, uwagi albo widzisz b\u0142\u0105d? Napisz do nas<\/p>\n","protected":false},"excerpt":{"rendered":"\u015awierad\u00f3w\u2011Zdr\u00f3j to niewielkie uzdrowisko na Dolnym \u015al\u0105sku, kt\u00f3re zim\u0105 zamienia si\u0119 w prawdziw\u0105 krain\u0119 \u015bniegu. G\u00f3ry, lasy i&hellip;\n","protected":false},"author":2,"featured_media":204926,"comment_status":"","ping_status":"","sticky":false,"template":"","format":"standard","meta":{"footnotes":""},"categories":[5],"tags":[32,33,36,37,27,34,35,28,31,25,42,38,40,39,41,29,30,26],"class_list":{"0":"post-204925","1":"post","2":"type-post","3":"status-publish","4":"format-standard","5":"has-post-thumbnail","7":"category-naglowki","8":"tag-breaking-news","9":"tag-breakingnews","10":"tag-featured-news","11":"tag-featurednews","12":"tag-headlines","13":"tag-latest-news","14":"tag-latestnews","15":"tag-naglowki","16":"tag-najwazniejsze-artykuly","17":"tag-news","18":"tag-pl","19":"tag-poland","20":"tag-polish","21":"tag-polska","22":"tag-polski","23":"tag-top-stories","24":"tag-topstories","25":"tag-wiadomosci"},"share_on_mastodon":{"url":"https:\/\/pubeurope.com\/@pl\/115895100122879207","error":""},"_links":{"self":[{"href":"https:\/\/www.europesays.com\/pl\/wp-json\/wp\/v2\/posts\/204925","targetHints":{"allow":["GET"]}}],"collection":[{"href":"https:\/\/www.europesays.com\/pl\/wp-json\/wp\/v2\/posts"}],"about":[{"href":"https:\/\/www.europesays.com\/pl\/wp-json\/wp\/v2\/types\/post"}],"author":[{"embeddable":true,"href":"https:\/\/www.europesays.com\/pl\/wp-json\/wp\/v2\/users\/2"}],"replies":[{"embeddable":true,"href":"https:\/\/www.europesays.com\/pl\/wp-json\/wp\/v2\/comments?post=204925"}],"version-history":[{"count":0,"href":"https:\/\/www.europesays.com\/pl\/wp-json\/wp\/v2\/posts\/204925\/revisions"}],"wp:featuredmedia":[{"embeddable":true,"href":"https:\/\/www.europesays.com\/pl\/wp-json\/wp\/v2\/media\/204926"}],"wp:attachment":[{"href":"https:\/\/www.europesays.com\/pl\/wp-json\/wp\/v2\/media?parent=204925"}],"wp:term":[{"taxonomy":"category","embeddable":true,"href":"https:\/\/www.europesays.com\/pl\/wp-json\/wp\/v2\/categories?post=204925"},{"taxonomy":"post_tag","embeddable":true,"href":"https:\/\/www.europesays.com\/pl\/wp-json\/wp\/v2\/tags?post=204925"}],"curies":[{"name":"wp","href":"https:\/\/api.w.org\/{rel}","templated":true}]}}