{"id":204927,"date":"2026-01-14T19:27:07","date_gmt":"2026-01-14T19:27:07","guid":{"rendered":"https:\/\/www.europesays.com\/pl\/204927\/"},"modified":"2026-01-14T19:27:07","modified_gmt":"2026-01-14T19:27:07","slug":"projekt-warszawa-jastrzebski-wegiel-na-zywo-plusliga-relacja-live-wynik-dzis","status":"publish","type":"post","link":"https:\/\/www.europesays.com\/pl\/204927\/","title":{"rendered":"Projekt Warszawa &#8211; Jastrz\u0119bski W\u0119giel na \u017cywo. PlusLiga relacja live wynik dzi\u015b"},"content":{"rendered":"<p>W ramach 16. kolejki PlusLigi wicelideruj\u0105cy tabeli PGE Projekt Warszawa podejmie we w\u0142asnej hali Jastrz\u0119bski W\u0119giel. Go\u015bcie b\u0119d\u0105 musieli pokusi\u0107 si\u0119 o dobry wynik, by utrzyma\u0107 si\u0119 w czo\u0142owej \u00f3semce najwy\u017cszej klasy rozgrywkowej. Relacja i wynik na \u017cywo meczu PGE Projekt Warszawa &#8211; JSW Jastrz\u0119bski W\u0119giel od godziny 20:00 na Polsatsport.pl.<\/p>\n<p>W obecnym sezonie siatkarze z Warszawy pozostaj\u0105 w walce o mistrzostwo Polski, a ich g\u0142\u00f3wnym rywalem jest Bogdanka LUK Lublin. Ambicje s\u0105 wysokie, tym bardziej \u017ce w ostatnich dw\u00f3ch sezonach Projekt musia\u0142 si\u0119 zadowoli\u0107 najni\u017cszym stopniem podium.<\/p>\n<p>Z kolei Jastrz\u0119bski, kt\u00f3ry w sezonach 2022\/2023 i 2023\/2024 si\u0119ga\u0142 po mistrzostwo, a w zesz\u0142ym roku zdoby\u0142 Puchar Polski, tym razem zdecydowanie gorzej radzi sobie na krajowym podw\u00f3rku, plasuj\u0105c si\u0119 po 14 seriach gier na 8. miejscu, czyli ostatnim premiowanym udzia\u0142em w play offach.<\/p>\n<p>\u00a0<\/p>\n<p>ZOBACZ TAK\u017bE: <a href=\"https:\/\/www.polsatsport.pl\/galeria\/2025-12-14\/oto-partnerki-siatkarzy-pge-projektu-warszawa-z-kim-sa-zwiazani-zdjecia_27675\/\" target=\"_blank\" rel=\"noopener noreferrer nofollow\">Oto partnerki siatkarzy PGE Projektu Warszawa. Z kim s\u0105 zwi\u0105zani? (ZDJ\u0118CIA)<\/a><\/p>\n<p>\u00a0<\/p>\n<p>W ostatnim ligowym meczu Jastrz\u0119bianie zako\u0144czyli seri\u0119 5 zwyci\u0119stw z rz\u0119du, ulegaj\u0105c na wyje\u017adzie \u015alepskowi Malow Suwa\u0142ki 0:3, z kolei Warszawianie pokonali zawsze gro\u017any Aluron CMC Wart\u0119 Zawiercie (3:0), a w jeszcze poprzedniej serii gier ulegli Lublinianon 0:3.<\/p>\n<p>\u00a0<\/p>\n<p>Gospodarze b\u0119d\u0105 zatem zdeterminowani, by utrzyma\u0107 si\u0119 w walce o mistrzowski tytu\u0142, natomiast go\u015bcie b\u0119d\u0105 chcieli wr\u00f3ci\u0107 na zwyci\u0119sk\u0105 \u015bcie\u017ck\u0119 i kontynuowa\u0107 marsz w g\u00f3r\u0119 tabeli.<\/p>\n<p>\u00a0<\/p>\n<p>Relacja i wynik na \u017cywo meczu PGE Projekt Warszawa &#8211; JSW Jastrz\u0119bski W\u0119giel od godziny 20:00 na Polsatsport.pl.<\/p>\n<p>Polsat Sport<\/p>\n<p><a class=\"news__read-more-button\" href=\"https:\/\/www.polsatsport.pl\/\" rel=\"nofollow noopener\" target=\"_blank\">Przejd\u017a na Polsatsport.pl<\/a>PolsatSport.pl w wersji na telefony z systemem Android i iOS!<\/p>\n<p class=\"app-ad__preview\">Najnowsze informacje i wiadomo\u015bci na bie\u017c\u0105co, gdziekolwiek jeste\u015b.<\/p>\n","protected":false},"excerpt":{"rendered":"W ramach 16. kolejki PlusLigi wicelideruj\u0105cy tabeli PGE Projekt Warszawa podejmie we w\u0142asnej hali Jastrz\u0119bski W\u0119giel. Go\u015bcie b\u0119d\u0105&hellip;\n","protected":false},"author":2,"featured_media":204928,"comment_status":"","ping_status":"","sticky":false,"template":"","format":"standard","meta":{"footnotes":""},"categories":[24],"tags":[42,38,40,39,41,127,126],"class_list":{"0":"post-204927","1":"post","2":"type-post","3":"status-publish","4":"format-standard","5":"has-post-thumbnail","7":"category-sport","8":"tag-pl","9":"tag-poland","10":"tag-polish","11":"tag-polska","12":"tag-polski","13":"tag-sport","14":"tag-sports"},"share_on_mastodon":{"url":"https:\/\/pubeurope.com\/@pl\/115895104148331063","error":""},"_links":{"self":[{"href":"https:\/\/www.europesays.com\/pl\/wp-json\/wp\/v2\/posts\/204927","targetHints":{"allow":["GET"]}}],"collection":[{"href":"https:\/\/www.europesays.com\/pl\/wp-json\/wp\/v2\/posts"}],"about":[{"href":"https:\/\/www.europesays.com\/pl\/wp-json\/wp\/v2\/types\/post"}],"author":[{"embeddable":true,"href":"https:\/\/www.europesays.com\/pl\/wp-json\/wp\/v2\/users\/2"}],"replies":[{"embeddable":true,"href":"https:\/\/www.europesays.com\/pl\/wp-json\/wp\/v2\/comments?post=204927"}],"version-history":[{"count":0,"href":"https:\/\/www.europesays.com\/pl\/wp-json\/wp\/v2\/posts\/204927\/revisions"}],"wp:featuredmedia":[{"embeddable":true,"href":"https:\/\/www.europesays.com\/pl\/wp-json\/wp\/v2\/media\/204928"}],"wp:attachment":[{"href":"https:\/\/www.europesays.com\/pl\/wp-json\/wp\/v2\/media?parent=204927"}],"wp:term":[{"taxonomy":"category","embeddable":true,"href":"https:\/\/www.europesays.com\/pl\/wp-json\/wp\/v2\/categories?post=204927"},{"taxonomy":"post_tag","embeddable":true,"href":"https:\/\/www.europesays.com\/pl\/wp-json\/wp\/v2\/tags?post=204927"}],"curies":[{"name":"wp","href":"https:\/\/api.w.org\/{rel}","templated":true}]}}