{"id":204939,"date":"2026-01-14T19:33:13","date_gmt":"2026-01-14T19:33:13","guid":{"rendered":"https:\/\/www.europesays.com\/pl\/204939\/"},"modified":"2026-01-14T19:33:13","modified_gmt":"2026-01-14T19:33:13","slug":"kamienie-milowe-w-oze-przekroczone-pse-podaly-nowe-dane","status":"publish","type":"post","link":"https:\/\/www.europesays.com\/pl\/204939\/","title":{"rendered":"Kamienie milowe w OZE przekroczone. PSE poda\u0142y nowe dane"},"content":{"rendered":"<p data-section=\"detail-body\">Ceny energii wed\u0142ug kontrakt\u00f3w z dostaw\u0105 na drugi kwarta\u0142 br. ustali\u0142y si\u0119 w Polsce we wtorek 13 stycznia na 99,31 euro za MWh, a kontrakty na 2027 r. &#8211; na 102,21 euro. S\u0105 to w obu przypadkach najwy\u017csze poziomy w Europie. A to w kontraktach terminowych sprzedaje si\u0119 w Polsce zdecydowan\u0105 wi\u0119kszo\u015b\u0107 pr\u0105du.<\/p>\n<p class=\"article_p\" data-section=\"detail-body\">Prawie r\u00f3wnie \u017ale, jak Polska maj\u0105: Rumunia, W\u0119gry, Bu\u0142garia i Chorwacja. Niemcy pr\u0105d maj\u0105 o jedn\u0105 czwart\u0105 ta\u0144szy, Francja i Hiszpania o dwie trzecie ta\u0144szy.<\/p>\n<p>                    <img decoding=\"async\" loading=\"lazy\" class=\"article-image_container--img\" id=\"image_4099a4c6-e6f5-48b3-8f1a-b752f2db2bb9\" alt=\"Ceny energii kontrakty na 2 kw. 26, dane z 3 stycznia\" src=\"https:\/\/www.europesays.com\/pl\/wp-content\/uploads\/2026\/01\/XN5k9kpTURBXy85NzU3OTk2ZDMzMmY3YzEzNDNkNzNhMjFhYzAzMDU2Yy5wbmeRkwLNA5gA3gACoTABoTEB.jpeg\"\/><\/p>\n<p>            Ceny energii kontrakty na 2 kw. 26, dane z 3 stycznia<\/p>\n<p>                    |<br \/>\n                    EEX<\/p>\n<p class=\"article_p\" data-section=\"detail-body\">Nasz system domykany cenowo jest jednak energetyk\u0105 na w\u0119giel brunatny, a ta w wyniku wzrostu notowa\u0144 uprawnie\u0144 na emisj\u0119 CO2 do 84,6 euro za ton\u0119 jest obecnie ekstremalnie droga w por\u00f3wnaniu do innych kraj\u00f3w. St\u0105d systemy, kt\u00f3re domykane s\u0105 elektrowniami j\u0105drowymi lub gazowymi daj\u0105 obecnie du\u017co ta\u0144sz\u0105 energi\u0119 elektryczn\u0105 ni\u017c te, gdzie rezerw\u0119 zapewniaj\u0105 bloki w\u0119glowe.<\/p>\n<p class=\"article_p\" data-section=\"detail-body\">Teoretycznie zbija\u0107 ceny powinny \u017ar\u00f3d\u0142a odnawialne. PSE poda\u0142o nawet, \u017ce przekroczyli\u015bmy kolejne kamienie milowe. Wiatraki przekroczy\u0142y 11,2 GW mocy, a fotowoltaika 25,5 GW.<\/p>\n<p>            Czytaj tak\u017ce w BUSINESS INSIDER<\/p>\n<p class=\"article_p\" data-section=\"detail-body\">Oznacza to przyrost energetyki wiatrowej o 10,5 proc. rok do roku, a solarnej \u2014 o 20,7 proc.<\/p>\n<p>        Ponad po\u0142owa mocy w OZE<\/p>\n<p class=\"article_p\" data-section=\"detail-body\">Wed\u0142ug najnowszych dost\u0119pnych danych ARE na temat mocy zainstalowanej w polskiej energetyce, wiatraki mia\u0142y na koniec listopada ju\u017c 13,6 proc. mocy, a fotowoltaika 31,7 proc. Razem z elektrowniami wodnymi i biomas\u0105 dawa\u0142o to ju\u017c 49,6 proc. mocy w systemie i po danych z PSE z grudnia wynika, \u017ce przekroczyli\u015bmy ju\u017c 50 proc. <\/p>\n<p class=\"article_p\" data-section=\"detail-body\">Tegoroczny stycze\u0144 jest jednak kapry\u015bny i du\u017co gorszy od poprzednich lat dla energetyki wiatrowej. W rezultacie OZE dawa\u0142y w styczniu \u0142\u0105cznie zaledwie 23 proc. pr\u0105du w polskiej sieci, podczas gdy w 2025 r. 24,3 proc., a rok wcze\u015bniej 27,8 proc. Mimo przyrostu mocy energii jest z tego mniej.<\/p>\n","protected":false},"excerpt":{"rendered":"Ceny energii wed\u0142ug kontrakt\u00f3w z dostaw\u0105 na drugi kwarta\u0142 br. ustali\u0142y si\u0119 w Polsce we wtorek 13 stycznia&hellip;\n","protected":false},"author":2,"featured_media":204940,"comment_status":"","ping_status":"","sticky":false,"template":"","format":"standard","meta":{"footnotes":""},"categories":[5],"tags":[32,33,36,37,27,34,35,28,31,25,42,38,40,39,41,29,30,26],"class_list":{"0":"post-204939","1":"post","2":"type-post","3":"status-publish","4":"format-standard","5":"has-post-thumbnail","7":"category-naglowki","8":"tag-breaking-news","9":"tag-breakingnews","10":"tag-featured-news","11":"tag-featurednews","12":"tag-headlines","13":"tag-latest-news","14":"tag-latestnews","15":"tag-naglowki","16":"tag-najwazniejsze-artykuly","17":"tag-news","18":"tag-pl","19":"tag-poland","20":"tag-polish","21":"tag-polska","22":"tag-polski","23":"tag-top-stories","24":"tag-topstories","25":"tag-wiadomosci"},"share_on_mastodon":{"url":"https:\/\/pubeurope.com\/@pl\/115895127548206601","error":""},"_links":{"self":[{"href":"https:\/\/www.europesays.com\/pl\/wp-json\/wp\/v2\/posts\/204939","targetHints":{"allow":["GET"]}}],"collection":[{"href":"https:\/\/www.europesays.com\/pl\/wp-json\/wp\/v2\/posts"}],"about":[{"href":"https:\/\/www.europesays.com\/pl\/wp-json\/wp\/v2\/types\/post"}],"author":[{"embeddable":true,"href":"https:\/\/www.europesays.com\/pl\/wp-json\/wp\/v2\/users\/2"}],"replies":[{"embeddable":true,"href":"https:\/\/www.europesays.com\/pl\/wp-json\/wp\/v2\/comments?post=204939"}],"version-history":[{"count":0,"href":"https:\/\/www.europesays.com\/pl\/wp-json\/wp\/v2\/posts\/204939\/revisions"}],"wp:featuredmedia":[{"embeddable":true,"href":"https:\/\/www.europesays.com\/pl\/wp-json\/wp\/v2\/media\/204940"}],"wp:attachment":[{"href":"https:\/\/www.europesays.com\/pl\/wp-json\/wp\/v2\/media?parent=204939"}],"wp:term":[{"taxonomy":"category","embeddable":true,"href":"https:\/\/www.europesays.com\/pl\/wp-json\/wp\/v2\/categories?post=204939"},{"taxonomy":"post_tag","embeddable":true,"href":"https:\/\/www.europesays.com\/pl\/wp-json\/wp\/v2\/tags?post=204939"}],"curies":[{"name":"wp","href":"https:\/\/api.w.org\/{rel}","templated":true}]}}