{"id":204951,"date":"2026-01-14T19:39:14","date_gmt":"2026-01-14T19:39:14","guid":{"rendered":"https:\/\/www.europesays.com\/pl\/204951\/"},"modified":"2026-01-14T19:39:14","modified_gmt":"2026-01-14T19:39:14","slug":"spotkanie-noworoczne-portal-informacyjny","status":"publish","type":"post","link":"https:\/\/www.europesays.com\/pl\/204951\/","title":{"rendered":"Spotkanie noworoczne &#8211; Portal informacyjny"},"content":{"rendered":"<p>                    <img decoding=\"async\" class=\"zdjecie\" src=\"https:\/\/www.europesays.com\/pl\/wp-content\/uploads\/2026\/01\/spotkanienoworoczne2026-portal2.jpg\" alt=\"Spotkanie noworoczne by\u0142o okazj\u0105 do podsumowania 2025 roku oraz przedstawienia plan\u00f3w na przysz\u0142o\u015b\u0107 Zdj\u0119cie zrobione z oddalenia, wida\u0107 przemawiaj\u0105cego rektora i uczestnik\u00f3w spotkania\"\/><\/p>\n<p>                <a class=\"kategoria\" href=\"https:\/\/portal.umk.pl\/pl\/category\/campus-life\" rel=\"nofollow noopener\" target=\"_blank\">\u017bycie kampusu<\/a><br \/>\n                [2026-01-13]<\/p>\n<p>\u2014 Redakcja<\/p>\n<p>Spotkanie noworoczne by\u0142o okazj\u0105 do podsumowania 2025 roku oraz przedstawienia plan\u00f3w na przysz\u0142o\u015b\u0107<\/p>\n<p>fot. Andrzej Roma\u0144ski<\/p>\n<p class=\"lead\">Podsumowanie osi\u0105gni\u0119\u0107 ubieg\u0142ego roku oraz plany na przysz\u0142o\u015b\u0107 Uniwersytetu Miko\u0142aja Kopernika przedstawi\u0142 JM Rektor prof. dr hab. Andrzej Tretyn podczas spotkania noworocznego ze spo\u0142eczno\u015bci\u0105 uczelni oraz w\u0142adzami miasta i regionu. Uroczysto\u015b\u0107 by\u0142a tak\u017ce okazj\u0105 do wr\u0119czenia t\u00f3g nowym profesorom tytularnym oraz list\u00f3w gratulacyjnych naukowcom, kt\u00f3rzy awansowali na stanowiska profesor\u00f3w uniwersytetu.<\/p>\n<p>W noworocznym spotkaniu w\u0142adz, przedstawicielek i przedstawicieli pracownik\u00f3w, doktorant\u00f3w i student\u00f3w UMK, zorganizowanym w Collegium Maximum, uczestniczyli tak\u017ce reprezentanci w\u0142adz regionu i miasta: wicewojewoda kujawsko-pomorski Micha\u0142 Koniuch, marsza\u0142ek wojew\u00f3dztwa Piotr Ca\u0142becki oraz prezydent Torunia Pawe\u0142 Gulewski.<\/p>\n<p>&#13;<\/p>\n<p>W przem\u00f3wieniu otwieraj\u0105cym doroczn\u0105 uroczysto\u015b\u0107 rektor podsumowa\u0142 ubieg\u0142y rok, kt\u00f3ry by\u0142 dla Uniwersytetu Miko\u0142aja Kopernika szczeg\u00f3lny ze wzgl\u0119du na obchody trzech jubileuszy: 80-lecia istnienia UMK, 40-lecia powstania Akademii Medycznej w Bydgoszczy oraz 20-lecia jej po\u0142\u0105czenia z UMK i powo\u0142ania Collegium Medicum. Wydarzenia, kt\u00f3re towarzyszy\u0142y obchodom tych \u015bwi\u0105t, wpisa\u0142y si\u0119 w krajobraz miasta i regionu, anga\u017cuj\u0105c nie tylko spo\u0142eczno\u015b\u0107 akademick\u0105, ale tak\u017ce sympatyk\u00f3w naszej uczelni.<\/p>\n<p>&#13;<br \/>\n<img decoding=\"async\" src=\"https:\/\/www.europesays.com\/pl\/wp-content\/uploads\/2026\/01\/spotkanienoworoczne2026-portal1.jpg\" alt=\"Rektor UMK przy mikrofonie, za nim zaproszeni go\u015bcie: prezydent miasta, marsza\u0142ek, wojewoda oraz przedstawiciele w\u0142adz UMK\"\/>&#13;<br \/>\nW spotkaniu noworocznym wzi\u0119li udzia\u0142 cz\u0142onkowie spo\u0142eczno\u015bci akademickiej oraz przedstawiciele regionu i miasta<br \/>fot. Andrzej Roma\u0144ski&#13;<br \/>\n&#13;<\/p>\n<p>Rektor podkre\u015bli\u0142 r\u00f3wnie\u017c, \u017ce dla naszej spo\u0142eczno\u015bci by\u0142 to rok pr\u0119\u017cnego rozwoju w wielu kierunkach. W 2025 roku UMK rozpocz\u0105\u0142 realizacj\u0119 mi\u0119dzynarodowego projektu analizuj\u0105cego pandemie w przedprzemys\u0142owej Europie. Badania s\u0105 finansowane z grantu Synergy ERC, a pracami kieruje prof. dr hab. Adam Izdebski z Interdyscyplinarnego Centrum Nowoczesnych Technologii. Owocne okaza\u0142y si\u0119 tak\u017ce starania o zewn\u0119trzne finansowanie wspieraj\u0105ce rozw\u00f3j aparatury badawczej, w tym na utrzymanie radioteleskopu RT-4 &#8222;Kopernik&#8221;, dzi\u0119ki kt\u00f3remu toru\u0144scy astronomowie mog\u0105 prowadzi\u0107 obserwacje kosmosu. Warto doda\u0107, \u017ce radioteleskop jest cz\u0119\u015bci\u0105 europejskiej i og\u00f3lno\u015bwiatowej sieci interferometrycznej VLBI, a udzia\u0142 polskich astronom\u00f3w w mi\u0119dzynarodowej kooperacji zaowocowa\u0142 rozkwitem bada\u0144 w dziedzinie radiowej.<\/p>\n<p>&#13;<\/p>\n<p>W ubieg\u0142ym roku na UMK dosz\u0142o tak\u017ce do istotnych zmian organizacyjnych w administracji og\u00f3lnouniwersyteckiej. Zak\u0142ada\u0142y one likwidacj\u0119 tzw. jednoosobowych stanowisk kierowniczych i po\u0142\u0105czenie cz\u0119\u015bci dotychczasowych dzia\u0142\u00f3w w wi\u0119ksze kom\u00f3rki zwi\u0105zane ze sob\u0105 merytorycznie. Wdra\u017canie zmian rozpocz\u0119\u0142o si\u0119 na pocz\u0105tku ubieg\u0142ego roku, a pomys\u0142odawc\u0105 nowej struktury by\u0142 dr hab. Rados\u0142aw Sojak, prof. UMK, prorektor ds. kadrowych i polityki finansowej.<\/p>\n<p>&#13;<br \/>\n<img decoding=\"async\" src=\"https:\/\/www.europesays.com\/pl\/wp-content\/uploads\/2026\/01\/ar62272.jpg\" alt=\"Rektor UMK przy mikrofonie, za nim zaproszeni go\u015bcie: prezydent miasta, marsza\u0142ek, wojewoda oraz przedstawiciele w\u0142adz UMK\"\/>&#13;<br \/>\nPodczas przem\u00f3wienia rektor podkre\u015bli\u0142, \u017ce dla naszej spo\u0142eczno\u015bci by\u0142 to rok pr\u0119\u017cnego rozwoju w wielu kierunkach<br \/>fot. Andrzej Roma\u0144ski&#13;<br \/>\n&#13;<\/p>\n<p>W przem\u00f3wieniu rektor odni\u00f3s\u0142 si\u0119 tak\u017ce do pr\u0119\u017cnego rozwoju wsp\u00f3\u0142pracy mi\u0119dzynarodowej. UMK zosta\u0142 sygnatariuszem 26 um\u00f3w z partnerami z ca\u0142ego \u015bwiata, co potwierdza pozycj\u0119 naszej uczelni jako wa\u017cnego partnera w rozwoju bada\u0144 oraz pokazuje gotowo\u015b\u0107 do wsp\u00f3\u0142pracy z zagranicznymi uczelniami, m.in. w zakresie wymian akademickich. Presti\u017c uniwersytetu w aspekcie mi\u0119dzynarodowego kszta\u0142cenia wzmocni\u0142 si\u0119 r\u00f3wnie\u017c dzi\u0119ki projektowi studi\u00f3w wsp\u00f3lnych Erasmus Mundus Joint Master:\u00a0interCultural Leadership In the Digital Era (CLIDE). Przedsi\u0119wzi\u0119cie zak\u0142ada realizacj\u0119 nowego programu mi\u0119dzynarodowych studi\u00f3w na poziomie magisterskim wsp\u00f3lnie z uczelniami z Hiszpanii, Austrii, Ukrainy i Maroko.<\/p>\n<p>&#13;<\/p>\n<p>W kontek\u015bcie kszta\u0142cenia wa\u017cnym by\u0142o tak\u017ce otwarcie kierunku lekarsko-dentystycznego w Collegium Medicum. Pierwsza rekrutacja cieszy\u0142a si\u0119 rekordowym zainteresowaniem &#8211; o jedno miejsce ubiega\u0142o si\u0119 ponad 31 os\u00f3b. Z my\u015bl\u0105 o wzmacnianiu potencja\u0142u badawczego student\u00f3w tego kierunku i naukowc\u00f3w w ubieg\u0142ym roku ruszy\u0142a budowa Centrum Stomatologii. Gmach ma by\u0107 gotowy w marcu, a naukowcy i studenci wprowadz\u0105 si\u0119 do w pe\u0142ni wyposa\u017conego budynku w pa\u017adzierniku 2026 r.<\/p>\n<p>&#13;<\/p>\n<p>Centrum Stomatologii to niejedyna powa\u017cna inwestycja w infrastruktur\u0119 naszej uczelni. Rektor przypomnia\u0142, \u017ce w 2026 roku rozpoczn\u0105 si\u0119 prace modernizacyjne dw\u00f3ch historycznych budynk\u00f3w w miasteczku akademickim: rektoratu, w kt\u00f3rym zlokalizowana jest niemal ca\u0142a administracja og\u00f3lnouniwersytecka i Uniwersyteckie Centrum J\u0119zyk\u00f3w Obcych, oraz biblioteki, z kt\u00f3rej korzysta nie tylko wsp\u00f3lnota akademicka, ale te\u017c wielu mieszka\u0144c\u00f3w Torunia.<\/p>\n<p>&#13;<\/p>\n<p>M\u00f3wi\u0105c o planach na rozpoczynaj\u0105cy si\u0119 rok, rektor przedstawi\u0142 r\u00f3wnie\u017c pomys\u0142y zmian siedzib Wydzia\u0142u Nauk o Polityce i Bezpiecze\u0144stwie, kt\u00f3ry obecnie mie\u015bci si\u0119 w budynku przy ul. Batorego, Uniwersyteckiego Centrum Informatycznego (aktualnie w Collegium Maximum przy placu Rapackiego) i Dzia\u0142u Inwestycyjnego (ul. Gagarina 39) oraz zapowiedzia\u0142 rozpocz\u0119cie budowy akademika dla Collegium Medicum w Bydgoszczy. Rektor zdradzi\u0142 tak\u017ce, \u017ce trwaj\u0105 rozmowy na temat sprzeda\u017cy budynku Collegium Minus, znanego mieszka\u0144com Torunia jako harmonijka. Obecnie budynek jest siedzib\u0105 Wydzia\u0142u Filozofii i Nauk Spo\u0142ecznych.<\/p>\n<p>&#13;<\/p>\n<p>Ko\u0144cz\u0105c przem\u00f3wienie prof. Andrzej Tretyn podzi\u0119kowa\u0142 w\u0142adzom UMK oraz samorz\u0105du za ich wk\u0142ad w rozw\u00f3j uczelni oraz z\u0142o\u017cy\u0142 \u017cyczenia wsp\u00f3lnocie akademickiej i mieszka\u0144com miasta.<\/p>\n<p>&#13;<\/p>\n<blockquote class=\"default\"><p>\u017bycz\u0119 Pa\u0144stwu i sobie, \u017ceby na \u015bwiecie zapanowa\u0142 pok\u00f3j oraz mi\u0119dzynarodowa i mi\u0119dzypokoleniowa zgoda, a wsp\u00f3lnocie akademickiej zdrowia, realizacji marze\u0144 i dumy z pracy na UMK.<\/p><\/blockquote>\n<p>&#13;<br \/>\n<img decoding=\"async\" src=\"https:\/\/www.europesays.com\/pl\/wp-content\/uploads\/2026\/01\/ar600104.jpg\" alt=\"Dwoje profesor\u00f3w pozuje do zdj\u0119cia z togami\"\/>&#13;<br \/>\nNowi profesorowie tytularni odebrali personalizowane togi. Na zdj\u0119ciu prof. El\u017cbieta Szmit-Naud oraz prof. Andrzej Ka\u0142ucki<br \/>fot. Andrzej Roma\u0144ski&#13;<br \/>\n&#13;<\/p>\n<p>Po serii wyst\u0105pie\u0144 przedstawicieli wojew\u00f3dztwa i miasta, nast\u0105pi\u0142o wr\u0119czenie spersonalizowanych t\u00f3g profesorom nominowanym przez prezydenta RP w ostatnim czasie. To kontynuacja zwyczaju honorowania profesor\u00f3w tytularnych zapocz\u0105tkowana podczas uroczystego posiedzenia Senatu na Rynku Staromiejskim w 2025 roku. Togi odebrali:<\/p>\n<p>&#13;<\/p>\n<ul>&#13;<\/p>\n<li>prof. dr hab. Andrzej Ka\u0142ucki z Wydzia\u0142u Sztuk Pi\u0119knych,<\/li>\n<p>&#13;<\/p>\n<li>prof. dr hab. Anna Sinkiewicz z Wydzia\u0142u Lekarskiego,<\/li>\n<p>&#13;<\/p>\n<li>prof. dr hab. El\u017cbieta Szmit-Naud z Wydzia\u0142u Sztuk Pi\u0119knych,<\/li>\n<p>&#13;<\/p>\n<li>prof. dr hab. Jacek Wantoch-Rekowski z Wydzia\u0142u Prawa i Administracji,<\/li>\n<p>&#13;<\/p>\n<li>prof. dr hab. Daniel Za\u0142uski z Wydzia\u0142u Farmaceutycznego.<\/li>\n<p>&#13;\n<\/ul>\n<p>&#13;<\/p>\n<p>Listy gratulacyjne odebrali r\u00f3wnie\u017c naukowcy, kt\u00f3rzy awansowali na stanowisko profesora UMK: dr hab. Ma\u0142gorzata Fopka-Kowalczyk z Wydzia\u0142u Filozofii i Nauk Spo\u0142ecznych, dr hab. Beata Kaczmarek-Szczepa\u0144ska z Wydzia\u0142u Chemii oraz dr hab. Grzegorz Trykowski z Wydzia\u0142u Chemii.<\/p>\n","protected":false},"excerpt":{"rendered":"\u017bycie kampusu [2026-01-13] \u2014 Redakcja Spotkanie noworoczne by\u0142o okazj\u0105 do podsumowania 2025 roku oraz przedstawienia plan\u00f3w na przysz\u0142o\u015b\u0107&hellip;\n","protected":false},"author":2,"featured_media":204952,"comment_status":"","ping_status":"","sticky":false,"template":"","format":"standard","meta":{"footnotes":""},"categories":[12],"tags":[32,33,36,37,27,34,35,28,31,25,42,38,40,39,41,29,30,26],"class_list":{"0":"post-204951","1":"post","2":"type-post","3":"status-publish","4":"format-standard","5":"has-post-thumbnail","7":"category-polska","8":"tag-breaking-news","9":"tag-breakingnews","10":"tag-featured-news","11":"tag-featurednews","12":"tag-headlines","13":"tag-latest-news","14":"tag-latestnews","15":"tag-naglowki","16":"tag-najwazniejsze-artykuly","17":"tag-news","18":"tag-pl","19":"tag-poland","20":"tag-polish","21":"tag-polska","22":"tag-polski","23":"tag-top-stories","24":"tag-topstories","25":"tag-wiadomosci"},"share_on_mastodon":{"url":"https:\/\/pubeurope.com\/@pl\/115895151213729337","error":""},"_links":{"self":[{"href":"https:\/\/www.europesays.com\/pl\/wp-json\/wp\/v2\/posts\/204951","targetHints":{"allow":["GET"]}}],"collection":[{"href":"https:\/\/www.europesays.com\/pl\/wp-json\/wp\/v2\/posts"}],"about":[{"href":"https:\/\/www.europesays.com\/pl\/wp-json\/wp\/v2\/types\/post"}],"author":[{"embeddable":true,"href":"https:\/\/www.europesays.com\/pl\/wp-json\/wp\/v2\/users\/2"}],"replies":[{"embeddable":true,"href":"https:\/\/www.europesays.com\/pl\/wp-json\/wp\/v2\/comments?post=204951"}],"version-history":[{"count":0,"href":"https:\/\/www.europesays.com\/pl\/wp-json\/wp\/v2\/posts\/204951\/revisions"}],"wp:featuredmedia":[{"embeddable":true,"href":"https:\/\/www.europesays.com\/pl\/wp-json\/wp\/v2\/media\/204952"}],"wp:attachment":[{"href":"https:\/\/www.europesays.com\/pl\/wp-json\/wp\/v2\/media?parent=204951"}],"wp:term":[{"taxonomy":"category","embeddable":true,"href":"https:\/\/www.europesays.com\/pl\/wp-json\/wp\/v2\/categories?post=204951"},{"taxonomy":"post_tag","embeddable":true,"href":"https:\/\/www.europesays.com\/pl\/wp-json\/wp\/v2\/tags?post=204951"}],"curies":[{"name":"wp","href":"https:\/\/api.w.org\/{rel}","templated":true}]}}