{"id":204961,"date":"2026-01-14T19:44:11","date_gmt":"2026-01-14T19:44:11","guid":{"rendered":"https:\/\/www.europesays.com\/pl\/204961\/"},"modified":"2026-01-14T19:44:11","modified_gmt":"2026-01-14T19:44:11","slug":"interwencja-zoperowali-nie-te-osobe-teraz-pania-ewe-czeka-kolejny-zabieg","status":"publish","type":"post","link":"https:\/\/www.europesays.com\/pl\/204961\/","title":{"rendered":"&#8222;Interwencja&#8221;: Zoperowali nie t\u0119 osob\u0119. Teraz pani\u0105 Ew\u0119 czeka kolejny zabieg"},"content":{"rendered":"<p>43-letnia pani Ewa spod Radomia jeszcze trzy lata temu by\u0142a naczelniczk\u0105 poczty. Niestety z dnia na dzie\u0144 sta\u0142a si\u0119 niezdolna do pracy i normalnego funkcjonowania.<\/p>\n<p>\u00a0<\/p>\n<p>&#8211; Nagle nie ze swojej winy zosta\u0142am bez \u015brodk\u00f3w do \u017cycia. Nikogo to jednak nie interesowa\u0142o, wr\u0119cz jeden z pe\u0142nomocnik\u00f3w podczas rozprawy powiedzia\u0142, \u017ce oni nie s\u0105 funduszem alimentacyjnym &#8211; opowiada pani Ewa.<\/p>\n<p>\u00a0<\/p>\n<p>&#8211; Nast\u0105pi\u0142o ca\u0142kowite odci\u0119cie od pieni\u0119dzy, od wszystkiego. Robi\u0142em zbi\u00f3rki charytatywne na rzecz mamy &#8211; wspomina Szymon, syn pani Ewy.<\/p>\n<p>\u00a0<\/p>\n<p>Matka trojga dzieci nigdy powa\u017cnie nie chorowa\u0142a. Ekipa &#8222;Interwencji&#8221; odwiedzi\u0142a j\u0105 w pa\u017adzierniku ubieg\u0142ego roku, by\u0142a zrozpaczona. Walczy\u0142a o zdrowie, walczy\u0142a z\u00a0 lekarzami, kt\u00f3rych &#8211; jak twierdzi &#8211; b\u0142\u0119dne decyzje zmieni\u0142y jej \u017cycie w koszmar.<\/p>\n<p>\u00a0<\/p>\n<p>&#8211; Opowiedzia\u0142am o wszystkim przed kamer\u0105 z bezradno\u015bci. To by\u0142o ci\u0119\u017ckie prze\u017cycie, bo po prostu nast\u0119puje &#8222;roznegli\u017cowanie si\u0119&#8221; przed ca\u0142\u0105 Polsk\u0105, ods\u0142oni\u0119cie ca\u0142ych tych zmaga\u0144 &#8211; m\u00f3wi pani Ewa.<\/p>\n<p>Skar\u017cy\u0142a si\u0119 na b\u00f3l brzucha. Zosta\u0142a niepotrzebnie zoperowana\u00a0<\/p>\n<p>Kobieta poprosi\u0142a nas o pomoc, gdy\u017c lekarze nie widzieli swojej winy. Ona, schorowana, by\u0142a bezradna i bez \u015brodk\u00f3w do \u017cycia.<\/p>\n<p>\u00a0<\/p>\n<p>K\u0142opoty pani Ewy zacz\u0119\u0142y si\u0119 we wrze\u015bniu ubieg\u0142ego roku. Z powodu b\u00f3lu brzucha trafi\u0142a do Szpitala Specjalistycznego w Radomiu. Po kilku badaniach lekarze stwierdzili, \u017ce jej stan jest ci\u0119\u017cki i skierowali na piln\u0105 operacj\u0119 w Warszawie.<\/p>\n<p>\u00a0<\/p>\n<p>&#8211; Przyszed\u0142 lekarz i powiedzia\u0142, \u017ce wyniki s\u0105 dobre, ale &#8222;jeszcze p\u00f3jdzie pani na tomografi\u0119&#8221;, bo co\u015b wysz\u0142o nie tak. Doda\u0142, \u017ce zostan\u0119 skierowana na echo serca. Powiedzia\u0142, \u017ce mam t\u0119tniaka rozwarstwiaj\u0105cego aort\u0119, \u017ce to g\u0142\u00f3wna \u017cy\u0142a, co wchodzi do serca, mog\u0119 dosta\u0107 krwotoku i za chwil\u0119 umrze\u0107. M\u00f3wi\u0142, \u017ce stan jest bardzo ci\u0119\u017cki i mo\u017ce by\u0107 taka sytuacja, \u017ce nie prze\u017cyj\u0119 transportu do Warszawy, wi\u0119c zacz\u0119\u0142am si\u0119 \u017cegna\u0107 z m\u0119\u017cem w Radomiu &#8211; relacjonuje Ewa Pasik.<\/p>\n<p>\u00a0<\/p>\n<p>ZOBACZ: <a href=\"https:\/\/www.polsatnews.pl\/wiadomosc\/2025-10-13\/100-proc-pensji-na-chorobowym-polacy-nie-znaja-tych-wyjatkow-a-moga-sporo-zyskac\/\" rel=\"nofollow noopener\" target=\"_blank\">100 proc. pensji na zwolnieniu lekarskim? W tych przypadkach Polacy mog\u0105 sporo zyska\u0107<\/a><\/p>\n<p>\u00a0<\/p>\n<p>Pacjentka zosta\u0142a przywieziona karetk\u0105 do Warszawy, gdzie czeka\u0142 ju\u017c zesp\u00f3\u0142 lekarzy, by przeprowadzi\u0107 operacj\u0119. Po operacji pani Ewa i jej rodzina prze\u017cyli szok. Okaza\u0142o si\u0119, \u017ce operacja nie by\u0142a potrzebna. A skutki niepotrzebnie przeprowadzonej operacji odczuwa do dzi\u015b.<\/p>\n<p>\u00a0<\/p>\n<p>&#8211; Szok, przy wypisie u\u015bwiadomili nas ze operacja by\u0142a niepotrzebna, sami zszokowani byli. Lekarz powiedzia\u0142, \u017ce jak pracuje 23 lata w szpitalu, to on pierwszy raz widzi taki przypadek &#8211; m\u00f3wi Dariusz Pasik, m\u0105\u017c pani Ewy.<\/p>\n<p>\u00a0<\/p>\n<p>&#8211; B\u0142\u0119dy si\u0119gaj\u0105 ju\u017c wywiadu, jaki zosta\u0142 sporz\u0105dzony z pani\u0105 Ew\u0105. Wywiad w dokumentacji pochodzi od zupe\u0142nie innej osoby. Pojawia si\u0119 w nim migotanie przedsionk\u00f3w. Moja klientka nigdy nie cierpia\u0142a na migotanie przedsionk\u00f3w, inna sprawa to blizna na brzuchu, przepuklina z blizn\u0105. Nie by\u0142o \u017cadnej blizny. S\u0105 inne wyniki bada\u0144, od zupe\u0142nie innej osoby &#8211; przekonuje Grzegorz G\u0119bski adwokat pani Ewy.<\/p>\n<p>\u00a0<\/p>\n<p>&#8211; Nigdy nie by\u0142am operowana, troje dzieci urodzi\u0142am si\u0142ami natury, nie mia\u0142am ci\u0119cia cesarskiego &#8211; dodaje Ewa Pasik.<\/p>\n<p>Reporta\u017c &#8222;Interwencji&#8221; przyni\u00f3s\u0142 efekt. Wkr\u00f3tce kolejny zabieg<\/p>\n<p>Dziennikarze &#8222;Interwencji&#8221; pr\u00f3bowali porozmawia\u0107 ze szpitalami, ale tylko jeden odpowiedzia\u0142 i to mailowo.\u00a0<\/p>\n<p>\u00a0<\/p>\n<p>&#8222;Nadmieniamy, \u017ce samo podejrzenie rozwarstwienia aorty by\u0142o bezwzgl\u0119dnym wskazaniem do przekazania Pacjentki do wy\u017cszego o\u015brodka referencyjnego, w kt\u00f3rym podj\u0119to decyzj\u0119 o zastosowaniu leczenia kardiochirurgicznego&#8221; &#8211; przekaza\u0142 Radomski Szpital Specjalistyczny im. dr. Tytusa Cha\u0142ubi\u0144skiego.<\/p>\n<p>\u00a0<\/p>\n<p>O zachowaniu lekarzy natychmiast zosta\u0142 poinformowany rzecznik odpowiedzialno\u015bci zawodowej, prokuratura oraz s\u0105d.<\/p>\n<p>\u00a0<\/p>\n<p>&#8211; Wp\u0142yn\u0105\u0142 pozew, w kt\u00f3rym warto\u015b\u0107 przedmiotu sporu opiewa na kwot\u0119 ponad 2 mln z\u0142. Chodzi o zado\u015b\u0107uczynienie, odszkodowanie i rent\u0119. Aktualnie sprawa jest na wst\u0119pnym etapie post\u0119powania &#8211; informuje Renata Kr\u00f3l z S\u0105du Okr\u0119gowego w Radomiu.<\/p>\n<p>\u00a0<\/p>\n<p>ZOBACZ: <a href=\"https:\/\/www.polsatnews.pl\/wiadomosc\/2026-01-13\/przez-cztery-dni-nikt-nie-zajrzal-pod-opatrunek-skonczylo-sie-amputacja\/\" rel=\"nofollow noopener\" target=\"_blank\">Przez cztery dni nikt nie zajrza\u0142 pod opatrunek. Sko\u0144czy\u0142o si\u0119 amputacj\u0105<\/a><\/p>\n<p>\u00a0<\/p>\n<p>Po emisji reporta\u017cu s\u0105d w Radomiu bardzo szybko przyzna\u0142 rent\u0119 pani Ewie.<\/p>\n<p>\u00a0<\/p>\n<p>&#8211; Bardzo dzi\u0119kuj\u0119, \u017ce pani redaktor i telewizja Polsat jeste\u015bcie zainteresowani spraw\u0105 pani Ewy Pasik. Zosta\u0142 wyznaczony termin posiedzenia i pani Ewa krok po kroku mog\u0142a opisa\u0107, co si\u0119 wydarzy\u0142o od momentu przyj\u0119cia jej do pierwszego szpitala poprzez przekazanie do drugiego szpitala w Warszawie &#8211; opowiada Grzegorz G\u0119bski adwokat pani Ewy.<\/p>\n<p>\u00a0<\/p>\n<p>&#8211; Bardzo si\u0119 ucieszy\u0142am, bo przynajmniej c\u00f3rka b\u0119dzie mia\u0142a \u015brodki na leczenie, na rehabilitacj\u0119, na leki. Przede wszystkim na rehabilitacj\u0119, \u017ceby mog\u0142a doj\u015b\u0107 do siebie &#8211; m\u00f3wi pani Danuta, mama pani Ewy.<\/p>\n<p>Interweniowa\u0142 Rzecznik Praw Pacjenta. &#8222;Dokumentacji w\u0142a\u015bciwie nie by\u0142o&#8221;<\/p>\n<p>Szereg nieprawid\u0142owo\u015bci zauwa\u017cy\u0142 te\u017c Rzecznik Praw Pacjenta.\u00a0<\/p>\n<p>\u00a0<\/p>\n<p>&#8211; Szpital niew\u0142a\u015bciwie informowa\u0142 pacjentk\u0119 o tym, co si\u0119 dzieje, ona w\u0142a\u015bciwie nie wiedzia\u0142a nic. Wytworzona w tym podmiocie dokumentacja medyczna pozostawia\u0142a wiele do \u017cyczenia, a w\u0142a\u015bciwie jej nie by\u0142o w niekt\u00f3rych aspektach. Dlatego wsp\u00f3\u0142pracujemy z prokuratur\u0105 &#8211; t\u0142umaczy Urszula Rygowska-Nastulak z Biura Rzecznika Praw Pacjenta.<\/p>\n<p>\u00a0<\/p>\n<p>Pe\u0142ny materia\u0142 wideo &#8222;Interwencji&#8221; mo\u017cna obejrze\u0107 <a href=\"https:\/\/interwencja.polsatnews.pl\/reportaz\/2026-01-14\/zoperowali-nie-te-osobe-teraz-pania-ewe-czeka-kolejny-zabieg\/\" rel=\"nofollow noopener\" target=\"_blank\">TUTAJ<\/a>.\u00a0<\/p>\n<p>\u00a0<\/p>\n<p>Pani\u0105 Ew\u0119 czeka rekonstrukcja klatki piersiowej, bo niepotrzebnie przeprowadzon\u0105 operacj\u0119 trzeba b\u0119dzie poprawi\u0107. Min\u0105 lata, zanim zako\u0144czy si\u0119 proces o zado\u015b\u0107uczynienie i odszkodowanie, ale pani Ewa m\u00f3wi, \u017ce zacz\u0119\u0142a w ko\u0144cu wierzy\u0107 w sprawiedliwo\u015b\u0107. Uzyskana renta pomo\u017ce jej spe\u0142ni\u0107 jedyne marzenia, jakie ma matka trojga dzieci.<\/p>\n<p>\u00a0<\/p>\n<p>&#8211; Moim jedynym marzeniem jest to, \u017ceby by\u0107 zdrowa i \u017ceby m\u00f3c pomoc dzieciom, nic wi\u0119cej nie jest mi do szcz\u0119\u015bcia potrzebne. Je\u017celi b\u0119d\u0119 mia\u0142a zdrowie, sobie sama ze wszystkim poradz\u0119 &#8211; podsumowuje.<\/p>\n<p>\u00a0<\/p>\n<p>\u00a0<\/p>\n<p>\u00a0<\/p>\n<p>Widzia\u0142e\u015b co\u015b wa\u017cnego? Przy\u015blij zdj\u0119cie, film lub napisz, co si\u0119 sta\u0142o. Skorzystaj z naszej <a href=\"https:\/\/www.polsatnews.pl\/platforma-widzow\/\" target=\"_blank\" rel=\"noopener noreferrer nofollow\">Wrzutni<\/a><\/p>\n<p>                <img decoding=\"async\" src=\"https:\/\/www.europesays.com\/pl\/wp-content\/uploads\/2026\/01\/2pvyv1ma4n1fqbcxqtop4shz1qbt3v4x.jpg\" alt=\"\" itemprop=\"contentUrl\" style=\"position:absolute; width: 100%; max-height: 100%;\"\/><video controls=\"\" controlslist=\"nodownload\" poster=\"https:\/\/www.europesays.com\/pl\/wp-content\/uploads\/2026\/01\/2pvyv1ma4n1fqbcxqtop4shz1qbt3v4x.jpg\" class=\"videoPlayer player6856763 news__video\" data-id=\"6856763\">Twoja przegl\u0105darka nie wspiera odtwarzacza wideo&#8230;<\/video><\/p>\n<p>&#13;<br \/>\n                    \t\t\t\t\t\t\t\t\t\t\t\t\tred.&#13;<br \/>\n\t\t\t\t\/\t\t\t\t\t\t&#8222;Interwencja&#8221;&#13;<br \/>\n\t\t\t\t\t&#13;\n                \t<\/p>\n<p>                <a class=\"news__read-more-button\" href=\"https:\/\/www.polsatnews.pl\/\" rel=\"nofollow noopener\" target=\"_blank\">Czytaj wi\u0119cej<\/a><\/p>\n","protected":false},"excerpt":{"rendered":"43-letnia pani Ewa spod Radomia jeszcze trzy lata temu by\u0142a naczelniczk\u0105 poczty. Niestety z dnia na dzie\u0144 sta\u0142a&hellip;\n","protected":false},"author":2,"featured_media":204962,"comment_status":"","ping_status":"","sticky":false,"template":"","format":"standard","meta":{"footnotes":""},"categories":[16],"tags":[113,112,42,38,40,39,41],"class_list":{"0":"post-204961","1":"post","2":"type-post","3":"status-publish","4":"format-standard","5":"has-post-thumbnail","7":"category-biznes","8":"tag-biznes","9":"tag-business","10":"tag-pl","11":"tag-poland","12":"tag-polish","13":"tag-polska","14":"tag-polski"},"share_on_mastodon":{"url":"https:\/\/pubeurope.com\/@pl\/115895170866000298","error":""},"_links":{"self":[{"href":"https:\/\/www.europesays.com\/pl\/wp-json\/wp\/v2\/posts\/204961","targetHints":{"allow":["GET"]}}],"collection":[{"href":"https:\/\/www.europesays.com\/pl\/wp-json\/wp\/v2\/posts"}],"about":[{"href":"https:\/\/www.europesays.com\/pl\/wp-json\/wp\/v2\/types\/post"}],"author":[{"embeddable":true,"href":"https:\/\/www.europesays.com\/pl\/wp-json\/wp\/v2\/users\/2"}],"replies":[{"embeddable":true,"href":"https:\/\/www.europesays.com\/pl\/wp-json\/wp\/v2\/comments?post=204961"}],"version-history":[{"count":0,"href":"https:\/\/www.europesays.com\/pl\/wp-json\/wp\/v2\/posts\/204961\/revisions"}],"wp:featuredmedia":[{"embeddable":true,"href":"https:\/\/www.europesays.com\/pl\/wp-json\/wp\/v2\/media\/204962"}],"wp:attachment":[{"href":"https:\/\/www.europesays.com\/pl\/wp-json\/wp\/v2\/media?parent=204961"}],"wp:term":[{"taxonomy":"category","embeddable":true,"href":"https:\/\/www.europesays.com\/pl\/wp-json\/wp\/v2\/categories?post=204961"},{"taxonomy":"post_tag","embeddable":true,"href":"https:\/\/www.europesays.com\/pl\/wp-json\/wp\/v2\/tags?post=204961"}],"curies":[{"name":"wp","href":"https:\/\/api.w.org\/{rel}","templated":true}]}}