{"id":205001,"date":"2026-01-14T20:05:09","date_gmt":"2026-01-14T20:05:09","guid":{"rendered":"https:\/\/www.europesays.com\/pl\/205001\/"},"modified":"2026-01-14T20:05:09","modified_gmt":"2026-01-14T20:05:09","slug":"zainteresowanie-z-kraju-i-zagranicy-minister-mowi-o-sprzedazy-polska-press","status":"publish","type":"post","link":"https:\/\/www.europesays.com\/pl\/205001\/","title":{"rendered":"&#8222;Zainteresowanie z kraju i zagranicy&#8221;. Minister m\u00f3wi o sprzeda\u017cy Polska Press"},"content":{"rendered":"<p>Szef MAP Wojciech Balczun poinformowa\u0142, \u017ce nale\u017c\u0105ce do Orlenu wydawnictwo Polska Press budzi zainteresowanie zar\u00f3wno na rynku krajowym, jak i\u00a0zagranicznym. Mimo to, proces sprzeda\u017cy nie jest zaawansowany.<\/p>\n<p>Zatrudnia 10\u00a0tys. os\u00f3b. M\u00f3wi, jak rozwi\u0105za\u0107 problem um\u00f3w <\/p>\n<p>Ireneusz F\u0105fara, prezes Orlenu, ju\u017c wcze\u015bniej m\u00f3wi\u0142, \u017ce Polska Press przechodzi restrukturyzacj\u0119. G\u0142\u00f3wnym celem jest poprawa kondycji finansowej poprzez obni\u017cenie koszt\u00f3w i\u00a0zwi\u0119kszenie przychod\u00f3w. Zako\u0144czenie tego procesu mog\u0142oby pozwoli\u0107 na lepsze przygotowanie wydawnictwa do sprzeda\u017cy na rynku.<\/p>\n<p>Orlen kupi\u0142 Polska Press od niemieckiej sp\u00f3\u0142ki Verlagsgruppe Passau za 210 mln z\u0142 na pocz\u0105tku 2021 r. Przychody Polska Press w\u00a02024 r. spad\u0142y o\u00a0ponad 25 proc. do poziomu 263,11 mln z\u0142, a\u00a0strata netto wzros\u0142a do 82,13 mln z\u0142. Zatrudnienie r\u00f3wnie\u017c si\u0119 zmniejszy\u0142o o\u00a09,7 proc. do 1351 pracownik\u00f3w.<\/p>\n<p>\u0179r\u00f3d\u0142o: wirtualnemedia.pl, tok fm<\/p>\n","protected":false},"excerpt":{"rendered":"Szef MAP Wojciech Balczun poinformowa\u0142, \u017ce nale\u017c\u0105ce do Orlenu wydawnictwo Polska Press budzi zainteresowanie zar\u00f3wno na rynku krajowym,&hellip;\n","protected":false},"author":2,"featured_media":205002,"comment_status":"","ping_status":"","sticky":false,"template":"","format":"standard","meta":{"footnotes":""},"categories":[16],"tags":[113,112,42,38,40,39,41],"class_list":{"0":"post-205001","1":"post","2":"type-post","3":"status-publish","4":"format-standard","5":"has-post-thumbnail","7":"category-biznes","8":"tag-biznes","9":"tag-business","10":"tag-pl","11":"tag-poland","12":"tag-polish","13":"tag-polska","14":"tag-polski"},"share_on_mastodon":{"url":"https:\/\/pubeurope.com\/@pl\/115895253459762150","error":""},"_links":{"self":[{"href":"https:\/\/www.europesays.com\/pl\/wp-json\/wp\/v2\/posts\/205001","targetHints":{"allow":["GET"]}}],"collection":[{"href":"https:\/\/www.europesays.com\/pl\/wp-json\/wp\/v2\/posts"}],"about":[{"href":"https:\/\/www.europesays.com\/pl\/wp-json\/wp\/v2\/types\/post"}],"author":[{"embeddable":true,"href":"https:\/\/www.europesays.com\/pl\/wp-json\/wp\/v2\/users\/2"}],"replies":[{"embeddable":true,"href":"https:\/\/www.europesays.com\/pl\/wp-json\/wp\/v2\/comments?post=205001"}],"version-history":[{"count":0,"href":"https:\/\/www.europesays.com\/pl\/wp-json\/wp\/v2\/posts\/205001\/revisions"}],"wp:featuredmedia":[{"embeddable":true,"href":"https:\/\/www.europesays.com\/pl\/wp-json\/wp\/v2\/media\/205002"}],"wp:attachment":[{"href":"https:\/\/www.europesays.com\/pl\/wp-json\/wp\/v2\/media?parent=205001"}],"wp:term":[{"taxonomy":"category","embeddable":true,"href":"https:\/\/www.europesays.com\/pl\/wp-json\/wp\/v2\/categories?post=205001"},{"taxonomy":"post_tag","embeddable":true,"href":"https:\/\/www.europesays.com\/pl\/wp-json\/wp\/v2\/tags?post=205001"}],"curies":[{"name":"wp","href":"https:\/\/api.w.org\/{rel}","templated":true}]}}