{"id":205062,"date":"2026-01-14T20:37:12","date_gmt":"2026-01-14T20:37:12","guid":{"rendered":"https:\/\/www.europesays.com\/pl\/205062\/"},"modified":"2026-01-14T20:37:12","modified_gmt":"2026-01-14T20:37:12","slug":"pajor-sprowadzona-na-ziemie-popis-barcelony-w-hicie-polka-byla-tlem","status":"publish","type":"post","link":"https:\/\/www.europesays.com\/pl\/205062\/","title":{"rendered":"Pajor sprowadzona na ziemi\u0119. Popis Barcelony w hicie, Polka by\u0142a t\u0142em"},"content":{"rendered":"<p class=\"typography ids-typeset-body ids-typeset-body--preset-large link paragraph ids-paragraph ids-paragraph--default\">Dzi\u0119ki fenomenalnej prezencji kapitan reprezentacji Polski umocni\u0142a swoj\u0105 pozycj\u0119 na czele klasyfikacji strzelczy\u0144 obecnego sezonu hiszpa\u0144skiej Ligi F.\u00a0Pajor ma na swoim koncie 15 goli, natomiast znajduj\u0105ca si\u0119 za jej plecami Claudia Pina zgromadzi\u0142a dotychczas 11 celnych trafie\u0144.<\/p>\n<p class=\"typography ids-typeset-body ids-typeset-body--preset-large link paragraph ids-paragraph ids-paragraph--default\">Szans\u0119 na powi\u0119kszenie swojego dorobku strzeleckiego napastniczka z kraju nad Wis\u0142\u0105 dosta\u0142a ju\u017c 14 stycznia. Tego dnia FC Barcelona rozegra\u0142a bowiem kolejne ligowe starcie. Tym razem kobieca dru\u017cyna &#8222;Dumy Katalonii&#8221; zmierzy\u0142a si\u0119 z damsk\u0105 ekip\u0105 Atletico Madryt, a wi\u0119c 4. dru\u017cyn\u0105 Ligi F.<\/p>\n<p>Atletico wytrwa\u0142o raptem 4. minuty. Koncert Barcelony i cofni\u0119ta bramka Pajor w pierwszej po\u0142owie<\/p>\n<p class=\"typography ids-typeset-body ids-typeset-body--preset-large link paragraph ids-paragraph ids-paragraph--default\">Na pierwsz\u0105 bramk\u0119 w tym spotkaniu nie trzeba by\u0142o czeka\u0107 przesadnie d\u0142ugo. Ju\u017c w 4. minucie, po serii b\u0142\u0119d\u00f3w linii defensywnej, pi\u0142ka trafi\u0142a pod nogi Alexii Putellas. Hiszpanka wykorzysta\u0142a luk\u0119 w obronie, posy\u0142aj\u0105c futbol\u00f3wk\u0119 w kierunku dalszego s\u0142upka.\u00a0Lola Gallardo nie da\u0142a rady dosi\u0119gn\u0105\u0107 precyzyjnie pos\u0142anej pi\u0142ki.<\/p>\n<p class=\"typography ids-typeset-body ids-typeset-body--preset-large link paragraph ids-paragraph ids-paragraph--default\">Ci, kt\u00f3rzy uwa\u017cnie \u015bledz\u0105 poczynania damskiej ekipy Barcelony wiedz\u0105, \u017ce jednobramkowe prowadzenie absolutnie nie zaspokaja apetyt\u00f3w podopiecznych Pere Romeu. Dalsze minuty spotkania up\u0142ywa\u0142y wi\u0119c pod znakiem pe\u0142nej dominacji katalo\u0144skich zawodniczek.<\/p>\n<p class=\"typography ids-typeset-body ids-typeset-body--preset-large link paragraph ids-paragraph ids-paragraph--default\">Naciski ponownie op\u0142aci\u0142y si\u0119 w 13. minucie spotkania. To w\u0142a\u015bnie wtedy pi\u0142ka trafi\u0142a pod nogi Claudii Piny. Skrzyd\u0142owa &#8222;Dumy Katalonii&#8221; mia\u0142a kilka metr\u00f3w wolnej przestrzeni przed polem karnym. Postanowi\u0142a wykorzysta\u0107 je w najlepszy mo\u017cliwy spos\u00f3b &#8211; zdobywaj\u0105c przepi\u0119knej urody gola z dystansu. Tym sposobem, w do\u015b\u0107 wczesnej fazie spotkania, Barcelona prowadzi\u0142a ju\u017c wynikiem 2:0.<\/p>\n<p class=\"typography ids-typeset-body ids-typeset-body--preset-large link paragraph ids-paragraph ids-paragraph--default\">W przeciwie\u0144stwie do poprzedniego meczu, w pierwszej po\u0142owie starcia z Atletico Ewa Pajor by\u0142a mocno niewidoczna. Pi\u0142ka, kr\u0105\u017c\u0105ca do\u015b\u0107 cz\u0119sto w ataku katalo\u0144skich pi\u0142karek, ewidentnie nie chcia\u0142a szuka\u0107 tego dnia polskiej napastniczki. Tu\u017c przed przerw\u0105 Pajor wreszcie znalaz\u0142a si\u0119 w dogodnej okazji do zdobycia bramki. Napastniczka otrzyma\u0142a podanie, kt\u00f3re umo\u017cliwi\u0142o jej wyj\u015bcie sam na sam z bramkark\u0105. Ostatecznie Polka zako\u0144czy\u0142a sw\u00f3j rajd golem, jednak chwil\u0119 p\u00f3\u017aniej arbiter podnios\u0142a chor\u0105giewk\u0119, sygnalizuj\u0105c pozycj\u0119 spalon\u0105. Szybka analiza VAR nie pozostawi\u0142a w\u0105tpliwo\u015bci &#8211; bramka Pajor zosta\u0142a anulowana. Tu\u017c po tym zdarzeniu arbiter zaprosi\u0142a pi\u0142karki obu zespo\u0142\u00f3w do szatni.<\/p>\n<p>Strzelecka niemoc Pajor trwa\u0142a w najlepsze. Nie przeszkodzi\u0142o to jednak w imponuj\u0105cym zwyci\u0119stwie<\/p>\n<p class=\"typography ids-typeset-body ids-typeset-body--preset-large link paragraph ids-paragraph ids-paragraph--default\">Obraz gry nie zmieni\u0142 si\u0119 zbytnio w drugiej ods\u0142onie spotkania. Inicjatywa w dalszym ci\u0105gu by\u0142a po stronie zawodniczek Barcelony. Niestety, ich celowniki zdawa\u0142y si\u0119 tego dnia nieco rozregulowane. Idealnym przyk\u0142adem powy\u017cszej tezy by\u0142a akcja z 52. minuty. W\u00f3wczas Ewa Pajor znalaz\u0142a si\u0119 z pi\u0142k\u0105 raptem kilka metr\u00f3w od bramki. Zazwyczaj tego typu sytuacje ko\u0144czy\u0142y si\u0119 golem dla polskiej snajperki. Tym razem futbol\u00f3wka pos\u0142ana zosta\u0142a jednak wysoko nad poprzeczk\u0119.<\/p>\n<p class=\"typography ids-typeset-body ids-typeset-body--preset-large link paragraph ids-paragraph ids-paragraph--default\">Powsta\u0142y impas przerwa\u0142a dopiero Esmee Brugts. Holenderka wyczeka\u0142a moment, w kt\u00f3rym rywalki pope\u0142ni\u0142y b\u0142\u0105d we w\u0142asnym polu karnym. Wyko\u0144czenie tej akcji by\u0142o ju\u017c tylko formalno\u015bci\u0105. Kilkana\u015bcie minut p\u00f3\u017aniej swoj\u0105 drug\u0105 bramk\u0119 zdoby\u0142a natomiast Claudia Pina. Hiszpanka wpisa\u0142a si\u0119 na list\u0119 strzelczy\u0144 dzi\u0119ki dobrej pr\u00f3bie strzeleckiej Ewy Pajor. Interweniuj\u0105ca golkiperka nie by\u0142a w stanie z\u0142apa\u0107 mocno uderzonej pi\u0142ki. Ta spad\u0142a pod nogi Piny, kt\u00f3ra dope\u0142ni\u0142a formalno\u015bci. Kilka minut p\u00f3\u017aniej strzelczyni gola opu\u015bci\u0142a plac gry. Trener zdecydowa\u0142 si\u0119 wpu\u015bci\u0107 w jej miejsce Salm\u0119 Paralluelo. 22-latka odp\u0142aci\u0142a mu si\u0119 trafieniem do bramki, kt\u00f3re ostatecznie dobi\u0142o rywalki. Przy golu Paralluelo powi\u0119kszy\u0142 si\u0119 tak\u017ce dorobek Ewy Pajor, kt\u00f3ra zaliczy\u0142a asyst\u0119.<\/p>\n<p class=\"typography ids-typeset-body ids-typeset-body--preset-large link paragraph ids-paragraph ids-paragraph--default\">A\u017c do ostatnich minut meczu polska napastniczka nie potrafi\u0142a prze\u0142ama\u0107 swojej strzeleckiej niemocy. Na szcz\u0119\u015bcie, indolencja Pajor nie wp\u0142yn\u0119\u0142a w \u017caden spos\u00f3b na wynik spotkania. FC Barcelona pewnie pokona\u0142a Atletico Madryt, umacniaj\u0105c si\u0119 tym samym na pozycji liderek hiszpa\u0144skiej ekstraklasy.<\/p>\n<ul class=\"typography ids-typeset-text ids-typeset-text--preset-small list--article-list ids-list ids-list--unordered ids-list--size-small \" datatype=\"disc\">\n<li class=\"ids-list-item ids-list-item__content brief-list-item\"><a class=\"ids-undecorated-link link ids-link \" data-spons=\"false\" href=\"https:\/\/sport.interia.pl\/pilka-nozna\/akademia-mlodego-pilkarza\/news-trening-w-mrozie-to-nic-strasznego-choc-czasem-warto-odpusci,nId,22508961\" rel=\"nofollow noopener\" target=\"_blank\">Trening w mrozie? To nic strasznego, cho\u0107 czasem warto odpu\u015bci\u0107<\/a><\/li>\n<li class=\"ids-list-item ids-list-item__content brief-list-item\"><a class=\"ids-undecorated-link link ids-link \" data-spons=\"false\" href=\"https:\/\/sport.interia.pl\/pilka-nozna\/reprezentacja-polski\/news-urban-juz-wydal-wyrok-ws-pietuszewskiego-nie-wahal-sie-poszl,nId,22508949\" rel=\"nofollow noopener\" target=\"_blank\">Urban ju\u017c wyda\u0142 wyrok ws. Pietuszewskiego. Nie waha\u0142 si\u0119, posz\u0142o o transfer<\/a><\/li>\n<\/ul>\n<p><img decoding=\"async\" class=\"ids-image-holder__img\" loading=\"lazy\" alt=\"Zawodniczka pi\u0142ki no\u017cnej w stroju FC Barcelona wykonuje gest wskazuj\u0105cy podczas meczu, w tle widoczne zamazane sylwetki innych zawodniczek i trybuny.\" title=\"Ewa Pajor\" width=\"2000\" height=\"1333\" src=\"https:\/\/www.europesays.com\/pl\/wp-content\/uploads\/2026\/01\/000M63SL3TSMNHHY-C323-F4.webp.webp\"\/><\/p>\n<p>Ewa PajorCarla Botica\/ShutterstockEast News<\/p>\n<p><img decoding=\"async\" class=\"ids-image-holder__img\" loading=\"lazy\" alt=\"Ewa Pajor\" title=\"Ewa Pajor\" width=\"1200\" height=\"831\" src=\"https:\/\/www.europesays.com\/pl\/wp-content\/uploads\/2026\/01\/000L38HOF6OT59UI-C323-F4.webp.webp\"\/><\/p>\n<p>Ewa PajorFILIPE AMORIM \/ AFPAFP<\/p>\n<p><img decoding=\"async\" class=\"ids-image-holder__img\" loading=\"lazy\" alt=\"Pi\u0142karka w stroju klubowym biegnie z pi\u0142k\u0105 po zielonej murawie stadionu, w tle widoczne rozmyte flagi kibic\u00f3w.\" title=\"Claudia Pina\" width=\"3442\" height=\"2295\" src=\"https:\/\/www.europesays.com\/pl\/wp-content\/uploads\/2026\/01\/000M7870YGGV4UYA-C323-F4.webp.webp\"\/><\/p>\n<p>Claudia PinaEric AlonsoGetty Images<\/p>\n<p>Pi\u0142karska analiza Pauliny Czarnoty-Bojarskiej (10.01.2026) WIDEOINTERIA.PL<\/p>\n<p><a class=\"ids-undecorated-link source ids-page-info--source__link\" href=\"https:\/\/www.interia.pl\" rel=\"nofollow noopener\" target=\"_blank\"><img decoding=\"async\" class=\"ids-image-holder__img\" loading=\"lazy\" alt=\"\" title=\"\" height=\"24px\" src=\"https:\/\/www.europesays.com\/pl\/wp-content\/uploads\/2026\/01\/1768417092_915_0009A60QQ5I2TYF7-C202-F4.webp.webp\"\/><\/a><\/p>\n<p>Masz sugestie, uwagi albo widzisz b\u0142\u0105d? Napisz do nas<\/p>\n","protected":false},"excerpt":{"rendered":"Dzi\u0119ki fenomenalnej prezencji kapitan reprezentacji Polski umocni\u0142a swoj\u0105 pozycj\u0119 na czele klasyfikacji strzelczy\u0144 obecnego sezonu hiszpa\u0144skiej Ligi F.\u00a0Pajor&hellip;\n","protected":false},"author":2,"featured_media":103304,"comment_status":"","ping_status":"","sticky":false,"template":"","format":"standard","meta":{"footnotes":""},"categories":[24],"tags":[42,38,40,39,41,127,126],"class_list":{"0":"post-205062","1":"post","2":"type-post","3":"status-publish","4":"format-standard","5":"has-post-thumbnail","7":"category-sport","8":"tag-pl","9":"tag-poland","10":"tag-polish","11":"tag-polska","12":"tag-polski","13":"tag-sport","14":"tag-sports"},"share_on_mastodon":{"url":"https:\/\/pubeurope.com\/@pl\/115895379381809721","error":""},"_links":{"self":[{"href":"https:\/\/www.europesays.com\/pl\/wp-json\/wp\/v2\/posts\/205062","targetHints":{"allow":["GET"]}}],"collection":[{"href":"https:\/\/www.europesays.com\/pl\/wp-json\/wp\/v2\/posts"}],"about":[{"href":"https:\/\/www.europesays.com\/pl\/wp-json\/wp\/v2\/types\/post"}],"author":[{"embeddable":true,"href":"https:\/\/www.europesays.com\/pl\/wp-json\/wp\/v2\/users\/2"}],"replies":[{"embeddable":true,"href":"https:\/\/www.europesays.com\/pl\/wp-json\/wp\/v2\/comments?post=205062"}],"version-history":[{"count":0,"href":"https:\/\/www.europesays.com\/pl\/wp-json\/wp\/v2\/posts\/205062\/revisions"}],"wp:featuredmedia":[{"embeddable":true,"href":"https:\/\/www.europesays.com\/pl\/wp-json\/wp\/v2\/media\/103304"}],"wp:attachment":[{"href":"https:\/\/www.europesays.com\/pl\/wp-json\/wp\/v2\/media?parent=205062"}],"wp:term":[{"taxonomy":"category","embeddable":true,"href":"https:\/\/www.europesays.com\/pl\/wp-json\/wp\/v2\/categories?post=205062"},{"taxonomy":"post_tag","embeddable":true,"href":"https:\/\/www.europesays.com\/pl\/wp-json\/wp\/v2\/tags?post=205062"}],"curies":[{"name":"wp","href":"https:\/\/api.w.org\/{rel}","templated":true}]}}